{"id":714,"date":"2024-09-18T04:16:44","date_gmt":"2024-09-18T04:16:44","guid":{"rendered":"https:\/\/localtrekkersperu.com\/ausangate-plus-trek-de-la-montagne-arc-en-ciel-6-jours-et-5-nuits-copy\/"},"modified":"2025-11-08T23:30:44","modified_gmt":"2025-11-08T23:30:44","slug":"ausangate-plus-trek-de-la-montagne-arc-en-ciel-7-juors-et-6-nuits","status":"publish","type":"post","link":"https:\/\/localtrekkersperu.com\/fr\/ausangate-plus-trek-de-la-montagne-arc-en-ciel-7-juors-et-6-nuits\/","title":{"rendered":"Ausangate plus Trek de la Montagne Arc-en-Ciel 7 Juors et 6 Nuits"},"content":{"rendered":"\n<div class=\"wp-block-columns is-layout-flex wp-container-core-columns-is-layout-9d6595d7 wp-block-columns-is-layout-flex\">\n<div class=\"wp-block-column is-layout-flow wp-block-column-is-layout-flow\" style=\"flex-basis:75%\">\n<h2 class=\"wp-block-heading\" id=\"h-trek-ausangate-montagne-arc-en-ciel-7j-6n\"><strong>TREK AUSANGATE + MONTAGNE ARC-EN-CIEL 7J\/6N<\/strong><\/h2>\n\n\n    <div class=\"leer-mas-box\">\n        <!-- Escritorio: siempre texto completo -->\n        <div class=\"hidden md:block\">\n            <\/p>\n\n\n\n<p><strong>Le mont Ausangate<\/strong>\u00a0est la plus haute montagne de la r\u00e9gion de Cusco, avec une altitude de 6 384 m. ou 20944 est une montagne de la cha\u00eene de montagnes Vilcanota\u00a0au P\u00e9rou.<\/p>\n\n\n\n<p>Situ\u00e9 \u00e0 environ 100 kilom\u00e8tres au sud-est de Cusco dans la r\u00e9gion de\u00a0Cusco, l&rsquo;Ausangate Trek pour la plupart des randonneurs est la randonn\u00e9e la plus difficile dans tout le P\u00e9rou, en raison de chaque jour vous marchez plus de 4000 masl = 13123 pieds. Jusqu&rsquo;\u00e0 atteindre le point culminant du col de l&rsquo;Ausangate 5200 masl.<\/p>\n\n\n\n<p>C&rsquo;est la randonn\u00e9e parfaite pour ceux qui aiment se lancer des d\u00e9fis, mais aussi pour ceux qui appr\u00e9cient la tranquillit\u00e9 et les paysages les plus recul\u00e9s que les Andes p\u00e9ruviennes ont \u00e0 offrir. <\/p>\n\n\n\n<p>Vous pouvez faire cette randonn\u00e9e de 6 jours aussi en 7 jours o\u00f9 en plus de visiter l&rsquo;Apu Ausangate nous visiterons aussi la Montagne Arc-en-ciel. Ne restez pas sans faire l&rsquo;Ausangate Trek profitez-en et r\u00e9servez d\u00e8s maintenant cette randonn\u00e9e, Local Trekkers P\u00e9rou vous attend !<\/p>\n\n\n<p>        <\/div>\n\n        <!-- M\u00f3vil: con ver m\u00e1s \/ ver menos -->\n        <div class=\"block md:hidden mb-6 xl:mb-0\">\n            <p class=\"text-gray-700 text-justify font-nunito mb-3 text-base\">\n                <span class=\"texto-corto\">\n\n\n\nLe mont Ausangate\u00a0est la plus haute montagne de la r\u00e9gion de Cusco, avec une altitude de 6 384 m. ou 20944 est une montagne de la cha\u00eene de montagnes Vilcanota\u00a0au P\u00e9rou.\n\n\n\nSitu\u00e9 \u00e0 environ 100 kilom\u00e8tres au sud-est de Cusco dans la r\u00e9gion de\u00a0Cusco, l&rsquo;Ausangate Trek pour la plupart des randonneurs est la randonn\u00e9e la plus difficile dans tout le P\u00e9rou, en raison de chaque jour vous marchez plus de 4000 masl = 13123 pieds. Jusqu&rsquo;\u00e0 atteindre le point culminant du <\/span>\n                <span class=\"texto-extra hidden\">col de l&rsquo;Ausangate 5200 masl.\n\n\n\nC&rsquo;est la randonn\u00e9e parfaite pour ceux qui aiment se lancer des d\u00e9fis, mais aussi pour ceux qui appr\u00e9cient la tranquillit\u00e9 et les paysages les plus recul\u00e9s que les Andes p\u00e9ruviennes ont \u00e0 offrir. \n\n\n\nVous pouvez faire cette randonn\u00e9e de 6 jours aussi en 7 jours o\u00f9 en plus de visiter l&rsquo;Apu Ausangate nous visiterons aussi la Montagne Arc-en-ciel. Ne restez pas sans faire l&rsquo;Ausangate Trek profitez-en et r\u00e9servez d\u00e8s maintenant cette randonn\u00e9e, Local Trekkers P\u00e9rou vous attend !\n\n\n<\/span>\n                <span class=\"ver-mas-toggle cursor-pointer text-blue-600 hover:underline ml-1\">\n                    Voir Plus                <\/span>\n            <\/p>\n\n        <\/div>\n    <\/div>\n\n    <script>\n    document.addEventListener(\"DOMContentLoaded\", function() {\n        document.querySelectorAll(\".leer-mas-box\").forEach(function(box) {\n            let toggle = box.querySelector(\".ver-mas-toggle\");\n            let extra = box.querySelector(\".texto-extra\");\n\n            if (toggle) {\n                let seeMore = \"Voir Plus\";\n                let seeLess = \"Voir Moins\";\n\n                toggle.addEventListener(\"click\", function() {\n                    if (extra.classList.contains(\"hidden\")) {\n                        extra.classList.remove(\"hidden\");\n                        toggle.textContent = seeLess;\n                    } else {\n                        extra.classList.add(\"hidden\");\n                        toggle.textContent = seeMore;\n                    }\n                });\n            }\n        });\n    });\n    <\/script>\n    \n\n\n\n<div class=\"bg-gray-300 border-t border-x border-gray-400 py-1\">\n\n\n                                <span class=\"block text-center text-black\">Information Utile<\/span>\n                 \n\n<\/div>\n<div class=\"flex\">\n    <div class=\"flex-1 border-y py-3 border-gray-400 border\">\n            <img decoding=\"async\" src=\"https:\/\/localtrekkersperu.com\/wp-content\/themes\/localtrekkers\/img\/icons\/location.svg\" class=\"mx-auto h-auto w-8\" alt=\"\">\n\n                                        <span class=\"block text-center mt-1 font-nunito font-semibold text-sm\">Lieux visit\u00e9s:<\/span>\n                 \n            <span class=\"block text-center text-sm font-nunito text-gray-600\">Montagne Arc-en-Ciel<\/span>\n    <\/div>\n    <div class=\"flex-1 border-y py-3 border-gray-400 border-r\">\n            <img decoding=\"async\" src=\"https:\/\/localtrekkersperu.com\/wp-content\/themes\/localtrekkers\/img\/icons\/altitude.svg\" class=\"mx-auto h-auto w-9 -mt-1\" alt=\"\">\n\n                                         <span class=\"block text-center mt-1 font-nunito font-semibold text-sm\">Altitude Initiale:<\/span>\n                 \n            <span class=\"block text-center text-sm font-nunito text-gray-600\">4400 masl = 14435 Pieds.<\/span>\n    <\/div>\n    <div class=\"flex-1 border-y py-3 border-gray-400 border-r\">\n            <img decoding=\"async\" src=\"https:\/\/localtrekkersperu.com\/wp-content\/themes\/localtrekkers\/img\/icons\/point.svg\" class=\"mx-auto h-auto w-8\" alt=\"\">\n\n                                         <span class=\"block text-center mt-1 font-nunito font-semibold text-sm\">Le Point le Plus Haut :<\/span>\n                 \n            <span class=\"block text-center text-sm font-nunito text-gray-600\">5100 masl = 16732 Pieds<\/span>\n    <\/div>\n    <div class=\"flex-1 border-y py-3 border-gray-400 border-r\">\n            <img decoding=\"async\" src=\"https:\/\/localtrekkersperu.com\/wp-content\/themes\/localtrekkers\/img\/icons\/group.svg\" class=\"mx-auto h-auto w-8\" alt=\"\">\n\n                                      <span class=\"block text-center mt-1 font-nunito font-semibold text-sm\">Groupe:<\/span>\n                 \n            <span class=\"block text-center text-sm font-nunito text-gray-600\">Minimum 2 paxs &amp; Maximum 10 paxs<\/span>\n    <\/div>\n    <div class=\"flex-1 border-y py-3 border-gray-400 border-r\">\n            <img decoding=\"async\" src=\"https:\/\/localtrekkersperu.com\/wp-content\/themes\/localtrekkers\/img\/icons\/level.svg\" class=\"mx-auto h-auto w-8\" alt=\"\">\n\n                                       <span class=\"block   text-center mt-1 font-nunito font-semibold text-sm\">Qualification physique :<\/span>\n                 \n            <span class=\"block text-center text-sm font-nunito text-gray-600\">5\/5<\/span>\n    <\/div>\n<\/div><\/div>\n\n\n\n<div class=\"wp-block-column is-layout-flow wp-block-column-is-layout-flow\" style=\"flex-basis:25%\">    \n    <div class=\"pl-1\">\n                    <div class=\"border bg-gray-100 py-4 rounded-md\">\n                <span class=\"block text-xl text-ltk2 font-extrabold text-center mb-2 uppercase font-nunito\">Ausangate plus Trek de la Montagne Arc-en-Ciel 7 Juors et 6 Nuits<\/span>\n                <hr>\n                <div class=\"px-3 text-center py-2\">\n                    <span>From <\/span><span class=\"text-3xl font-semibold text-gray-800\">$ 850 <\/span><span>USD<\/span>\n                <\/div>\n\n                <div class=\"bg-white py-2 my-6 px-4 mx-4 border\">\n                    <span class=\"block text-gray-800 mb-2 font-bold font-nunito\">Pourquoi r\u00e9server avec nous ?<\/span>\n                    <ul class=\"list-disc list-inside\">\n                        <li class=\"mb-2 text-sm border-b border-gray-100 pb-1\">Nous avons des prix comp\u00e9titifs<\/li>\n                        <li class=\"mb-2 text-sm border-b border-gray-100 pb-1\">Service client rapide \u00e0 tout moment<\/li>\n                        <li class=\"mb-2 text-sm border-b border-gray-100 pb-1\">Exp\u00e9rience garantie \u00e0 vie<\/li>\n                        <li class=\"mb-2 text-sm border-b border-gray-100 pb-1\">Nous avons une responsabilit\u00e9 sociale, nous faisons du travail social<\/li>\n                    <\/ul>\n                <\/div>\n\n                <a href=\"\/fr\/reserver-maintenant?tour=Ausangate+plus+Trek+de+la+Montagne+Arc-en-Ciel+7+Juors+et+6+Nuits\" class=\"bg-red-600 px-8 text-center mx-4 py-2 rounded-md text-white text-xl block font-bold hover:bg-red-700 uppercase transition-all delay-150\">R\u00e9servez maintenant<\/a>\n            <\/div>\n            <div class=\"mt-8\">\n                <a href=\"\/fr\/nous-contacter\/\" class=\"bg-ltk2 uppercase px-8 text-center mx-4 py-2 rounded-md text-white text-xl block font-bold hover:bg-red-700 transition-all delay-150\">CONTACTEZ-NOUS<\/a>\n            <\/div>\n            <\/div>\n    \n    \n<\/div>\n<\/div>\n\n\n\n                        \n\n<section>\n    <div class=\"swiper box-tours-swiper\">\n        <div class=\"swiper-wrapper pb-5\">\n                            <div class=\"swiper-slide\">\n                    <div class=\"bg-white p-2 border rounded-lg shadow-lg h-full\">\n                                                    <img decoding=\"async\" src=\"https:\/\/localtrekkersperu.com\/wp-content\/uploads\/2025\/09\/camping-equipment.webp\" class=\"w-full object-cover h-60 rounded-lg\" alt=\"\u00c9quipement de camping\">\n                                                <div>\n                            <h3 class=\"text-base text-center font-semibold uppercase mt-2\">\u00c9quipement de camping<\/h3>\n                            <a href=\"https:\/\/localtrekkersperu.com\/fr\/notre-equipe-du-camp\/\" class=\"bg-ltk hover:bg-gray-800 transition-all text-white py-1 rounded table mx-auto my-3 font-semibold px-8\">Voir Plus<\/a>\n                        <\/div>\n                    <\/div>\n                <\/div>\n                                <div class=\"swiper-slide\">\n                    <div class=\"bg-white p-2 border rounded-lg shadow-lg h-full\">\n                                                    <img decoding=\"async\" src=\"https:\/\/localtrekkersperu.com\/wp-content\/uploads\/2025\/09\/chefs-gastronomy.webp\" class=\"w-full object-cover h-60 rounded-lg\" alt=\"Cuisiniers et Gastronomie\">\n                                                <div>\n                            <h3 class=\"text-base text-center font-semibold uppercase mt-2\">Cuisiniers et Gastronomie<\/h3>\n                            <a href=\"https:\/\/localtrekkersperu.com\/fr\/nos-cuisiniers-gastronomie\/\" class=\"bg-ltk hover:bg-gray-800 transition-all text-white py-1 rounded table mx-auto my-3 font-semibold px-8\">Voir Plus<\/a>\n                        <\/div>\n                    <\/div>\n                <\/div>\n                                <div class=\"swiper-slide\">\n                    <div class=\"bg-white p-2 border rounded-lg shadow-lg h-full\">\n                                                    <img decoding=\"async\" src=\"https:\/\/localtrekkersperu.com\/wp-content\/uploads\/2025\/09\/our-team.webp\" class=\"w-full object-cover h-60 rounded-lg\" alt=\"Notre \u00c9quipe\">\n                                                <div>\n                            <h3 class=\"text-base text-center font-semibold uppercase mt-2\">Notre \u00c9quipe<\/h3>\n                            <a href=\"https:\/\/localtrekkersperu.com\/fr\/nos-portiers-guides\/\" class=\"bg-ltk hover:bg-gray-800 transition-all text-white py-1 rounded table mx-auto my-3 font-semibold px-8\">Voir Plus<\/a>\n                        <\/div>\n                    <\/div>\n                <\/div>\n                                <div class=\"swiper-slide\">\n                    <div class=\"bg-white p-2 border rounded-lg shadow-lg h-full\">\n                                                    <img decoding=\"async\" src=\"https:\/\/localtrekkersperu.com\/wp-content\/uploads\/2025\/09\/social-projects-scaled.webp\" class=\"w-full object-cover h-60 rounded-lg\" alt=\"Projets sociaux\">\n                                                <div>\n                            <h3 class=\"text-base text-center font-semibold uppercase mt-2\">Projets sociaux<\/h3>\n                            <a href=\"https:\/\/localtrekkersperu.com\/fr\/social-responsibilities\/\" class=\"bg-ltk hover:bg-gray-800 transition-all text-white py-1 rounded table mx-auto my-3 font-semibold px-8\">Voir Plus<\/a>\n                        <\/div>\n                    <\/div>\n                <\/div>\n                        <\/div>\n        \n        <!-- Navigation buttons -->\n        <div class=\"swiper-button-next\"><\/div>\n        <div class=\"swiper-button-prev\"><\/div>\n        \n        <!-- Pagination -->\n        <!-- <div class=\"swiper-pagination\"><\/div> -->\n    <\/div>\n<\/section>\n\n<div class=\"responsive-tabs\">\n<h2 class=\"tabtitle\">Itin\u00e9raire<\/h2>\n<div class=\"tabcontent\">\n\n\n\n\n<h2 class=\"wp-block-heading\" id=\"h-jour-01-nbsp-cusco-tinki-upis\"><strong>JOUR 01:<\/strong>&nbsp;CUSCO \u2013 TINKI \u2013 UPIS.<\/h2>\n\n\n\n<p>Nous viendrons vous chercher \u00e0 votre h\u00e9bergement \u00e0 Cusco le matin entre 4h30 et 5h00. Ensuite nous voyagerons dans notre van priv\u00e9 pendant 3 heures jusqu&rsquo;\u00e0 arriver \u00e0 Tinki (Trailhead = 3800 masl = 12467 pieds.) qui est un petit village, ici nous allons prendre notre d\u00e9licieux petit d\u00e9jeuner o\u00f9 vous aurez sur la table des boissons chaudes comme : caf\u00e9, th\u00e9 de coca, chocolat chaud, aussi vous avez des cr\u00eapes, omelettes, pain, \u0153ufs, beurre, etc. Sur la table. Apr\u00e8s le petit-d\u00e9jeuner, nous devons marcher pendant environ 4 heures pour atteindre notre premier campement, Upis (4400 masl = 14435 pieds). En chemin, nous aurons une vue magnifique sur la montagne enneig\u00e9e Ausangate, qui est la plus haute montagne de la r\u00e9gion de Cusco. Une fois arriv\u00e9s \u00e0 Upis, nous pourrons profiter de la source thermale naturelle d&rsquo;Upis avec une vue spectaculaire sur l&rsquo;Apu Ausangate. Apr\u00e8s avoir profit\u00e9 de cette source thermale, notre chef et notre cavalier nous attendront avec notre d\u00e9licieux d\u00eener. Ensuite, nos tentes et nos confortables matelas pneumatiques nous attendront pour r\u00eaver avec la Montagne Arc-en-ciel.<\/p>\n\n\n\n<h3 class=\"wp-block-heading\" id=\"h-considerations\">Consid\u00e9rations:<\/h3>\n\n\n\n<ul class=\"wp-block-list\">\n<li><strong>Distance de marche:&nbsp;<\/strong>10km = 6.2 miles<\/li>\n\n\n\n<li><strong>Altitude du campement:&nbsp;<\/strong>Upis 4400 masl.= 14435 pieds<\/li>\n\n\n\n<li><strong>Classement physique:&nbsp;<\/strong>3\/5<\/li>\n\n\n\n<li><strong>Temps:&nbsp;<\/strong>Froid.<\/li>\n<\/ul>\n\n\n\n<figure class=\"wp-block-image size-full\"><img loading=\"lazy\" decoding=\"async\" width=\"1400\" height=\"450\" src=\"https:\/\/localtrekkersperu.com\/wp-content\/uploads\/2024\/09\/image-191.webp\" alt=\"\" class=\"wp-image-5183\" title=\"Ausangate plus Trek de la Montagne Arc-en-Ciel - Local Trekkers Peru\" srcset=\"https:\/\/localtrekkersperu.com\/wp-content\/uploads\/2024\/09\/image-191.webp 1400w, https:\/\/localtrekkersperu.com\/wp-content\/uploads\/2024\/09\/image-191-300x96.webp 300w, https:\/\/localtrekkersperu.com\/wp-content\/uploads\/2024\/09\/image-191-1024x329.webp 1024w, https:\/\/localtrekkersperu.com\/wp-content\/uploads\/2024\/09\/image-191-768x247.webp 768w\" sizes=\"auto, (max-width: 1400px) 100vw, 1400px\" \/><\/figure>\n\n\n\n<h2 class=\"wp-block-heading\" id=\"h-jour-02-upis-puka-cocha-hananta-campsite\"><strong>JOUR 02<\/strong>: UPIS \u2013 PUKA COCHA \u2013 HANANTA CAMPSITE.<\/h2>\n\n\n\n<p>Apr\u00e8s notre d\u00e9licieux et nutritif petit-d\u00e9jeuner, nous devons continuer notre trek, ce jour nous marcherons pendant environ 7 heures jusqu&rsquo;\u00e0 atteindre notre deuxi\u00e8me campement (Hananta 4740 masl = 15551 pieds.) aujourd&rsquo;hui aussi, nous aurons quelques-unes des meilleures vues de la montagne enneig\u00e9e d&rsquo;Ausangate. Le long du sentier nous aurons l&rsquo;occasion de voir des petits ruisseaux, des lacs et des chutes d&rsquo;eau, nous aurons \u00e9galement l&rsquo;occasion d&rsquo;appr\u00e9cier la flore et la faune des Andes p\u00e9ruviennes, nous pourrons voir des alpagas sauvages, des vigognes, des lamas, des cochons d&rsquo;Inde, dans la flore nous observerons des eucalyptus et des pins, apr\u00e8s 3 heures de marche nous arriverons au beau lac de Puka Cocha,\u00a0o\u00f9 nous pourrons nous rafra\u00eechir et faire une pause en appr\u00e9ciant la vue et les eaux de ce beau lac. Apr\u00e8s cet arr\u00eat, nous devons continuer \u00e0 marcher pendant environ 4 heures de plus jusqu&rsquo;au prochain campement, nous arrivons \u00e0 Hananta vers 17 heures, o\u00f9 nous allons installer nos tentes, la tente-cuisine, le matelas et ainsi de suite. Apr\u00e8s une longue marche Enfin, nous allons recharger l&rsquo;\u00e9nergie avec notre grand et vari\u00e9 d\u00eener, les boissons chaudes seront disponibles.<\/p>\n\n\n\n<h3 class=\"wp-block-heading\" id=\"h-considerations-0\">Consid\u00e9rations:<\/h3>\n\n\n\n<ul class=\"wp-block-list\">\n<li><strong>Distance de marche:&nbsp;<\/strong>18km = 11 miles<\/li>\n\n\n\n<li><strong>Altitude du camping&nbsp;:&nbsp;<\/strong>Hananta 4740 masl = 15551 pieds.<\/li>\n\n\n\n<li><strong>Gradation physique:&nbsp;<\/strong>4\/5<\/li>\n\n\n\n<li><strong>Temps:&nbsp;<\/strong>Froid<\/li>\n<\/ul>\n\n\n\n<figure class=\"wp-block-image size-full\"><img loading=\"lazy\" decoding=\"async\" width=\"1400\" height=\"450\" src=\"https:\/\/localtrekkersperu.com\/wp-content\/uploads\/2024\/09\/image-192.webp\" alt=\"\" class=\"wp-image-5186\" title=\"Ausangate plus Trek de la Montagne Arc-en-Ciel - Local Trekkers Peru\" srcset=\"https:\/\/localtrekkersperu.com\/wp-content\/uploads\/2024\/09\/image-192.webp 1400w, https:\/\/localtrekkersperu.com\/wp-content\/uploads\/2024\/09\/image-192-300x96.webp 300w, https:\/\/localtrekkersperu.com\/wp-content\/uploads\/2024\/09\/image-192-1024x329.webp 1024w, https:\/\/localtrekkersperu.com\/wp-content\/uploads\/2024\/09\/image-192-768x247.webp 768w\" sizes=\"auto, (max-width: 1400px) 100vw, 1400px\" \/><\/figure>\n\n\n\n<h2 class=\"wp-block-heading\" id=\"h-jour-03-nbsp-camping-hananta-montagne-arc-en-ciel-lac-ausangate\"><strong>JOUR 03:<\/strong>&nbsp;CAMPING HANANTA &#8211; MONTAGNE ARC-EN-CIEL &#8211; LAC AUSANGATE<\/h2>\n\n\n\n<p>Ce jour, nous prendrons le petit-d\u00e9jeuner tr\u00e8s t\u00f4t le matin pour gagner du temps et atteindre l&rsquo;\u00e9tonnante montagne Arc-en-ciel avant que les visiteurs de Cusco n&rsquo;arrivent chaque jour. Ce jour-l\u00e0, nous marcherons pendant environ 8 \u00e0 9 heures au total ; pour la plupart des randonneurs, c&rsquo;est le jour le plus long et le plus difficile de tout le trek. Depuis Hananta, il faut environ 3 heures pour arriver \u00e0 la Montagne Arc-en-ciel. Une fois que nous arrivons \u00e0 la Montagne Arc-en-ciel (5100 masl = 16404 pieds), votre guide sera charg\u00e9 de vous expliquer cette \u00e9tonnante et imposante \u0153uvre d&rsquo;art cr\u00e9\u00e9e par la nature, o\u00f9 vous apprendrez le processus de formation, les min\u00e9raux naturels qui forment les couleurs de l&rsquo;arc-en-ciel dans cette montagne et tout ce qui concerne cette beaut\u00e9 du monde. Apr\u00e8s avoir pass\u00e9 1 ou 2 heures sur cette montagne, nous devons commencer le retour vers notre prochain campement au lac Ausangate (4650 masl = 15255 ft.) nous marcherons pendant environ 5 heures de plus jusqu&rsquo;\u00e0 arriver au lac Ausangate o\u00f9 notre succulent, d\u00e9licieux et vari\u00e9 d\u00eener nous attendra pour recharger toute l&rsquo;\u00e9nergie d\u00e9pens\u00e9e pendant cette longue journ\u00e9e. Puis nos tentes seront pr\u00eates pour nous r\u00e9chauffer et avoir un bon sommeil.<\/p>\n\n\n\n<h3 class=\"wp-block-heading\" id=\"h-considerations-1\">Consid\u00e9rations:<\/h3>\n\n\n\n<ul class=\"wp-block-list\">\n<li><strong>Distance de marche:&nbsp;<\/strong>24km = 15 miles<\/li>\n\n\n\n<li><strong>Altitude du campement:&nbsp;<\/strong>Upis 4650 masl = 15255 pieds<strong>.<\/strong><\/li>\n\n\n\n<li><strong>Gradation physique:&nbsp;<\/strong>5\/5<\/li>\n\n\n\n<li><strong>Temps:&nbsp;<\/strong>Froid.<\/li>\n<\/ul>\n\n\n\n<figure class=\"wp-block-image size-full\"><img loading=\"lazy\" decoding=\"async\" width=\"1400\" height=\"450\" src=\"https:\/\/localtrekkersperu.com\/wp-content\/uploads\/2024\/09\/image-193.webp\" alt=\"\" class=\"wp-image-5189\" title=\"Ausangate plus Trek de la Montagne Arc-en-Ciel - Local Trekkers Peru\" srcset=\"https:\/\/localtrekkersperu.com\/wp-content\/uploads\/2024\/09\/image-193.webp 1400w, https:\/\/localtrekkersperu.com\/wp-content\/uploads\/2024\/09\/image-193-300x96.webp 300w, https:\/\/localtrekkersperu.com\/wp-content\/uploads\/2024\/09\/image-193-1024x329.webp 1024w, https:\/\/localtrekkersperu.com\/wp-content\/uploads\/2024\/09\/image-193-768x247.webp 768w\" sizes=\"auto, (max-width: 1400px) 100vw, 1400px\" \/><\/figure>\n\n\n\n<h2 class=\"wp-block-heading\" id=\"h-jour-04-nbsp-lac-ausangate-col-palomani-jampa-pampa\"><strong>JOUR 04:<\/strong>&nbsp;LAC AUSANGATE &#8211; COL PALOMANI &#8211; JAMPA PAMPA<\/h2>\n\n\n\n<p>Ce jour, nous allons marcher pendant environ 6 heures. Apr\u00e8s le petit-d\u00e9jeuner, nous devons nous pr\u00e9parer \u00e0 nous diriger vers le col Palomani\u00a0(5200 masl = 17060 pieds). Cette journ\u00e9e sera une promenade matinale \u00e9tonnante, car nous marcherons avec la grande montagne Ausangate sur notre gauche ; nous passerons des lacs glaciaires clairs, et, si nous avons de la chance, des troupeaux d&rsquo;alpagas sauvages, de vigognes et de lamas locaux. La premi\u00e8re mont\u00e9e est jusqu&rsquo;\u00e0 atteindre le col Apacheta (4600 masl = 15091 pieds.) De l\u00e0, nous montons au col Palomani (5200 masl = 17060 pieds) ; nous avons maintenant atteint le point le plus \u00e9lev\u00e9 du trek. En traversant le col, nous serons confront\u00e9s \u00e0 des vues spectaculaires de la cha\u00eene de montagnes du sud-est, y compris les pics de Mariposa et Caracol. Depuis le col, nous suivons le sentier dans la vall\u00e9e, o\u00f9 nous nous reposerons et prendrons notre d\u00e9licieux d\u00e9jeuner. Pendant l&rsquo;apr\u00e8s-midi, nous pourrons profiter des vues sur les sommets enneig\u00e9s de Tres Picos et Puca Punta.\u00a0Puis nous continuerons \u00e0 travers la large vall\u00e9e verte de Jampa Pampa (4650 masl = 15255 pieds). Nous y passerons la nuit et notre chef nous attendra avec notre d\u00e9licieux d\u00eener chaud.<\/p>\n\n\n\n<h3 class=\"wp-block-heading\" id=\"h-considerations-2\">Consid\u00e9rations:<\/h3>\n\n\n\n<ul class=\"wp-block-list\">\n<li><strong>Distance de marche:&nbsp;<\/strong>14km = 8.6 miles<\/li>\n\n\n\n<li><strong>Altitude du campement:&nbsp;<\/strong>Jampa Pampa 4650 masl = 15255 pieds.<\/li>\n\n\n\n<li><strong>Gradation physique:&nbsp;<\/strong>4\/5<\/li>\n\n\n\n<li><strong>Temps:&nbsp;<\/strong>Froid<\/li>\n<\/ul>\n\n\n\n<figure class=\"wp-block-image size-full\"><img loading=\"lazy\" decoding=\"async\" width=\"1400\" height=\"450\" src=\"https:\/\/localtrekkersperu.com\/wp-content\/uploads\/2024\/09\/image-194.webp\" alt=\"\" class=\"wp-image-5192\" title=\"Ausangate plus Trek de la Montagne Arc-en-Ciel - Local Trekkers Peru\" srcset=\"https:\/\/localtrekkersperu.com\/wp-content\/uploads\/2024\/09\/image-194.webp 1400w, https:\/\/localtrekkersperu.com\/wp-content\/uploads\/2024\/09\/image-194-300x96.webp 300w, https:\/\/localtrekkersperu.com\/wp-content\/uploads\/2024\/09\/image-194-1024x329.webp 1024w, https:\/\/localtrekkersperu.com\/wp-content\/uploads\/2024\/09\/image-194-768x247.webp 768w\" sizes=\"auto, (max-width: 1400px) 100vw, 1400px\" \/><\/figure>\n\n\n\n<h2 class=\"wp-block-heading\" id=\"h-jour-05-nbsp-jampa-pampa-col-jampa-pacchanta\"><strong>JOUR 05:<\/strong>&nbsp;JAMPA PAMPA &#8211; COL JAMPA &#8211; PACCHANTA<\/h2>\n\n\n\n<p>Apr\u00e8s avoir travers\u00e9 la petite communaut\u00e9 de Jampa, nous nous dirigerons vers le nord-ouest jusqu&rsquo;au dernier col de cette randonn\u00e9e, le col de Jampa (5005 masl = 16420 pieds). Nous verrons plusieurs lacs de couleurs diff\u00e9rentes et nous d\u00e9jeunerons au bord du magnifique lac bleu-vert Ticococha (4870 masl = 15977 pieds.) Nous marcherons ensuite pendant plusieurs heures avant d&rsquo;arriver au petit village de Pacchanta. (4300 masl = 14107 pieds) C&rsquo;\u00e9tait traditionnellement un petit village d&rsquo;\u00e9leveurs de haute altitude comme beaucoup d&rsquo;autres dans la r\u00e9gion. Cependant, avec l&rsquo;arriv\u00e9e du tourisme, le village a adapt\u00e9 ses activit\u00e9s pour inclure des d\u00e9monstrations de leur style de vie et la cr\u00e9ation de tissages pour les visiteurs. Ici \u00e0 Pacchanta, nous pouvons profiter des sources chaudes naturelles pendant quelques heures, et m\u00eame descendre une bi\u00e8re bien m\u00e9rit\u00e9e. C&rsquo;est certainement une occasion de prendre des photos incroyables avec Apu Ausangate comme toile de fond. Nous installerons le camp pr\u00e8s de Pacchanta et vous aurez l&rsquo;apr\u00e8s-midi libre pour explorer cet intriguant village andin.<\/p>\n\n\n\n<h3 class=\"wp-block-heading\" id=\"h-considerations-3\">Consid\u00e9rations:<\/h3>\n\n\n\n<ul class=\"wp-block-list\">\n<li><strong>Distance de Marche:&nbsp;<\/strong>14km = 8.6 miles<\/li>\n\n\n\n<li><strong>Altitude du Campement:&nbsp;<\/strong>Pacchanta 4300 masl = 14107 pieds .<\/li>\n\n\n\n<li><strong>Gradation Physique:&nbsp;<\/strong>4\/5<\/li>\n\n\n\n<li><strong>Temps:&nbsp;<\/strong>Froid<\/li>\n<\/ul>\n\n\n\n<figure class=\"wp-block-image size-full\"><img loading=\"lazy\" decoding=\"async\" width=\"1400\" height=\"450\" src=\"https:\/\/localtrekkersperu.com\/wp-content\/uploads\/2024\/09\/image-195.webp\" alt=\"\" class=\"wp-image-5195\" title=\"Ausangate plus Trek de la Montagne Arc-en-Ciel - Local Trekkers Peru\" srcset=\"https:\/\/localtrekkersperu.com\/wp-content\/uploads\/2024\/09\/image-195.webp 1400w, https:\/\/localtrekkersperu.com\/wp-content\/uploads\/2024\/09\/image-195-300x96.webp 300w, https:\/\/localtrekkersperu.com\/wp-content\/uploads\/2024\/09\/image-195-1024x329.webp 1024w, https:\/\/localtrekkersperu.com\/wp-content\/uploads\/2024\/09\/image-195-768x247.webp 768w\" sizes=\"auto, (max-width: 1400px) 100vw, 1400px\" \/><\/figure>\n\n\n\n<h2 class=\"wp-block-heading\" id=\"h-jour-06-nbsp-jampa-pampa-col-jampa-pacchanta\"><strong>JOUR 06:<\/strong>&nbsp;JAMPA PAMPA &#8211; COL JAMPA &#8211; PACCHANTA<\/h2>\n\n\n\n<p>Apr\u00e8s avoir travers\u00e9 la petite communaut\u00e9 de Jampa, nous nous dirigerons vers le nord-ouest jusqu&rsquo;au dernier col de cette randonn\u00e9e, le col de Jampa (5005 masl = 16420 pieds). Nous verrons plusieurs lacs de couleurs diff\u00e9rentes et nous d\u00e9jeunerons au bord du magnifique lac bleu-vert Ticococha (4870 masl = 15977 pieds.) Nous marcherons ensuite pendant plusieurs heures avant d&rsquo;arriver au petit village de Pacchanta. (4300 masl = 14107 pieds) C&rsquo;\u00e9tait traditionnellement un petit village d&rsquo;\u00e9leveurs de haute altitude comme beaucoup d&rsquo;autres dans la r\u00e9gion. Cependant, avec l&rsquo;arriv\u00e9e du tourisme, le village a adapt\u00e9 ses activit\u00e9s pour inclure des d\u00e9monstrations de leur style de vie et la cr\u00e9ation de tissages pour les visiteurs. Ici \u00e0 Pacchanta, nous pouvons profiter des sources chaudes naturelles pendant quelques heures, et m\u00eame descendre une bi\u00e8re bien m\u00e9rit\u00e9e. C&rsquo;est certainement une occasion de prendre des photos incroyables avec Apu Ausangate comme toile de fond. Nous installerons le camp pr\u00e8s de Pacchanta et vous aurez l&rsquo;apr\u00e8s-midi libre pour explorer cet intriguant village andin.<\/p>\n\n\n\n<h3 class=\"wp-block-heading\" id=\"h-considerations-4\">Consid\u00e9rations:<\/h3>\n\n\n\n<ul class=\"wp-block-list\">\n<li><strong>Distance de Marche:&nbsp;<\/strong>14km = 8.6 miles<\/li>\n\n\n\n<li><strong>Altitude du Campement:&nbsp;<\/strong>Upis 4300 masl = 14107 pieds.<\/li>\n\n\n\n<li><strong>Gradation Physique&nbsp;:&nbsp;<\/strong>4\/5<\/li>\n\n\n\n<li><strong>Temps:&nbsp;<\/strong>Froid.<\/li>\n<\/ul>\n\n\n\n<figure class=\"wp-block-image size-full\"><img loading=\"lazy\" decoding=\"async\" width=\"1400\" height=\"450\" src=\"https:\/\/localtrekkersperu.com\/wp-content\/uploads\/2024\/09\/image-196.webp\" alt=\"\" class=\"wp-image-5198\" title=\"Ausangate plus Trek de la Montagne Arc-en-Ciel - Local Trekkers Peru\" srcset=\"https:\/\/localtrekkersperu.com\/wp-content\/uploads\/2024\/09\/image-196.webp 1400w, https:\/\/localtrekkersperu.com\/wp-content\/uploads\/2024\/09\/image-196-300x96.webp 300w, https:\/\/localtrekkersperu.com\/wp-content\/uploads\/2024\/09\/image-196-1024x329.webp 1024w, https:\/\/localtrekkersperu.com\/wp-content\/uploads\/2024\/09\/image-196-768x247.webp 768w\" sizes=\"auto, (max-width: 1400px) 100vw, 1400px\" \/><\/figure>\n\n\n\n<h2 class=\"wp-block-heading\" id=\"h-jour-07-nbsp-pacchanta-tinki-cusco\"><strong>JOUR 07:<\/strong>&nbsp;PACCHANTA \u2013 TINKI \u2013 CUSCO.<\/h2>\n\n\n\n<p>Apr\u00e8s notre d\u00e9licieux petit d\u00e9jeuner, c&rsquo;est en ce jour que se termine le travail de nos cavaliers et chefs. Habituellement, nous faisons une c\u00e9r\u00e9monie d&rsquo;adieu de notre cavalier et chef o\u00f9 vous pouvez dire merci \u00e0 eux pour leur grand travail aussi ici vous pouvez dire au revoir \u00e0 eux et si vous souhaitez donner quelques conseils pour eux vous pouvez le faire \u00e0 ce moment. Ensuite, nous devons marcher les 4 derni\u00e8res heures pour arriver \u00e0 Tinki o\u00f9 notre van nous attendra pour retourner \u00e0 Cusco, arrivant \u00e0 Cusco vers 17h00. Votre guide se chargera de vous laisser \u00e0 la porte de votre h\u00e9bergement \u00e0 Cusco<\/p>\n\n\n\n<h3 class=\"wp-block-heading\" id=\"h-considerations-5\">Consid\u00e9rations:<\/h3>\n\n\n\n<ul class=\"wp-block-list\">\n<li><strong>Distance de Marche:&nbsp;<\/strong>10km = 6.2 miles<\/li>\n\n\n\n<li><strong>Classement Physique:&nbsp;<\/strong>2\/5<\/li>\n\n\n\n<li><strong>Temps&nbsp;:&nbsp;<\/strong>Froid.<\/li>\n<\/ul>\n\n\n\n<figure class=\"wp-block-image size-full\"><img loading=\"lazy\" decoding=\"async\" width=\"1400\" height=\"450\" src=\"https:\/\/localtrekkersperu.com\/wp-content\/uploads\/2024\/09\/image-197.webp\" alt=\"\" class=\"wp-image-5201\" title=\"Ausangate plus Trek de la Montagne Arc-en-Ciel - Local Trekkers Peru\" srcset=\"https:\/\/localtrekkersperu.com\/wp-content\/uploads\/2024\/09\/image-197.webp 1400w, https:\/\/localtrekkersperu.com\/wp-content\/uploads\/2024\/09\/image-197-300x96.webp 300w, https:\/\/localtrekkersperu.com\/wp-content\/uploads\/2024\/09\/image-197-1024x329.webp 1024w, https:\/\/localtrekkersperu.com\/wp-content\/uploads\/2024\/09\/image-197-768x247.webp 768w\" sizes=\"auto, (max-width: 1400px) 100vw, 1400px\" \/><\/figure>\n\n\n\n<\/div><h2 class=\"tabtitle\">Carte<\/h2>\n<div class=\"tabcontent\">\n\n\n\n\n<figure data-wp-context=\"{&quot;imageId&quot;:&quot;69f176c304bf8&quot;}\" data-wp-interactive=\"core\/image\" data-wp-key=\"69f176c304bf8\" class=\"wp-block-image size-full wp-lightbox-container\"><img decoding=\"async\" data-wp-class--hide=\"state.isContentHidden\" data-wp-class--show=\"state.isContentVisible\" data-wp-init=\"callbacks.setButtonStyles\" data-wp-on--click=\"actions.showLightbox\" data-wp-on--load=\"callbacks.setButtonStyles\" data-wp-on-window--resize=\"callbacks.setButtonStyles\" src=\"https:\/\/localtrekkersperu.com\/wp-content\/uploads\/2024\/09\/Mapa-Ausangate-Trek-6d-LTP-scaled.png\" alt=\"\" class=\"wp-image-10217\"\/><button\n\t\t\tclass=\"lightbox-trigger\"\n\t\t\ttype=\"button\"\n\t\t\taria-haspopup=\"dialog\"\n\t\t\taria-label=\"Agrandir\"\n\t\t\tdata-wp-init=\"callbacks.initTriggerButton\"\n\t\t\tdata-wp-on--click=\"actions.showLightbox\"\n\t\t\tdata-wp-style--right=\"state.imageButtonRight\"\n\t\t\tdata-wp-style--top=\"state.imageButtonTop\"\n\t\t>\n\t\t\t<svg xmlns=\"http:\/\/www.w3.org\/2000\/svg\" width=\"12\" height=\"12\" fill=\"none\" viewBox=\"0 0 12 12\">\n\t\t\t\t<path fill=\"#fff\" d=\"M2 0a2 2 0 0 0-2 2v2h1.5V2a.5.5 0 0 1 .5-.5h2V0H2Zm2 10.5H2a.5.5 0 0 1-.5-.5V8H0v2a2 2 0 0 0 2 2h2v-1.5ZM8 12v-1.5h2a.5.5 0 0 0 .5-.5V8H12v2a2 2 0 0 1-2 2H8Zm2-12a2 2 0 0 1 2 2v2h-1.5V2a.5.5 0 0 0-.5-.5H8V0h2Z\" \/>\n\t\t\t<\/svg>\n\t\t<\/button><\/figure>\n\n\n\n<\/div><h2 class=\"tabtitle\">Inclusions<\/h2>\n<div class=\"tabcontent\">\n\n\n\n\n<h3 class=\"wp-block-heading\" id=\"h-comprend\">Comprend:<\/h3>\n\n\n\n<ul class=\"wp-block-list\">\n<li>Guide touristique bilingue et certifi\u00e9<\/li>\n\n\n\n<li>Un briefing sur le trek avec votre guide le jour pr\u00e9c\u00e9dent<\/li>\n\n\n\n<li>Prise en charge depuis votre h\u00e9bergement \u00e0 Cusco<\/li>\n\n\n\n<li>Transport priv\u00e9 pour aller \u00e0 la t\u00eate du sentier<\/li>\n\n\n\n<li>C\u00e9r\u00e9monie andine, offrande \u00e0 la terre m\u00e8re au col de l&rsquo;Ausangate<\/li>\n\n\n\n<li>Billets d&rsquo;entr\u00e9e au parc Ausangate, \u00e0 la montagne Arc-en-ciel et \u00e0 la vall\u00e9e Rouge<\/li>\n\n\n\n<li>Un sac de sport dans lequel vous pouvez mettre 08 kilos de vos affaires personnelles (il sera port\u00e9 par les chevaux ou les mules)<\/li>\n\n\n\n<li>Chevaux ou mules et muletier pour porter les \u00e9quipements de camping et les ustensiles de cuisine.<\/li>\n\n\n\n<li>Transport priv\u00e9 pour le retour \u00e0 Cusco.<\/li>\n\n\n\n<li>Tentes quatre saisons (2 trekkeurs par tente), vous aurez assez d&rsquo;espace pour mettre vos affaires \u00e0 l&rsquo;int\u00e9rieur.<\/li>\n\n\n\n<li>Mat\u00e9riel de camping (tente de cuisine, chaises et table portables)<\/li>\n\n\n\n<li>Matelas<\/li>\n\n\n\n<li>3 repas par jour pendant le trek (nourriture servie sous forme de buffet)<\/li>\n\n\n\n<li>Cuisinier professionnel<\/li>\n\n\n\n<li>Collation pour chaque jour de trekking<\/li>\n\n\n\n<li>Eau bouillie \u00e0 boire pendant le trek<\/li>\n\n\n\n<li>Disponibilit\u00e9 de repas selon vos pr\u00e9f\u00e9rences (v\u00e9g\u00e9tarien, v\u00e9g\u00e9talien, sans gluten, pesquetarien, etc.)<\/li>\n\n\n\n<li>Kit de premiers secours, avec ballon d&rsquo;Oxigen.<\/li>\n\n\n\n<li>Un T &#8211; shirt Survivor, pour chaque membre du groupe.<\/li>\n<\/ul>\n\n\n\n<h3 class=\"wp-block-heading\" id=\"h-ne-comprend-pas\">Ne comprend pas:<\/h3>\n\n\n\n<ul class=\"wp-block-list\">\n<li>D\u00e9penses suppl\u00e9mentaires si vous voulez acheter des choses le long du sentier<\/li>\n\n\n\n<li>Sacs de couchage (vous pouvez les louer chez nous, au prix de 20 dollars pour un sac professionnel, qui peut supporter jusqu&rsquo;\u00e0 -15 degr\u00e9s Celsius ou 5 degr\u00e9s Farenheit).<\/li>\n\n\n\n<li>B\u00e2tons de marche (vous pouvez les louer chez nous pour 20 dollars pour une paire professionnelle Black Diamond)<\/li>\n\n\n\n<li>Eau min\u00e9rale (vous pouvez acheter des bouteilles d&rsquo;eau min\u00e9rale dans certains campings)<\/li>\n\n\n\n<li>Premier petit d\u00e9jeuner et dernier d\u00e9jeuner et d\u00eener<\/li>\n\n\n\n<li>Cheval ou mule suppl\u00e9mentaire pour porter des sacs \u00e0 dos suppl\u00e9mentaires ou pour monter, chaque cheval co\u00fbte 150 dollars par cheval ou mule.<\/li>\n\n\n\n<li>Pourboire pour l&rsquo;\u00e9quipe (n&rsquo;est pas obligatoire mais si vous le souhaitez, il sera le bienvenu)<\/li>\n<\/ul>\n\n\n\n<\/div><h2 class=\"tabtitle\">Liste D'emballage<\/h2>\n<div class=\"tabcontent\">\n\n\n\n\n<p><strong>LISTE DE COLISAGE<\/strong><\/p>\n\n\n\n<ul class=\"wp-block-list\">\n<li>Passeport original<\/li>\n\n\n\n<li>Une carte d&rsquo;\u00e9tudiant valide si vous r\u00e9servez ce trek en tant qu&rsquo;\u00e9tudiant (25 ans au maximum)<\/li>\n\n\n\n<li>Carte d&rsquo;assurance voyage (vous devez nous faire conna\u00eetre le nom de votre compagnie d&rsquo;assurance voyage et votre num\u00e9ro d&rsquo;assurance voyage).<\/li>\n\n\n\n<li>Un petit sac de voyage<\/li>\n\n\n\n<li>Imperm\u00e9able ou Poncho de pluie<\/li>\n\n\n\n<li>V\u00eatements pour le froid (pour le premier et le deuxi\u00e8me jour)<\/li>\n\n\n\n<li>Chemises de trekking et pantalons de trekking<\/li>\n\n\n\n<li>Chaussures de randonn\u00e9e imperm\u00e9ables<\/li>\n\n\n\n<li>Bouteille d&rsquo;eau<\/li>\n\n\n\n<li>Lampe de poche<\/li>\n\n\n\n<li>Serviette de toilette<\/li>\n\n\n\n<li>Papier hygi\u00e9nique<\/li>\n\n\n\n<li>Ecran solaire<\/li>\n\n\n\n<li>Lunettes de soleil<\/li>\n\n\n\n<li>Casquettes ou chapeaux<\/li>\n\n\n\n<li>Gants (pour le premier et le deuxi\u00e8me jour)<\/li>\n\n\n\n<li>R\u00e9pulsif pour les insectes (30% DEET recommand\u00e9)<\/li>\n\n\n\n<li>Sacs de couchage<\/li>\n\n\n\n<li>B\u00e2tons de marche<\/li>\n\n\n\n<li>Produits d&rsquo;usage personnel (cr\u00e8me hydratante pour le visage, d\u00e9sinfectant pour les mains, brosse \u00e0 dents et dentifrice, etc.)<\/li>\n\n\n\n<li>Appareil photo avec piles de rechange<\/li>\n\n\n\n<li>Argent suppl\u00e9mentaire, surtout en semelles, pour acheter des produits de premi\u00e8re n\u00e9cessit\u00e9 pendant le trekking, ainsi que pour donner un pourboire \u00e0 l&rsquo;\u00e9quipe. (facultatif)<\/li>\n<\/ul>\n\n\n\n<h3 class=\"wp-block-heading\" id=\"h-une-attitude-mentale-positivef\">UNE ATTITUDE MENTALE POSITIVEF<\/h3>\n\n\n\n<\/div><h2 class=\"tabtitle\">Prix<\/h2>\n<div class=\"tabcontent\">\n\n\n\n\n<h2 class=\"wp-block-heading has-text-align-center\" id=\"h-prix-pour-2025-2026\">PRIX POUR 2025-2026<\/h2>\n\n\n\n<figure class=\"wp-block-table\"><table class=\"has-fixed-layout\"><tbody><tr><th class=\"has-text-align-center\" data-align=\"center\" colspan=\"5\">Nombre de personnes pour le SERVICE DE GROUPE :<\/th><\/tr><tr><td class=\"has-text-align-center\" data-align=\"center\">2<\/td><td class=\"has-text-align-center\" data-align=\"center\">3<\/td><td class=\"has-text-align-center\" data-align=\"center\">4<\/td><td class=\"has-text-align-center\" data-align=\"center\">5-6<\/td><td class=\"has-text-align-center\" data-align=\"center\">7-10<\/td><\/tr><tr><th class=\"has-text-align-center\" data-align=\"center\" colspan=\"5\">Prix USD$ (par personne) :<\/th><\/tr><tr><td class=\"has-text-align-center\" data-align=\"center\">850 USD$<\/td><td class=\"has-text-align-center\" data-align=\"center\">830 USD$<\/td><td class=\"has-text-align-center\" data-align=\"center\">800 USD$<\/td><td class=\"has-text-align-center\" data-align=\"center\">780 USD$<\/td><td class=\"has-text-align-center\" data-align=\"center\">750 USD$<\/td><\/tr><\/tbody><\/table><\/figure>\n\n\n\n<figure class=\"wp-block-table\"><table class=\"has-fixed-layout\"><tbody><tr><th class=\"has-text-align-center\" data-align=\"center\" colspan=\"5\">Nombre de personnes pour le SERVICE PRIV\u00c9 :<\/th><\/tr><tr><td class=\"has-text-align-center\" data-align=\"center\">2<\/td><td class=\"has-text-align-center\" data-align=\"center\">3<\/td><td class=\"has-text-align-center\" data-align=\"center\">4<\/td><td class=\"has-text-align-center\" data-align=\"center\">5-6<\/td><td class=\"has-text-align-center\" data-align=\"center\">7-10<\/td><\/tr><tr><th class=\"has-text-align-center\" data-align=\"center\" colspan=\"5\">Prix USD$ (par personne) :<\/th><\/tr><tr><td class=\"has-text-align-center\" data-align=\"center\">1100 USD$<\/td><td class=\"has-text-align-center\" data-align=\"center\">1050 USD$<\/td><td class=\"has-text-align-center\" data-align=\"center\">1000 USD$<\/td><td class=\"has-text-align-center\" data-align=\"center\">950 USD$<\/td><td class=\"has-text-align-center\" data-align=\"center\">900 USD$<\/td><\/tr><\/tbody><\/table><\/figure>\n\n\n<\/div><\/div>\n\n\n\n<p><\/p>\n\n\n\n<p><\/p>\n","protected":false},"excerpt":{"rendered":"<p>TREK AUSANGATE + MONTAGNE ARC-EN-CIEL 7J\/6N JOUR 01:&nbsp;CUSCO \u2013 TINKI \u2013 UPIS. Nous viendrons vous chercher \u00e0 votr&#8230;<\/p>\n","protected":false},"author":1,"featured_media":1175,"comment_status":"closed","ping_status":"open","sticky":false,"template":"","format":"standard","meta":{"_acf_changed":false,"advgb_blocks_editor_width":"","advgb_blocks_columns_visual_guide":"","footnotes":""},"categories":[4,26],"tags":[],"class_list":["post-714","post","type-post","status-publish","format-standard","has-post-thumbnail","hentry","category-chemin-inca","category-salkantay-et-chemins-alternatifs"],"acf":[],"yoast_head":"<!-- This site is optimized with the Yoast SEO Premium plugin v25.2 (Yoast SEO v27.4) - https:\/\/yoast.com\/product\/yoast-seo-premium-wordpress\/ -->\n<title>Ausangate plus Trek de la Montagne Arc-en-Ciel 7 Juors et 6 Nuits - Local Trekkers Peru<\/title>\n<meta name=\"robots\" content=\"index, follow, max-snippet:-1, max-image-preview:large, max-video-preview:-1\" \/>\n<link rel=\"canonical\" href=\"https:\/\/localtrekkersperu.com\/fr\/ausangate-plus-trek-de-la-montagne-arc-en-ciel-7-juors-et-6-nuits\/\" \/>\n<meta property=\"og:locale\" content=\"fr_FR\" \/>\n<meta property=\"og:type\" content=\"article\" \/>\n<meta property=\"og:title\" content=\"Ausangate plus Trek de la Montagne Arc-en-Ciel 7 Juors et 6 Nuits\" \/>\n<meta property=\"og:description\" content=\"TREK AUSANGATE + MONTAGNE ARC-EN-CIEL 7J\/6N JOUR 01:&nbsp;CUSCO \u2013 TINKI \u2013 UPIS. Nous viendrons vous chercher \u00e0 votr...\" \/>\n<meta property=\"og:url\" content=\"https:\/\/localtrekkersperu.com\/fr\/ausangate-plus-trek-de-la-montagne-arc-en-ciel-7-juors-et-6-nuits\/\" \/>\n<meta property=\"og:site_name\" content=\"Local Trekkers Peru\" \/>\n<meta property=\"article:published_time\" content=\"2024-09-18T04:16:44+00:00\" \/>\n<meta property=\"article:modified_time\" content=\"2025-11-08T23:30:44+00:00\" \/>\n<meta property=\"og:image\" content=\"https:\/\/localtrekkersperu.com\/wp-content\/uploads\/2024\/09\/Ausangate-Trek-Rainbow-Mountain-7days-1.webp\" \/>\n\t<meta property=\"og:image:width\" content=\"2000\" \/>\n\t<meta property=\"og:image:height\" content=\"1500\" \/>\n\t<meta property=\"og:image:type\" content=\"image\/webp\" \/>\n<meta name=\"author\" content=\"admin_local\" \/>\n<meta name=\"twitter:card\" content=\"summary_large_image\" \/>\n<meta name=\"twitter:label1\" content=\"\u00c9crit par\" \/>\n\t<meta name=\"twitter:data1\" content=\"admin_local\" \/>\n\t<meta name=\"twitter:label2\" content=\"Dur\u00e9e de lecture estim\u00e9e\" \/>\n\t<meta name=\"twitter:data2\" content=\"12 minutes\" \/>\n<script type=\"application\/ld+json\" class=\"yoast-schema-graph\">{\"@context\":\"https:\\\/\\\/schema.org\",\"@graph\":[{\"@type\":\"Article\",\"@id\":\"https:\\\/\\\/localtrekkersperu.com\\\/fr\\\/ausangate-plus-trek-de-la-montagne-arc-en-ciel-7-juors-et-6-nuits\\\/#article\",\"isPartOf\":{\"@id\":\"https:\\\/\\\/localtrekkersperu.com\\\/fr\\\/ausangate-plus-trek-de-la-montagne-arc-en-ciel-7-juors-et-6-nuits\\\/\"},\"author\":{\"name\":\"admin_local\",\"@id\":\"https:\\\/\\\/localtrekkersperu.com\\\/fr\\\/#\\\/schema\\\/person\\\/babe2ac841b0da6e2402ca92d217bb6a\"},\"headline\":\"Ausangate plus Trek de la Montagne Arc-en-Ciel 7 Juors et 6 Nuits\",\"datePublished\":\"2024-09-18T04:16:44+00:00\",\"dateModified\":\"2025-11-08T23:30:44+00:00\",\"mainEntityOfPage\":{\"@id\":\"https:\\\/\\\/localtrekkersperu.com\\\/fr\\\/ausangate-plus-trek-de-la-montagne-arc-en-ciel-7-juors-et-6-nuits\\\/\"},\"wordCount\":2229,\"publisher\":{\"@id\":\"https:\\\/\\\/localtrekkersperu.com\\\/fr\\\/#organization\"},\"image\":{\"@id\":\"https:\\\/\\\/localtrekkersperu.com\\\/fr\\\/ausangate-plus-trek-de-la-montagne-arc-en-ciel-7-juors-et-6-nuits\\\/#primaryimage\"},\"thumbnailUrl\":\"https:\\\/\\\/localtrekkersperu.com\\\/wp-content\\\/uploads\\\/2024\\\/09\\\/Ausangate-Trek-Rainbow-Mountain-7days-1.webp\",\"articleSection\":[\"Chemin Inca\",\"Salkantay et Chemins Alternatifs\"],\"inLanguage\":\"fr-FR\"},{\"@type\":\"WebPage\",\"@id\":\"https:\\\/\\\/localtrekkersperu.com\\\/fr\\\/ausangate-plus-trek-de-la-montagne-arc-en-ciel-7-juors-et-6-nuits\\\/\",\"url\":\"https:\\\/\\\/localtrekkersperu.com\\\/fr\\\/ausangate-plus-trek-de-la-montagne-arc-en-ciel-7-juors-et-6-nuits\\\/\",\"name\":\"Ausangate plus Trek de la Montagne Arc-en-Ciel 7 Juors et 6 Nuits - Local Trekkers Peru\",\"isPartOf\":{\"@id\":\"https:\\\/\\\/localtrekkersperu.com\\\/fr\\\/#website\"},\"primaryImageOfPage\":{\"@id\":\"https:\\\/\\\/localtrekkersperu.com\\\/fr\\\/ausangate-plus-trek-de-la-montagne-arc-en-ciel-7-juors-et-6-nuits\\\/#primaryimage\"},\"image\":{\"@id\":\"https:\\\/\\\/localtrekkersperu.com\\\/fr\\\/ausangate-plus-trek-de-la-montagne-arc-en-ciel-7-juors-et-6-nuits\\\/#primaryimage\"},\"thumbnailUrl\":\"https:\\\/\\\/localtrekkersperu.com\\\/wp-content\\\/uploads\\\/2024\\\/09\\\/Ausangate-Trek-Rainbow-Mountain-7days-1.webp\",\"datePublished\":\"2024-09-18T04:16:44+00:00\",\"dateModified\":\"2025-11-08T23:30:44+00:00\",\"breadcrumb\":{\"@id\":\"https:\\\/\\\/localtrekkersperu.com\\\/fr\\\/ausangate-plus-trek-de-la-montagne-arc-en-ciel-7-juors-et-6-nuits\\\/#breadcrumb\"},\"inLanguage\":\"fr-FR\",\"potentialAction\":[{\"@type\":\"ReadAction\",\"target\":[\"https:\\\/\\\/localtrekkersperu.com\\\/fr\\\/ausangate-plus-trek-de-la-montagne-arc-en-ciel-7-juors-et-6-nuits\\\/\"]}]},{\"@type\":\"ImageObject\",\"inLanguage\":\"fr-FR\",\"@id\":\"https:\\\/\\\/localtrekkersperu.com\\\/fr\\\/ausangate-plus-trek-de-la-montagne-arc-en-ciel-7-juors-et-6-nuits\\\/#primaryimage\",\"url\":\"https:\\\/\\\/localtrekkersperu.com\\\/wp-content\\\/uploads\\\/2024\\\/09\\\/Ausangate-Trek-Rainbow-Mountain-7days-1.webp\",\"contentUrl\":\"https:\\\/\\\/localtrekkersperu.com\\\/wp-content\\\/uploads\\\/2024\\\/09\\\/Ausangate-Trek-Rainbow-Mountain-7days-1.webp\",\"width\":2000,\"height\":1500},{\"@type\":\"BreadcrumbList\",\"@id\":\"https:\\\/\\\/localtrekkersperu.com\\\/fr\\\/ausangate-plus-trek-de-la-montagne-arc-en-ciel-7-juors-et-6-nuits\\\/#breadcrumb\",\"itemListElement\":[{\"@type\":\"ListItem\",\"position\":1,\"name\":\"Home\",\"item\":\"https:\\\/\\\/localtrekkersperu.com\\\/fr\\\/\"},{\"@type\":\"ListItem\",\"position\":2,\"name\":\"Salkantay et Chemins Alternatifs\",\"item\":\"https:\\\/\\\/localtrekkersperu.com\\\/fr\\\/category\\\/salkantay-et-chemins-alternatifs\\\/\"},{\"@type\":\"ListItem\",\"position\":3,\"name\":\"Ausangate plus Trek de la Montagne Arc-en-Ciel 7 Juors et 6 Nuits\"}]},{\"@type\":\"WebSite\",\"@id\":\"https:\\\/\\\/localtrekkersperu.com\\\/fr\\\/#website\",\"url\":\"https:\\\/\\\/localtrekkersperu.com\\\/fr\\\/\",\"name\":\"Local Trekkers Peru\",\"description\":\"\",\"publisher\":{\"@id\":\"https:\\\/\\\/localtrekkersperu.com\\\/fr\\\/#organization\"},\"potentialAction\":[{\"@type\":\"SearchAction\",\"target\":{\"@type\":\"EntryPoint\",\"urlTemplate\":\"https:\\\/\\\/localtrekkersperu.com\\\/fr\\\/?s={search_term_string}\"},\"query-input\":{\"@type\":\"PropertyValueSpecification\",\"valueRequired\":true,\"valueName\":\"search_term_string\"}}],\"inLanguage\":\"fr-FR\"},{\"@type\":\"Organization\",\"@id\":\"https:\\\/\\\/localtrekkersperu.com\\\/fr\\\/#organization\",\"name\":\"Local Trekkers Peru\",\"url\":\"https:\\\/\\\/localtrekkersperu.com\\\/fr\\\/\",\"logo\":{\"@type\":\"ImageObject\",\"inLanguage\":\"fr-FR\",\"@id\":\"https:\\\/\\\/localtrekkersperu.com\\\/fr\\\/#\\\/schema\\\/logo\\\/image\\\/\",\"url\":\"https:\\\/\\\/localtrekkersperu.com\\\/wp-content\\\/uploads\\\/2024\\\/08\\\/logo.png\",\"contentUrl\":\"https:\\\/\\\/localtrekkersperu.com\\\/wp-content\\\/uploads\\\/2024\\\/08\\\/logo.png\",\"width\":411,\"height\":122,\"caption\":\"Local Trekkers Peru\"},\"image\":{\"@id\":\"https:\\\/\\\/localtrekkersperu.com\\\/fr\\\/#\\\/schema\\\/logo\\\/image\\\/\"}},{\"@type\":\"Person\",\"@id\":\"https:\\\/\\\/localtrekkersperu.com\\\/fr\\\/#\\\/schema\\\/person\\\/babe2ac841b0da6e2402ca92d217bb6a\",\"name\":\"admin_local\",\"sameAs\":[\"https:\\\/\\\/localtrekkersperu.com\"]}]}<\/script>\n<!-- \/ Yoast SEO Premium plugin. -->","yoast_head_json":{"title":"Ausangate plus Trek de la Montagne Arc-en-Ciel 7 Juors et 6 Nuits - Local Trekkers Peru","robots":{"index":"index","follow":"follow","max-snippet":"max-snippet:-1","max-image-preview":"max-image-preview:large","max-video-preview":"max-video-preview:-1"},"canonical":"https:\/\/localtrekkersperu.com\/fr\/ausangate-plus-trek-de-la-montagne-arc-en-ciel-7-juors-et-6-nuits\/","og_locale":"fr_FR","og_type":"article","og_title":"Ausangate plus Trek de la Montagne Arc-en-Ciel 7 Juors et 6 Nuits","og_description":"TREK AUSANGATE + MONTAGNE ARC-EN-CIEL 7J\/6N JOUR 01:&nbsp;CUSCO \u2013 TINKI \u2013 UPIS. Nous viendrons vous chercher \u00e0 votr...","og_url":"https:\/\/localtrekkersperu.com\/fr\/ausangate-plus-trek-de-la-montagne-arc-en-ciel-7-juors-et-6-nuits\/","og_site_name":"Local Trekkers Peru","article_published_time":"2024-09-18T04:16:44+00:00","article_modified_time":"2025-11-08T23:30:44+00:00","og_image":[{"width":2000,"height":1500,"url":"https:\/\/localtrekkersperu.com\/wp-content\/uploads\/2024\/09\/Ausangate-Trek-Rainbow-Mountain-7days-1.webp","type":"image\/webp"}],"author":"admin_local","twitter_card":"summary_large_image","twitter_misc":{"\u00c9crit par":"admin_local","Dur\u00e9e de lecture estim\u00e9e":"12 minutes"},"schema":{"@context":"https:\/\/schema.org","@graph":[{"@type":"Article","@id":"https:\/\/localtrekkersperu.com\/fr\/ausangate-plus-trek-de-la-montagne-arc-en-ciel-7-juors-et-6-nuits\/#article","isPartOf":{"@id":"https:\/\/localtrekkersperu.com\/fr\/ausangate-plus-trek-de-la-montagne-arc-en-ciel-7-juors-et-6-nuits\/"},"author":{"name":"admin_local","@id":"https:\/\/localtrekkersperu.com\/fr\/#\/schema\/person\/babe2ac841b0da6e2402ca92d217bb6a"},"headline":"Ausangate plus Trek de la Montagne Arc-en-Ciel 7 Juors et 6 Nuits","datePublished":"2024-09-18T04:16:44+00:00","dateModified":"2025-11-08T23:30:44+00:00","mainEntityOfPage":{"@id":"https:\/\/localtrekkersperu.com\/fr\/ausangate-plus-trek-de-la-montagne-arc-en-ciel-7-juors-et-6-nuits\/"},"wordCount":2229,"publisher":{"@id":"https:\/\/localtrekkersperu.com\/fr\/#organization"},"image":{"@id":"https:\/\/localtrekkersperu.com\/fr\/ausangate-plus-trek-de-la-montagne-arc-en-ciel-7-juors-et-6-nuits\/#primaryimage"},"thumbnailUrl":"https:\/\/localtrekkersperu.com\/wp-content\/uploads\/2024\/09\/Ausangate-Trek-Rainbow-Mountain-7days-1.webp","articleSection":["Chemin Inca","Salkantay et Chemins Alternatifs"],"inLanguage":"fr-FR"},{"@type":"WebPage","@id":"https:\/\/localtrekkersperu.com\/fr\/ausangate-plus-trek-de-la-montagne-arc-en-ciel-7-juors-et-6-nuits\/","url":"https:\/\/localtrekkersperu.com\/fr\/ausangate-plus-trek-de-la-montagne-arc-en-ciel-7-juors-et-6-nuits\/","name":"Ausangate plus Trek de la Montagne Arc-en-Ciel 7 Juors et 6 Nuits - Local Trekkers Peru","isPartOf":{"@id":"https:\/\/localtrekkersperu.com\/fr\/#website"},"primaryImageOfPage":{"@id":"https:\/\/localtrekkersperu.com\/fr\/ausangate-plus-trek-de-la-montagne-arc-en-ciel-7-juors-et-6-nuits\/#primaryimage"},"image":{"@id":"https:\/\/localtrekkersperu.com\/fr\/ausangate-plus-trek-de-la-montagne-arc-en-ciel-7-juors-et-6-nuits\/#primaryimage"},"thumbnailUrl":"https:\/\/localtrekkersperu.com\/wp-content\/uploads\/2024\/09\/Ausangate-Trek-Rainbow-Mountain-7days-1.webp","datePublished":"2024-09-18T04:16:44+00:00","dateModified":"2025-11-08T23:30:44+00:00","breadcrumb":{"@id":"https:\/\/localtrekkersperu.com\/fr\/ausangate-plus-trek-de-la-montagne-arc-en-ciel-7-juors-et-6-nuits\/#breadcrumb"},"inLanguage":"fr-FR","potentialAction":[{"@type":"ReadAction","target":["https:\/\/localtrekkersperu.com\/fr\/ausangate-plus-trek-de-la-montagne-arc-en-ciel-7-juors-et-6-nuits\/"]}]},{"@type":"ImageObject","inLanguage":"fr-FR","@id":"https:\/\/localtrekkersperu.com\/fr\/ausangate-plus-trek-de-la-montagne-arc-en-ciel-7-juors-et-6-nuits\/#primaryimage","url":"https:\/\/localtrekkersperu.com\/wp-content\/uploads\/2024\/09\/Ausangate-Trek-Rainbow-Mountain-7days-1.webp","contentUrl":"https:\/\/localtrekkersperu.com\/wp-content\/uploads\/2024\/09\/Ausangate-Trek-Rainbow-Mountain-7days-1.webp","width":2000,"height":1500},{"@type":"BreadcrumbList","@id":"https:\/\/localtrekkersperu.com\/fr\/ausangate-plus-trek-de-la-montagne-arc-en-ciel-7-juors-et-6-nuits\/#breadcrumb","itemListElement":[{"@type":"ListItem","position":1,"name":"Home","item":"https:\/\/localtrekkersperu.com\/fr\/"},{"@type":"ListItem","position":2,"name":"Salkantay et Chemins Alternatifs","item":"https:\/\/localtrekkersperu.com\/fr\/category\/salkantay-et-chemins-alternatifs\/"},{"@type":"ListItem","position":3,"name":"Ausangate plus Trek de la Montagne Arc-en-Ciel 7 Juors et 6 Nuits"}]},{"@type":"WebSite","@id":"https:\/\/localtrekkersperu.com\/fr\/#website","url":"https:\/\/localtrekkersperu.com\/fr\/","name":"Local Trekkers Peru","description":"","publisher":{"@id":"https:\/\/localtrekkersperu.com\/fr\/#organization"},"potentialAction":[{"@type":"SearchAction","target":{"@type":"EntryPoint","urlTemplate":"https:\/\/localtrekkersperu.com\/fr\/?s={search_term_string}"},"query-input":{"@type":"PropertyValueSpecification","valueRequired":true,"valueName":"search_term_string"}}],"inLanguage":"fr-FR"},{"@type":"Organization","@id":"https:\/\/localtrekkersperu.com\/fr\/#organization","name":"Local Trekkers Peru","url":"https:\/\/localtrekkersperu.com\/fr\/","logo":{"@type":"ImageObject","inLanguage":"fr-FR","@id":"https:\/\/localtrekkersperu.com\/fr\/#\/schema\/logo\/image\/","url":"https:\/\/localtrekkersperu.com\/wp-content\/uploads\/2024\/08\/logo.png","contentUrl":"https:\/\/localtrekkersperu.com\/wp-content\/uploads\/2024\/08\/logo.png","width":411,"height":122,"caption":"Local Trekkers Peru"},"image":{"@id":"https:\/\/localtrekkersperu.com\/fr\/#\/schema\/logo\/image\/"}},{"@type":"Person","@id":"https:\/\/localtrekkersperu.com\/fr\/#\/schema\/person\/babe2ac841b0da6e2402ca92d217bb6a","name":"admin_local","sameAs":["https:\/\/localtrekkersperu.com"]}]}},"author_meta":{"display_name":"admin_local","author_link":"https:\/\/localtrekkersperu.com\/fr\/author\/admin_local\/"},"featured_img":"https:\/\/localtrekkersperu.com\/wp-content\/uploads\/2024\/09\/Ausangate-Trek-Rainbow-Mountain-7days-1-300x225.webp","coauthors":[],"tax_additional":{"categories":{"linked":["<a href=\"https:\/\/localtrekkersperu.com\/fr\/category\/chemin-inca\/\" class=\"advgb-post-tax-term\">Chemin Inca<\/a>","<a href=\"https:\/\/localtrekkersperu.com\/fr\/category\/salkantay-et-chemins-alternatifs\/\" class=\"advgb-post-tax-term\">Salkantay et Chemins Alternatifs<\/a>"],"unlinked":["<span class=\"advgb-post-tax-term\">Chemin Inca<\/span>","<span class=\"advgb-post-tax-term\">Salkantay et Chemins Alternatifs<\/span>"]}},"comment_count":"0","relative_dates":{"created":"Publi\u00e9 2 ans il y a","modified":"Mis \u00e0 jour 6 mois il y a"},"absolute_dates":{"created":"Publi\u00e9 le septembre 18, 2024","modified":"Mise \u00e0 jour le novembre 8, 2025"},"absolute_dates_time":{"created":"Publi\u00e9 le septembre 18, 2024 4:16 am","modified":"Mise \u00e0 jour le novembre 8, 2025 11:30 pm"},"featured_img_caption":"","series_order":"","_links":{"self":[{"href":"https:\/\/localtrekkersperu.com\/fr\/wp-json\/wp\/v2\/posts\/714","targetHints":{"allow":["GET"]}}],"collection":[{"href":"https:\/\/localtrekkersperu.com\/fr\/wp-json\/wp\/v2\/posts"}],"about":[{"href":"https:\/\/localtrekkersperu.com\/fr\/wp-json\/wp\/v2\/types\/post"}],"author":[{"embeddable":true,"href":"https:\/\/localtrekkersperu.com\/fr\/wp-json\/wp\/v2\/users\/1"}],"replies":[{"embeddable":true,"href":"https:\/\/localtrekkersperu.com\/fr\/wp-json\/wp\/v2\/comments?post=714"}],"version-history":[{"count":7,"href":"https:\/\/localtrekkersperu.com\/fr\/wp-json\/wp\/v2\/posts\/714\/revisions"}],"predecessor-version":[{"id":10234,"href":"https:\/\/localtrekkersperu.com\/fr\/wp-json\/wp\/v2\/posts\/714\/revisions\/10234"}],"wp:featuredmedia":[{"embeddable":true,"href":"https:\/\/localtrekkersperu.com\/fr\/wp-json\/wp\/v2\/media\/1175"}],"wp:attachment":[{"href":"https:\/\/localtrekkersperu.com\/fr\/wp-json\/wp\/v2\/media?parent=714"}],"wp:term":[{"taxonomy":"category","embeddable":true,"href":"https:\/\/localtrekkersperu.com\/fr\/wp-json\/wp\/v2\/categories?post=714"},{"taxonomy":"post_tag","embeddable":true,"href":"https:\/\/localtrekkersperu.com\/fr\/wp-json\/wp\/v2\/tags?post=714"}],"curies":[{"name":"wp","href":"https:\/\/api.w.org\/{rel}","templated":true}]}}