{"id":7572,"date":"2025-06-23T01:21:00","date_gmt":"2025-06-23T01:21:00","guid":{"rendered":"https:\/\/localtrekkersperu.com\/blog\/inti-raymi-la-grande-fete-du-soleil-a-cusco\/"},"modified":"2025-06-23T17:36:33","modified_gmt":"2025-06-23T17:36:33","slug":"inti-raymi-la-grande-fete-du-soleil-a-cusco","status":"publish","type":"blog","link":"https:\/\/localtrekkersperu.com\/fr\/blog\/inti-raymi-la-grande-fete-du-soleil-a-cusco\/","title":{"rendered":"Inti Raymi : la grande f\u00eate du soleil \u00e0 Cusco"},"content":{"rendered":"\n<p>Les&nbsp;L \u00ab <strong>Inti Raymi<\/strong> (ou \u201cf\u00eate du soleil\u201d) est l \u00bb \u00e9v\u00e9nement le plus important de l&rsquo;histoire de l&rsquo;humanit\u00e9.&nbsp;La <strong>c\u00e9l\u00e9bration la plus importante du monde andin<\/strong> et l&rsquo;une des f\u00eates les plus spectaculaires du P\u00e9rou. Chaque &nbsp;Le <strong>24 juin<\/strong>, Cusco fait revivre ce rituel inca ancestral en l&rsquo;honneur du&nbsp;<strong>Dieu Inti (Soleil)<\/strong>, marquant le solstice d&rsquo;hiver et le d\u00e9but d&rsquo;un nouveau cycle agricole.<\/p>\n\n\n\n<p>Si vous pr\u00e9voyez de visiter le P\u00e9rou en juin, vous ne pouvez pas la manquer ! Nous vous racontons ici tout sur cette c\u00e9r\u00e9monie pleine de couleurs, de musique et de spiritualit\u00e9. <\/p>\n\n\n\n<figure class=\"wp-block-image size-large\"><img loading=\"lazy\" decoding=\"async\" width=\"1024\" height=\"575\" src=\"https:\/\/localtrekkersperu.com\/wp-content\/uploads\/2025\/06\/el-inti-raymi-1024x575.webp\" alt=\"\" class=\"wp-image-7557\" srcset=\"https:\/\/localtrekkersperu.com\/wp-content\/uploads\/2025\/06\/el-inti-raymi-1024x575.webp 1024w, https:\/\/localtrekkersperu.com\/wp-content\/uploads\/2025\/06\/el-inti-raymi-300x169.webp 300w, https:\/\/localtrekkersperu.com\/wp-content\/uploads\/2025\/06\/el-inti-raymi-768x432.webp 768w, https:\/\/localtrekkersperu.com\/wp-content\/uploads\/2025\/06\/el-inti-raymi.webp 1420w\" sizes=\"auto, (max-width: 1024px) 100vw, 1024px\" \/><\/figure>\n\n\n\n<h2 class=\"wp-block-heading\" id=\"h-1-origen-e-historia-del-inti-raymi\">Origine et histoire d&rsquo;Inti Raymi<\/h2>\n\n\n\n<h3 class=\"wp-block-heading\" id=\"h-epoca-inca\">P\u00e9riode inca<\/h3>\n\n\n\n<ul class=\"wp-block-list\">\n<li>C&rsquo;\u00e9tait la <strong>plus grande f\u00eate du Tahuantinsuyo<\/strong>, avec des sacrifices, des danses et des offrandes pour assurer de bonnes r\u00e9coltes.<\/li>\n\n\n\n<li>Elle \u00e9tait c\u00e9l\u00e9br\u00e9e sur la <strong>Plaza Huacaypata<\/strong> (aujourd&rsquo;hui Plaza de Armas \u00e0 Cusco) et \u00e0 <strong>Sacsayhuam\u00e1n<\/strong>.<\/li>\n<\/ul>\n\n\n\n<h3 class=\"wp-block-heading\" id=\"h-prohibicion-y-recuperacion\">Prohibition et r\u00e9tablissement<\/h3>\n\n\n\n<ul class=\"wp-block-list\">\n<li>Les Espagnols l&rsquo;ont interdit au XVIe si\u00e8cle en le qualifiant de \u00ab paganisme \u00bb.<\/li>\n\n\n\n<li>En <strong>1944<\/strong>, l&rsquo;\u00e9crivain cusqu\u00e9nien <strong>Faustino Espinoza Navarro<\/strong> l&rsquo;a fait revivre sous la forme d&rsquo;une production th\u00e9\u00e2trale bas\u00e9e sur d&rsquo;anciennes chroniques.<\/li>\n<\/ul>\n\n\n\n<figure class=\"wp-block-image size-full\"><img loading=\"lazy\" decoding=\"async\" width=\"980\" height=\"528\" src=\"https:\/\/localtrekkersperu.com\/wp-content\/uploads\/2025\/06\/init-raymi-antiguo.webp\" alt=\"\" class=\"wp-image-7560\" srcset=\"https:\/\/localtrekkersperu.com\/wp-content\/uploads\/2025\/06\/init-raymi-antiguo.webp 980w, https:\/\/localtrekkersperu.com\/wp-content\/uploads\/2025\/06\/init-raymi-antiguo-300x162.webp 300w, https:\/\/localtrekkersperu.com\/wp-content\/uploads\/2025\/06\/init-raymi-antiguo-768x414.webp 768w\" sizes=\"auto, (max-width: 980px) 100vw, 980px\" \/><\/figure>\n\n\n\n<h2 class=\"wp-block-heading\" id=\"h-2-como-se-celebra-hoy-el-inti-raymi\">2) Comment l&rsquo;Inti Raymi est-il c\u00e9l\u00e9br\u00e9 aujourd&rsquo;hui ?<\/h2>\n\n\n\n<h3 class=\"wp-block-heading\" id=\"h-escenarios-principales\">Principaux sc\u00e9narios<\/h3>\n\n\n\n<ol start=\"1\" class=\"wp-block-list\">\n<li><strong>Koricancha (Temple du Soleil)<\/strong>: d\u00e9but de la c\u00e9r\u00e9monie avec les salutations au soleil.<\/li>\n\n\n\n<li><strong>Plaza de Armas<\/strong>: Repr\u00e9sentation du \u00ab Sapa Inca \u00bb et de sa cour.<\/li>\n\n\n\n<li><strong>Sacsayhuam\u00e1n (sc\u00e8ne principale)<\/strong>: c&rsquo;est l\u00e0 que se d\u00e9roule le rituel central :\n<ul class=\"wp-block-list\">\n<li><strong>Offrandes \u00e0 Inti<\/strong> (feuilles de coca, chicha, lamas symboliques).<\/li>\n\n\n\n<li><strong>Danses typiques<\/strong> (de toutes les r\u00e9gions de l&rsquo;ancien empire).<\/li>\n\n\n\n<li><strong>Discours en quechua<\/strong> du Sapa Inca.<\/li>\n<\/ul>\n<\/li>\n<\/ol>\n\n\n\n<h3 class=\"wp-block-heading\" id=\"h-duracion\"><strong>Dur\u00e9e de l&rsquo;accord<\/strong><\/h3>\n\n\n\n<ul class=\"wp-block-list\">\n<li>L&rsquo;ensemble de l&rsquo;\u00e9v\u00e9nement dure <strong>5 \u00e0 6 heures<\/strong> (de 8h00 \u00e0 midi).<\/li>\n<\/ul>\n\n\n\n<figure class=\"wp-block-image size-large\"><img loading=\"lazy\" decoding=\"async\" width=\"1024\" height=\"448\" src=\"https:\/\/localtrekkersperu.com\/wp-content\/uploads\/2025\/06\/inti-raymi-en-actualidad-1024x448.webp\" alt=\"\" class=\"wp-image-7563\" srcset=\"https:\/\/localtrekkersperu.com\/wp-content\/uploads\/2025\/06\/inti-raymi-en-actualidad-1024x448.webp 1024w, https:\/\/localtrekkersperu.com\/wp-content\/uploads\/2025\/06\/inti-raymi-en-actualidad-300x131.webp 300w, https:\/\/localtrekkersperu.com\/wp-content\/uploads\/2025\/06\/inti-raymi-en-actualidad-768x336.webp 768w, https:\/\/localtrekkersperu.com\/wp-content\/uploads\/2025\/06\/inti-raymi-en-actualidad-1536x672.webp 1536w, https:\/\/localtrekkersperu.com\/wp-content\/uploads\/2025\/06\/inti-raymi-en-actualidad.webp 1600w\" sizes=\"auto, (max-width: 1024px) 100vw, 1024px\" \/><\/figure>\n\n\n\n<h2 class=\"wp-block-heading\" id=\"h-3-como-participar-del-inti-raymi\">3) Comment participer \u00e0 l&rsquo;Inti Raymi ?<\/h2>\n\n\n\n<h3 class=\"wp-block-heading\" id=\"h-entradas\">  Billets<\/h3>\n\n\n\n<ul class=\"wp-block-list\">\n<li><strong>Gratuit<\/strong>: Vous pouvez assister \u00e0 une partie de la c\u00e9r\u00e9monie \u00e0 Koricancha et Plaza de Armas.<\/li>\n\n\n\n<li><strong>Sacsayhuaman (tribunes)<\/strong>: billets \u00e0 partir de <strong> 50 USD<\/strong> (achat plusieurs mois \u00e0 l&rsquo;avance).<\/li>\n<\/ul>\n\n\n\n<h3 class=\"wp-block-heading\" id=\"h-consejos-para-asistir\">Conseils pour participer<\/h3>\n\n\n\n<div class=\"wp-block-advgb-list\"><ul class=\"advgblist-fdd54460-15a5-4bf6-9bb4-b9115f2cfc9d\">\n<li> <strong>Apportez des v\u00eatements chauds<\/strong> (il fait froid en juin \u00e0 Cusco).<\/li>\n\n\n\n<li> <strong>Mettez de la cr\u00e8me solaire et un chapeau<\/strong> (le soleil \u00e0 Sacsayhuaman est fort).<\/li>\n\n\n\n<li><strong>Arrivez t\u00f4t<\/strong> (les stands se remplissent rapidement).<\/li>\n<\/ul><\/div>\n\n\n\n<h2 class=\"wp-block-heading\" id=\"h-4-otras-actividades-en-cusco-durante-junio\">4. Autres activit\u00e9s \u00e0 Cusco en juin<\/h2>\n\n\n\n<h3 class=\"wp-block-heading\" id=\"h-cusco-week-semana-del-24-de-junio\">\u00ab\u00a0Semaine de Cusco (semaine du 24 juin)<\/h3>\n\n\n\n<ul class=\"wp-block-list\">\n<li>Foires artisanales, concerts et d\u00e9fil\u00e9s.<\/li>\n\n\n\n<li><strong>Nuit de la danse folklorique (<\/strong> 23 juin au stade Garcilaso).<\/li>\n<\/ul>\n\n\n\n<h3 class=\"wp-block-heading\" id=\"h-qoyllur-rit-i-peregrinacion-andina\">Qoyllur Rit&rsquo;i (P\u00e8lerinage andin)<\/h3>\n\n\n\n<ul class=\"wp-block-list\">\n<li>Se tient une semaine avant l&rsquo;Inti Raymi \u00e0 <strong>Sinaqara<\/strong> (Cusco).<\/li>\n<\/ul>\n\n\n\n<h2 class=\"wp-block-heading\" id=\"h-5-significado-cultural-del-inti-raymi\">5. Importance culturelle de l&rsquo;Inti Raymi<\/h2>\n\n\n\n<ul class=\"wp-block-list\">\n<li><strong>Renouvellement spirituel<\/strong>: remercier le soleil pour la vie et les r\u00e9coltes.<\/li>\n\n\n\n<li><strong>R\u00e9affirmation de l&rsquo;identit\u00e9<\/strong>: les Cusque\u00f1os pr\u00e9servent leur h\u00e9ritage inca.<\/li>\n\n\n\n<li><strong>Attraction touristique<\/strong>: attire des milliers de visiteurs chaque ann\u00e9e.<\/li>\n<\/ul>\n\n\n\n<h2 class=\"wp-block-heading\" id=\"h-conclusion-una-experiencia-que-trasciende-el-tiempo\">Conclusion : une exp\u00e9rience qui transcende le temps<\/h2>\n\n\n\n<p>L&rsquo;Inti Raymi n&rsquo;est pas seulement un spectacle, c&rsquo;est une&nbsp;La visite <strong>de Cusco<\/strong> vous permettra d \u00ab <strong>\u00e9tablir un lien vivant avec le pass\u00e9 des Incas<\/strong>. Si vous voulez ressentir l \u00bb \u00e9nergie de Cusco \u00e0 son meilleur, c&rsquo;est votre chance. <\/p>\n<style class=\"advgb-styles-renderer\">.wp-block-advgb-list ul.advgblist-fdd54460-15a5-4bf6-9bb4-b9115f2cfc9d > li{font-size:16px;}<\/style>","protected":false},"author":3,"featured_media":7556,"template":"","meta":{"_acf_changed":false,"advgb_blocks_editor_width":"","advgb_blocks_columns_visual_guide":""},"tip":[],"class_list":["post-7572","blog","type-blog","status-publish","has-post-thumbnail","hentry"],"acf":[],"yoast_head":"<!-- This site is optimized with the Yoast SEO Premium plugin v25.2 (Yoast SEO v27.4) - https:\/\/yoast.com\/product\/yoast-seo-premium-wordpress\/ -->\n<title>Inti Raymi : la grande f\u00eate du soleil \u00e0 Cusco - Local Trekkers Peru<\/title>\n<meta name=\"description\" content=\"D\u00e9couvrez l&#039;Inti Raymi \u00e0 Cusco, la grande f\u00eate inca du soleil. Histoire, rituels et conseils pour profiter de cet \u00e9v\u00e9nement culturel unique au P\u00e9rou.\" \/>\n<meta name=\"robots\" content=\"index, follow, max-snippet:-1, max-image-preview:large, max-video-preview:-1\" \/>\n<link rel=\"canonical\" href=\"https:\/\/localtrekkersperu.com\/fr\/blog\/inti-raymi-la-grande-fete-du-soleil-a-cusco\/\" \/>\n<meta property=\"og:locale\" content=\"fr_FR\" \/>\n<meta property=\"og:type\" content=\"article\" \/>\n<meta property=\"og:title\" content=\"Inti Raymi : la grande f\u00eate du soleil \u00e0 Cusco\" \/>\n<meta property=\"og:description\" content=\"D\u00e9couvrez l&#039;Inti Raymi \u00e0 Cusco, la grande f\u00eate inca du soleil. Histoire, rituels et conseils pour profiter de cet \u00e9v\u00e9nement culturel unique au P\u00e9rou.\" \/>\n<meta property=\"og:url\" content=\"https:\/\/localtrekkersperu.com\/fr\/blog\/inti-raymi-la-grande-fete-du-soleil-a-cusco\/\" \/>\n<meta property=\"og:site_name\" content=\"Local Trekkers Peru\" \/>\n<meta property=\"article:modified_time\" content=\"2025-06-23T17:36:33+00:00\" \/>\n<meta property=\"og:image\" content=\"https:\/\/localtrekkersperu.com\/wp-content\/uploads\/2025\/06\/inti-raymi.webp\" \/>\n\t<meta property=\"og:image:width\" content=\"800\" \/>\n\t<meta property=\"og:image:height\" content=\"600\" \/>\n\t<meta property=\"og:image:type\" content=\"image\/webp\" \/>\n<meta name=\"twitter:card\" content=\"summary_large_image\" \/>\n<meta name=\"twitter:label1\" content=\"Dur\u00e9e de lecture estim\u00e9e\" \/>\n\t<meta name=\"twitter:data1\" content=\"2 minutes\" \/>\n<script type=\"application\/ld+json\" class=\"yoast-schema-graph\">{\"@context\":\"https:\\\/\\\/schema.org\",\"@graph\":[{\"@type\":\"WebPage\",\"@id\":\"https:\\\/\\\/localtrekkersperu.com\\\/fr\\\/blog\\\/inti-raymi-la-grande-fete-du-soleil-a-cusco\\\/\",\"url\":\"https:\\\/\\\/localtrekkersperu.com\\\/fr\\\/blog\\\/inti-raymi-la-grande-fete-du-soleil-a-cusco\\\/\",\"name\":\"Inti Raymi : la grande f\u00eate du soleil \u00e0 Cusco - Local Trekkers Peru\",\"isPartOf\":{\"@id\":\"https:\\\/\\\/localtrekkersperu.com\\\/fr\\\/#website\"},\"primaryImageOfPage\":{\"@id\":\"https:\\\/\\\/localtrekkersperu.com\\\/fr\\\/blog\\\/inti-raymi-la-grande-fete-du-soleil-a-cusco\\\/#primaryimage\"},\"image\":{\"@id\":\"https:\\\/\\\/localtrekkersperu.com\\\/fr\\\/blog\\\/inti-raymi-la-grande-fete-du-soleil-a-cusco\\\/#primaryimage\"},\"thumbnailUrl\":\"https:\\\/\\\/localtrekkersperu.com\\\/wp-content\\\/uploads\\\/2025\\\/06\\\/inti-raymi.webp\",\"datePublished\":\"2025-06-23T01:21:00+00:00\",\"dateModified\":\"2025-06-23T17:36:33+00:00\",\"description\":\"D\u00e9couvrez l'Inti Raymi \u00e0 Cusco, la grande f\u00eate inca du soleil. Histoire, rituels et conseils pour profiter de cet \u00e9v\u00e9nement culturel unique au P\u00e9rou.\",\"breadcrumb\":{\"@id\":\"https:\\\/\\\/localtrekkersperu.com\\\/fr\\\/blog\\\/inti-raymi-la-grande-fete-du-soleil-a-cusco\\\/#breadcrumb\"},\"inLanguage\":\"fr-FR\",\"potentialAction\":[{\"@type\":\"ReadAction\",\"target\":[\"https:\\\/\\\/localtrekkersperu.com\\\/fr\\\/blog\\\/inti-raymi-la-grande-fete-du-soleil-a-cusco\\\/\"]}]},{\"@type\":\"ImageObject\",\"inLanguage\":\"fr-FR\",\"@id\":\"https:\\\/\\\/localtrekkersperu.com\\\/fr\\\/blog\\\/inti-raymi-la-grande-fete-du-soleil-a-cusco\\\/#primaryimage\",\"url\":\"https:\\\/\\\/localtrekkersperu.com\\\/wp-content\\\/uploads\\\/2025\\\/06\\\/inti-raymi.webp\",\"contentUrl\":\"https:\\\/\\\/localtrekkersperu.com\\\/wp-content\\\/uploads\\\/2025\\\/06\\\/inti-raymi.webp\",\"width\":800,\"height\":600},{\"@type\":\"BreadcrumbList\",\"@id\":\"https:\\\/\\\/localtrekkersperu.com\\\/fr\\\/blog\\\/inti-raymi-la-grande-fete-du-soleil-a-cusco\\\/#breadcrumb\",\"itemListElement\":[{\"@type\":\"ListItem\",\"position\":1,\"name\":\"Home\",\"item\":\"https:\\\/\\\/localtrekkersperu.com\\\/fr\\\/\"},{\"@type\":\"ListItem\",\"position\":2,\"name\":\"Blogs\",\"item\":\"https:\\\/\\\/localtrekkersperu.com\\\/fr\\\/blog\\\/\"},{\"@type\":\"ListItem\",\"position\":3,\"name\":\"Inti Raymi : la grande f\u00eate du soleil \u00e0 Cusco\"}]},{\"@type\":\"WebSite\",\"@id\":\"https:\\\/\\\/localtrekkersperu.com\\\/fr\\\/#website\",\"url\":\"https:\\\/\\\/localtrekkersperu.com\\\/fr\\\/\",\"name\":\"Local Trekkers Peru\",\"description\":\"\",\"publisher\":{\"@id\":\"https:\\\/\\\/localtrekkersperu.com\\\/fr\\\/#organization\"},\"potentialAction\":[{\"@type\":\"SearchAction\",\"target\":{\"@type\":\"EntryPoint\",\"urlTemplate\":\"https:\\\/\\\/localtrekkersperu.com\\\/fr\\\/?s={search_term_string}\"},\"query-input\":{\"@type\":\"PropertyValueSpecification\",\"valueRequired\":true,\"valueName\":\"search_term_string\"}}],\"inLanguage\":\"fr-FR\"},{\"@type\":\"Organization\",\"@id\":\"https:\\\/\\\/localtrekkersperu.com\\\/fr\\\/#organization\",\"name\":\"Local Trekkers Peru\",\"url\":\"https:\\\/\\\/localtrekkersperu.com\\\/fr\\\/\",\"logo\":{\"@type\":\"ImageObject\",\"inLanguage\":\"fr-FR\",\"@id\":\"https:\\\/\\\/localtrekkersperu.com\\\/fr\\\/#\\\/schema\\\/logo\\\/image\\\/\",\"url\":\"https:\\\/\\\/localtrekkersperu.com\\\/wp-content\\\/uploads\\\/2024\\\/08\\\/logo.png\",\"contentUrl\":\"https:\\\/\\\/localtrekkersperu.com\\\/wp-content\\\/uploads\\\/2024\\\/08\\\/logo.png\",\"width\":411,\"height\":122,\"caption\":\"Local Trekkers Peru\"},\"image\":{\"@id\":\"https:\\\/\\\/localtrekkersperu.com\\\/fr\\\/#\\\/schema\\\/logo\\\/image\\\/\"}}]}<\/script>\n<!-- \/ Yoast SEO Premium plugin. -->","yoast_head_json":{"title":"Inti Raymi : la grande f\u00eate du soleil \u00e0 Cusco - Local Trekkers Peru","description":"D\u00e9couvrez l'Inti Raymi \u00e0 Cusco, la grande f\u00eate inca du soleil. Histoire, rituels et conseils pour profiter de cet \u00e9v\u00e9nement culturel unique au P\u00e9rou.","robots":{"index":"index","follow":"follow","max-snippet":"max-snippet:-1","max-image-preview":"max-image-preview:large","max-video-preview":"max-video-preview:-1"},"canonical":"https:\/\/localtrekkersperu.com\/fr\/blog\/inti-raymi-la-grande-fete-du-soleil-a-cusco\/","og_locale":"fr_FR","og_type":"article","og_title":"Inti Raymi : la grande f\u00eate du soleil \u00e0 Cusco","og_description":"D\u00e9couvrez l'Inti Raymi \u00e0 Cusco, la grande f\u00eate inca du soleil. Histoire, rituels et conseils pour profiter de cet \u00e9v\u00e9nement culturel unique au P\u00e9rou.","og_url":"https:\/\/localtrekkersperu.com\/fr\/blog\/inti-raymi-la-grande-fete-du-soleil-a-cusco\/","og_site_name":"Local Trekkers Peru","article_modified_time":"2025-06-23T17:36:33+00:00","og_image":[{"width":800,"height":600,"url":"https:\/\/localtrekkersperu.com\/wp-content\/uploads\/2025\/06\/inti-raymi.webp","type":"image\/webp"}],"twitter_card":"summary_large_image","twitter_misc":{"Dur\u00e9e de lecture estim\u00e9e":"2 minutes"},"schema":{"@context":"https:\/\/schema.org","@graph":[{"@type":"WebPage","@id":"https:\/\/localtrekkersperu.com\/fr\/blog\/inti-raymi-la-grande-fete-du-soleil-a-cusco\/","url":"https:\/\/localtrekkersperu.com\/fr\/blog\/inti-raymi-la-grande-fete-du-soleil-a-cusco\/","name":"Inti Raymi : la grande f\u00eate du soleil \u00e0 Cusco - Local Trekkers Peru","isPartOf":{"@id":"https:\/\/localtrekkersperu.com\/fr\/#website"},"primaryImageOfPage":{"@id":"https:\/\/localtrekkersperu.com\/fr\/blog\/inti-raymi-la-grande-fete-du-soleil-a-cusco\/#primaryimage"},"image":{"@id":"https:\/\/localtrekkersperu.com\/fr\/blog\/inti-raymi-la-grande-fete-du-soleil-a-cusco\/#primaryimage"},"thumbnailUrl":"https:\/\/localtrekkersperu.com\/wp-content\/uploads\/2025\/06\/inti-raymi.webp","datePublished":"2025-06-23T01:21:00+00:00","dateModified":"2025-06-23T17:36:33+00:00","description":"D\u00e9couvrez l'Inti Raymi \u00e0 Cusco, la grande f\u00eate inca du soleil. Histoire, rituels et conseils pour profiter de cet \u00e9v\u00e9nement culturel unique au P\u00e9rou.","breadcrumb":{"@id":"https:\/\/localtrekkersperu.com\/fr\/blog\/inti-raymi-la-grande-fete-du-soleil-a-cusco\/#breadcrumb"},"inLanguage":"fr-FR","potentialAction":[{"@type":"ReadAction","target":["https:\/\/localtrekkersperu.com\/fr\/blog\/inti-raymi-la-grande-fete-du-soleil-a-cusco\/"]}]},{"@type":"ImageObject","inLanguage":"fr-FR","@id":"https:\/\/localtrekkersperu.com\/fr\/blog\/inti-raymi-la-grande-fete-du-soleil-a-cusco\/#primaryimage","url":"https:\/\/localtrekkersperu.com\/wp-content\/uploads\/2025\/06\/inti-raymi.webp","contentUrl":"https:\/\/localtrekkersperu.com\/wp-content\/uploads\/2025\/06\/inti-raymi.webp","width":800,"height":600},{"@type":"BreadcrumbList","@id":"https:\/\/localtrekkersperu.com\/fr\/blog\/inti-raymi-la-grande-fete-du-soleil-a-cusco\/#breadcrumb","itemListElement":[{"@type":"ListItem","position":1,"name":"Home","item":"https:\/\/localtrekkersperu.com\/fr\/"},{"@type":"ListItem","position":2,"name":"Blogs","item":"https:\/\/localtrekkersperu.com\/fr\/blog\/"},{"@type":"ListItem","position":3,"name":"Inti Raymi : la grande f\u00eate du soleil \u00e0 Cusco"}]},{"@type":"WebSite","@id":"https:\/\/localtrekkersperu.com\/fr\/#website","url":"https:\/\/localtrekkersperu.com\/fr\/","name":"Local Trekkers Peru","description":"","publisher":{"@id":"https:\/\/localtrekkersperu.com\/fr\/#organization"},"potentialAction":[{"@type":"SearchAction","target":{"@type":"EntryPoint","urlTemplate":"https:\/\/localtrekkersperu.com\/fr\/?s={search_term_string}"},"query-input":{"@type":"PropertyValueSpecification","valueRequired":true,"valueName":"search_term_string"}}],"inLanguage":"fr-FR"},{"@type":"Organization","@id":"https:\/\/localtrekkersperu.com\/fr\/#organization","name":"Local Trekkers Peru","url":"https:\/\/localtrekkersperu.com\/fr\/","logo":{"@type":"ImageObject","inLanguage":"fr-FR","@id":"https:\/\/localtrekkersperu.com\/fr\/#\/schema\/logo\/image\/","url":"https:\/\/localtrekkersperu.com\/wp-content\/uploads\/2024\/08\/logo.png","contentUrl":"https:\/\/localtrekkersperu.com\/wp-content\/uploads\/2024\/08\/logo.png","width":411,"height":122,"caption":"Local Trekkers Peru"},"image":{"@id":"https:\/\/localtrekkersperu.com\/fr\/#\/schema\/logo\/image\/"}}]}},"featured_img":"https:\/\/localtrekkersperu.com\/wp-content\/uploads\/2025\/06\/inti-raymi.webp","coauthors":[],"author_meta":{"author_link":"https:\/\/localtrekkersperu.com\/fr\/author\/admin_editor\/","display_name":"Editor"},"relative_dates":{"created":"Publi\u00e9 10 mois il y a","modified":"Mis \u00e0 jour 10 mois il y a"},"absolute_dates":{"created":"Publi\u00e9 le juin 23, 2025","modified":"Mise \u00e0 jour le juin 23, 2025"},"absolute_dates_time":{"created":"Publi\u00e9 le juin 23, 2025 1:21 am","modified":"Mise \u00e0 jour le juin 23, 2025 5:36 pm"},"featured_img_caption":"","tax_additional":{"tip":{"linked":[],"unlinked":[],"slug":"tip","name":"Tips"},"translation_priority":{"linked":["<a href=\"https:\/\/localtrekkersperu.com\/?taxonomy=translation_priority&#038;term=facultatif\" class=\"advgb-post-tax-term\">Facultatif<\/a>"],"unlinked":["<span class=\"advgb-post-tax-term\">Facultatif<\/span>"],"slug":"translation_priority","name":"Priorit\u00e9s de traduction"}},"series_order":"","_links":{"self":[{"href":"https:\/\/localtrekkersperu.com\/fr\/wp-json\/wp\/v2\/blog\/7572","targetHints":{"allow":["GET"]}}],"collection":[{"href":"https:\/\/localtrekkersperu.com\/fr\/wp-json\/wp\/v2\/blog"}],"about":[{"href":"https:\/\/localtrekkersperu.com\/fr\/wp-json\/wp\/v2\/types\/blog"}],"wp:featuredmedia":[{"embeddable":true,"href":"https:\/\/localtrekkersperu.com\/fr\/wp-json\/wp\/v2\/media\/7556"}],"wp:attachment":[{"href":"https:\/\/localtrekkersperu.com\/fr\/wp-json\/wp\/v2\/media?parent=7572"}],"wp:term":[{"taxonomy":"tip","embeddable":true,"href":"https:\/\/localtrekkersperu.com\/fr\/wp-json\/wp\/v2\/tip?post=7572"}],"curies":[{"name":"wp","href":"https:\/\/api.w.org\/{rel}","templated":true}]}}