{"id":11013,"date":"2026-03-10T20:11:14","date_gmt":"2026-03-10T20:11:14","guid":{"rendered":"https:\/\/localtrekkersperu.com\/blog\/viajar-a-machu-picchu-en-junio\/"},"modified":"2026-03-10T20:16:59","modified_gmt":"2026-03-10T20:16:59","slug":"voyager-a-machu-picchu-en-juin","status":"publish","type":"blog","link":"https:\/\/localtrekkersperu.com\/fr\/blog\/voyager-a-machu-picchu-en-juin\/","title":{"rendered":"Voyager \u00e0 Machu Picchu en juin"},"content":{"rendered":"\n<p>Vous r\u00eavez de d\u00e9couvrir la merveille inca, mais vous ne savez pas quel mois choisir pour votre exp\u00e9dition ? Si vous recherchez un ciel bleu d\u00e9gag\u00e9 et la photo de carte postale parfaite, <strong>voyager \u00e0 <a href=\"https:\/\/localtrekkersperu.com\/fr\/category\/excursions-au-machu-picchu\/\">Machu Picchu<\/a> en juin<\/strong> est probablement votre meilleure option.<\/p>\n\n\n\n<p>Cependant, nous savons que la planification de ce voyage soul\u00e8ve de nombreuses questions sur la m\u00e9t\u00e9o, l&rsquo;affluence touristique et les v\u00eatements appropri\u00e9s. Chez <strong>Local Trekkers Peru<\/strong>, nous sommes des experts de l&rsquo;itin\u00e9raire et avons pr\u00e9par\u00e9 ce guide d\u00e9finitif pour que votre aventure soit inoubliable.<\/p>\n\n\n\n<h2 class=\"wp-block-heading\" id=\"h-pourquoi-voyager-a-machu-picchu-en-juin-est-une-decision-brillante\">Pourquoi voyager \u00e0 Machu Picchu en juin est une d\u00e9cision brillante<\/h2>\n\n\n\n<p>Juin marque le point culminant de la saison s\u00e8che dans les Andes p\u00e9ruviennes. Cela se traduit par des journ\u00e9es radieuses, une probabilit\u00e9 de pluie quasi nulle et des paysages spectaculaires qui soulignent le vert profond des montagnes.<\/p>\n\n\n\n<p>De nombreux voyageurs consid\u00e8rent que c&rsquo;est la <strong>meilleure p\u00e9riode pour voyager au Machu Picchu en juin<\/strong>, car elle co\u00efncide avec le vibrant mois jubilaire de la r\u00e9gion de Cusco.<\/p>\n\n\n\n<p>Vous pourrez profiter non seulement de l&rsquo;imposante citadelle de pierre, mais aussi de festivit\u00e9s folkloriques uniques, comme le c\u00e9l\u00e8bre <strong>Inti Raymi<\/strong> (F\u00eate du Soleil) c\u00e9l\u00e9br\u00e9 chaque 24 juin.<\/p>\n\n\n\n<h2 class=\"wp-block-heading\" id=\"h-tout-ce-qu-il-faut-savoir-sur-la-meteo-a-machu-picchu-en-juin\">Tout ce qu&rsquo;il faut savoir sur la m\u00e9t\u00e9o \u00e0 Machu Picchu en juin<\/h2>\n\n\n\n<p>Comprendre la <strong>m\u00e9t\u00e9o au Machu Picchu en juin<\/strong> est absolument vital pour faire sa valise correctement et profiter de votre tour sans impr\u00e9vus.<\/p>\n\n\n\n<p>En pleine saison s\u00e8che, les journ\u00e9es sont tr\u00e8s ensoleill\u00e9es et chaudes, atteignant d&rsquo;agr\u00e9ables 20\u00b0C \u00e0 22\u00b0C (68\u00b0F &#8211; 71\u00b0F) sous le soleil andin.<\/p>\n\n\n\n<p>Pourtant, le contraste thermique est fort. Les petits matins et les nuits sont assez froids, et \u00e0 Aguas Calientes (le village au pied du site), la temp\u00e9rature peut descendre jusqu&rsquo;\u00e0 5\u00b0C (41\u00b0F).<\/p>\n\n\n\n<p>Cette dualit\u00e9 climatique marqu\u00e9e est le trait le plus typique de la <strong>saison au Machu Picchu en juin<\/strong>, il est donc essentiel de quitter l&rsquo;h\u00f4tel pr\u00e9par\u00e9 pour ces deux extr\u00eames.<\/p>\n\n\n\n<figure class=\"wp-block-gallery has-nested-images columns-default is-cropped wp-block-gallery-1 is-layout-flex wp-block-gallery-is-layout-flex\">\n<figure class=\"wp-block-image size-large\"><img loading=\"lazy\" decoding=\"async\" width=\"800\" height=\"600\" data-id=\"7984\" src=\"https:\/\/localtrekkersperu.com\/wp-content\/uploads\/2025\/08\/trenes-a-machupicchu.webp\" alt=\"\" class=\"wp-image-7984\" srcset=\"https:\/\/localtrekkersperu.com\/wp-content\/uploads\/2025\/08\/trenes-a-machupicchu.webp 800w, https:\/\/localtrekkersperu.com\/wp-content\/uploads\/2025\/08\/trenes-a-machupicchu-300x225.webp 300w, https:\/\/localtrekkersperu.com\/wp-content\/uploads\/2025\/08\/trenes-a-machupicchu-768x576.webp 768w\" sizes=\"auto, (max-width: 800px) 100vw, 800px\" \/><figcaption class=\"wp-element-caption\">Train pour le Machu Picchu<\/figcaption><\/figure>\n\n\n\n<figure class=\"wp-block-image size-large\"><img loading=\"lazy\" decoding=\"async\" width=\"1024\" height=\"682\" data-id=\"7888\" src=\"https:\/\/localtrekkersperu.com\/wp-content\/uploads\/2025\/08\/clima-machu-picchu-1024x682.webp\" alt=\"\" class=\"wp-image-7888\" srcset=\"https:\/\/localtrekkersperu.com\/wp-content\/uploads\/2025\/08\/clima-machu-picchu-1024x682.webp 1024w, https:\/\/localtrekkersperu.com\/wp-content\/uploads\/2025\/08\/clima-machu-picchu-300x200.webp 300w, https:\/\/localtrekkersperu.com\/wp-content\/uploads\/2025\/08\/clima-machu-picchu-768x512.webp 768w, https:\/\/localtrekkersperu.com\/wp-content\/uploads\/2025\/08\/clima-machu-picchu-1536x1023.webp 1536w, https:\/\/localtrekkersperu.com\/wp-content\/uploads\/2025\/08\/clima-machu-picchu-1500x1000.webp 1500w, https:\/\/localtrekkersperu.com\/wp-content\/uploads\/2025\/08\/clima-machu-picchu-600x400.webp 600w, https:\/\/localtrekkersperu.com\/wp-content\/uploads\/2025\/08\/clima-machu-picchu.webp 1600w\" sizes=\"auto, (max-width: 1024px) 100vw, 1024px\" \/><figcaption class=\"wp-element-caption\">Machu Picchu<\/figcaption><\/figure>\n\n\n\n<figure class=\"wp-block-image size-large\"><img loading=\"lazy\" decoding=\"async\" width=\"1024\" height=\"683\" data-id=\"7551\" src=\"https:\/\/localtrekkersperu.com\/wp-content\/uploads\/2025\/06\/llamas-en-machupicchu-1024x683.webp\" alt=\"\" class=\"wp-image-7551\" srcset=\"https:\/\/localtrekkersperu.com\/wp-content\/uploads\/2025\/06\/llamas-en-machupicchu-1024x683.webp 1024w, https:\/\/localtrekkersperu.com\/wp-content\/uploads\/2025\/06\/llamas-en-machupicchu-300x200.webp 300w, https:\/\/localtrekkersperu.com\/wp-content\/uploads\/2025\/06\/llamas-en-machupicchu-768x512.webp 768w, https:\/\/localtrekkersperu.com\/wp-content\/uploads\/2025\/06\/llamas-en-machupicchu-600x400.webp 600w, https:\/\/localtrekkersperu.com\/wp-content\/uploads\/2025\/06\/llamas-en-machupicchu.webp 1417w\" sizes=\"auto, (max-width: 1024px) 100vw, 1024px\" \/><figcaption class=\"wp-element-caption\">Machupicchu<\/figcaption><\/figure>\n<\/figure>\n\n\n\n<h2 class=\"wp-block-heading\" id=\"h-donnees-techniques-de-valeur-pour-votre-expedition\">Donn\u00e9es techniques de valeur pour votre exp\u00e9dition<\/h2>\n\n\n\n<p>Il ne s&rsquo;agit pas seulement d&rsquo;admirer le paysage ; conna\u00eetre la g\u00e9ographie et les conditions du terrain vous aidera \u00e0 planifier votre \u00e9nergie et \u00e0 \u00e9viter le redoutable mal des montagnes (<em>soroche<\/em>).<\/p>\n\n\n\n<ul class=\"wp-block-list\">\n<li><strong>Altitude du Machu Picchu :<\/strong> 2 430 m\u00e8tres d&rsquo;altitude. \u00c9tonnamment, c&rsquo;est une zone de for\u00eat de nuages beaucoup plus basse que la ville de Cusco (3 399 m).<\/li>\n\n\n\n<li><strong>Altitude de la montagne Huayna Picchu :<\/strong> 2 693 m.<\/li>\n\n\n\n<li><strong>Niveau de difficult\u00e9 :<\/strong> Mod\u00e9r\u00e9. Les circuits \u00e0 l&rsquo;int\u00e9rieur de la citadelle impliquent de monter et descendre des centaines de marches en pierre irr\u00e9guli\u00e8res.<\/li>\n\n\n\n<li><strong>Exigence physique :<\/strong> Le niveau \u00e9lev\u00e9 du <strong>tourisme au Machu Picchu en juin<\/strong> signifie que le rythme de marche doit \u00eatre fluide avec le groupe. Une condition cardiovasculaire de base est recommand\u00e9e.<\/li>\n<\/ul>\n\n\n\n<h2 class=\"wp-block-heading\" id=\"h-que-porter-au-machu-picchu-en-juin\">Que porter au Machu Picchu en juin ?<\/h2>\n\n\n\n<p>Pr\u00e9parer le bon sac \u00e0 dos fait la diff\u00e9rence entre subir le climat ou profiter de chaque minute. Voici notre liste indispensable sur <strong>que porter au Machu Picchu en juin<\/strong> :<\/p>\n\n\n\n<ul class=\"wp-block-list\">\n<li><strong>V\u00eatements en couches (syst\u00e8me \u00ab\u00a0oignon\u00a0\u00bb) :<\/strong> Un t-shirt respirant, un pull l\u00e9ger et une veste coupe-vent. \u00c0 mesure que le soleil chauffe, vous pourrez facilement retirer des couches.<\/li>\n\n\n\n<li><strong>Protection solaire stricte :<\/strong> Chapeau \u00e0 larges bords, lunettes de soleil avec filtre UV et cr\u00e8me solaire \u00e0 indice \u00e9lev\u00e9 (le soleil andin br\u00fble tr\u00e8s vite).<\/li>\n\n\n\n<li><strong>Chaussures avec une bonne adh\u00e9rence :<\/strong> Bottes de trekking ou chaussures de randonn\u00e9e confortables pour marcher en toute s\u00e9curit\u00e9 sur les pierres irr\u00e9guli\u00e8res.<\/li>\n\n\n\n<li><strong>Hydratation et documents :<\/strong> Gourde r\u00e9utilisable (les plastiques \u00e0 usage unique sont interdits) et votre <strong>passeport original<\/strong> ou pi\u00e8ce d&rsquo;identit\u00e9 valide.<\/li>\n<\/ul>\n\n\n\n<figure class=\"wp-block-gallery has-nested-images columns-default is-cropped wp-block-gallery-2 is-layout-flex wp-block-gallery-is-layout-flex\">\n<figure class=\"wp-block-image size-large\"><img loading=\"lazy\" decoding=\"async\" width=\"607\" height=\"359\" data-id=\"2652\" src=\"https:\/\/localtrekkersperu.com\/wp-content\/uploads\/2024\/10\/Machupicchu-with-Local-Trekkers-Peru-3.webp\" alt=\"\" class=\"wp-image-2652\" srcset=\"https:\/\/localtrekkersperu.com\/wp-content\/uploads\/2024\/10\/Machupicchu-with-Local-Trekkers-Peru-3.webp 607w, https:\/\/localtrekkersperu.com\/wp-content\/uploads\/2024\/10\/Machupicchu-with-Local-Trekkers-Peru-3-300x177.webp 300w\" sizes=\"auto, (max-width: 607px) 100vw, 607px\" \/><figcaption class=\"wp-element-caption\">Machu Picchu<\/figcaption><\/figure>\n\n\n\n<figure class=\"wp-block-image size-large\"><img loading=\"lazy\" decoding=\"async\" width=\"1024\" height=\"768\" data-id=\"1084\" src=\"https:\/\/localtrekkersperu.com\/wp-content\/uploads\/2024\/09\/Salkantay-Trek-Machupicchu-4days-Glamping-1-1024x768.webp\" alt=\"\" class=\"wp-image-1084\" srcset=\"https:\/\/localtrekkersperu.com\/wp-content\/uploads\/2024\/09\/Salkantay-Trek-Machupicchu-4days-Glamping-1-1024x768.webp 1024w, https:\/\/localtrekkersperu.com\/wp-content\/uploads\/2024\/09\/Salkantay-Trek-Machupicchu-4days-Glamping-1-300x225.webp 300w, https:\/\/localtrekkersperu.com\/wp-content\/uploads\/2024\/09\/Salkantay-Trek-Machupicchu-4days-Glamping-1-768x576.webp 768w, https:\/\/localtrekkersperu.com\/wp-content\/uploads\/2024\/09\/Salkantay-Trek-Machupicchu-4days-Glamping-1-1536x1152.webp 1536w, https:\/\/localtrekkersperu.com\/wp-content\/uploads\/2024\/09\/Salkantay-Trek-Machupicchu-4days-Glamping-1.webp 2000w\" sizes=\"auto, (max-width: 1024px) 100vw, 1024px\" \/><figcaption class=\"wp-element-caption\">Voyage au Machu Picchu<\/figcaption><\/figure>\n<\/figure>\n\n\n\n<h2 class=\"wp-block-heading\" id=\"h-conseils-d-expert-de-local-trekkers-peru\">Conseils d&rsquo;expert de Local Trekkers Peru<\/h2>\n\n\n\n<p>En tant qu&rsquo;agence locale sp\u00e9cialis\u00e9e, nous voulons que vous viviez une exp\u00e9rience fluide, s\u00fbre et sans stress lorsque vous venez <strong>visiter le Machu Picchu en juin<\/strong>. Notez bien ces secrets :<\/p>\n\n\n\n<ul class=\"wp-block-list\">\n<li><strong>Acclimatation strat\u00e9gique :<\/strong> Ne montez jamais \u00e0 la citadelle le jour m\u00eame de votre atterrissage. Passez au moins deux jours \u00e0 Cusco ou dans la Vall\u00e9e Sacr\u00e9e (qui est plus basse) pour habituer votre corps \u00e0 l&rsquo;altitude.<\/li>\n\n\n\n<li><strong>R\u00e9servez des mois \u00e0 l&rsquo;avance :<\/strong> Juin est le pic de la haute saison. Vous devez acheter vos billets de train et vos entr\u00e9es pour la merveille <strong>3 \u00e0 4 mois \u00e0 l&rsquo;avance<\/strong>. Ils s&rsquo;\u00e9puisent vite.<\/li>\n\n\n\n<li><strong>Choisissez le cr\u00e9neau de l&rsquo;apr\u00e8s-midi :<\/strong> Si vous voulez \u00e9viter les foules massives du matin, nous vous sugg\u00e9rons d&rsquo;entrer apr\u00e8s 14h00. La citadelle sera plus vide et la lumi\u00e8re du coucher de soleil est magique.<\/li>\n\n\n\n<li><strong>Attention aux moustiques :<\/strong> M\u00eame en saison s\u00e8che, le climat subtropical humide abrite de petits moustiques. L&rsquo;application de r\u00e9pulsif avant d&rsquo;entrer est obligatoire !<\/li>\n<\/ul>\n\n\n\n<h2 class=\"wp-block-heading\" id=\"h-conclusion\">Conclusion<\/h2>\n\n\n\n<p>En r\u00e9sum\u00e9, <strong>voyager au Machu Picchu en juin<\/strong> vous garantit des photos nettes, une m\u00e9t\u00e9o pr\u00e9visible et l&rsquo;opportunit\u00e9 de vous impr\u00e9gner de la vibrante culture andine pendant son mois de f\u00eate.<\/p>\n\n\n\n<p>Bien que ce soit une p\u00e9riode qui n\u00e9cessite plus de planification en raison de la forte demande mondiale, avec les bonnes informations et le soutien de v\u00e9ritables experts locaux, votre voyage sera un succ\u00e8s retentissant.<\/p>\n\n\n\n<p><\/p>\n","protected":false},"author":4,"featured_media":1377,"template":"","meta":{"_acf_changed":false,"advgb_blocks_editor_width":"","advgb_blocks_columns_visual_guide":""},"tip":[],"class_list":["post-11013","blog","type-blog","status-publish","has-post-thumbnail","hentry"],"acf":[],"yoast_head":"<!-- This site is optimized with the Yoast SEO Premium plugin v25.2 (Yoast SEO v27.4) - https:\/\/yoast.com\/product\/yoast-seo-premium-wordpress\/ -->\n<title>Voyager \u00e0 Machu Picchu en Juin : Guide Expert (M\u00e9t\u00e9o &amp; Conseils)<\/title>\n<meta name=\"description\" content=\"Vous pr\u00e9voyez de voyager \u00e0 Machu Picchu en juin ? D\u00e9couvrez la m\u00e9t\u00e9o id\u00e9ale, quoi emporter et les conseils d&#039;experts pour \u00e9viter la foule pendant la meilleure p\u00e9riode de l&#039;ann\u00e9e. Lisez-le ici !\" \/>\n<meta name=\"robots\" content=\"index, follow, max-snippet:-1, max-image-preview:large, max-video-preview:-1\" \/>\n<link rel=\"canonical\" href=\"https:\/\/localtrekkersperu.com\/fr\/blog\/voyager-a-machu-picchu-en-juin\/\" \/>\n<meta property=\"og:locale\" content=\"fr_FR\" \/>\n<meta property=\"og:type\" content=\"article\" \/>\n<meta property=\"og:title\" content=\"Voyager \u00e0 Machu Picchu en juin\" \/>\n<meta property=\"og:description\" content=\"Vous pr\u00e9voyez de voyager \u00e0 Machu Picchu en juin ? D\u00e9couvrez la m\u00e9t\u00e9o id\u00e9ale, quoi emporter et les conseils d&#039;experts pour \u00e9viter la foule pendant la meilleure p\u00e9riode de l&#039;ann\u00e9e. Lisez-le ici !\" \/>\n<meta property=\"og:url\" content=\"https:\/\/localtrekkersperu.com\/fr\/blog\/voyager-a-machu-picchu-en-juin\/\" \/>\n<meta property=\"og:site_name\" content=\"Local Trekkers Peru\" \/>\n<meta property=\"article:modified_time\" content=\"2026-03-10T20:16:59+00:00\" \/>\n<meta property=\"og:image\" content=\"https:\/\/localtrekkersperu.com\/wp-content\/uploads\/2024\/09\/Machupicchu-full-day-4.webp\" \/>\n\t<meta property=\"og:image:width\" content=\"1920\" \/>\n\t<meta property=\"og:image:height\" content=\"1080\" \/>\n\t<meta property=\"og:image:type\" content=\"image\/webp\" \/>\n<meta name=\"twitter:card\" content=\"summary_large_image\" \/>\n<meta name=\"twitter:label1\" content=\"Dur\u00e9e de lecture estim\u00e9e\" \/>\n\t<meta name=\"twitter:data1\" content=\"5 minutes\" \/>\n<script type=\"application\/ld+json\" class=\"yoast-schema-graph\">{\"@context\":\"https:\\\/\\\/schema.org\",\"@graph\":[{\"@type\":\"WebPage\",\"@id\":\"https:\\\/\\\/localtrekkersperu.com\\\/fr\\\/blog\\\/voyager-a-machu-picchu-en-juin\\\/\",\"url\":\"https:\\\/\\\/localtrekkersperu.com\\\/fr\\\/blog\\\/voyager-a-machu-picchu-en-juin\\\/\",\"name\":\"Voyager \u00e0 Machu Picchu en Juin : Guide Expert (M\u00e9t\u00e9o & Conseils)\",\"isPartOf\":{\"@id\":\"https:\\\/\\\/localtrekkersperu.com\\\/fr\\\/#website\"},\"primaryImageOfPage\":{\"@id\":\"https:\\\/\\\/localtrekkersperu.com\\\/fr\\\/blog\\\/voyager-a-machu-picchu-en-juin\\\/#primaryimage\"},\"image\":{\"@id\":\"https:\\\/\\\/localtrekkersperu.com\\\/fr\\\/blog\\\/voyager-a-machu-picchu-en-juin\\\/#primaryimage\"},\"thumbnailUrl\":\"https:\\\/\\\/localtrekkersperu.com\\\/wp-content\\\/uploads\\\/2024\\\/09\\\/Machupicchu-full-day-4.webp\",\"datePublished\":\"2026-03-10T20:11:14+00:00\",\"dateModified\":\"2026-03-10T20:16:59+00:00\",\"description\":\"Vous pr\u00e9voyez de voyager \u00e0 Machu Picchu en juin ? D\u00e9couvrez la m\u00e9t\u00e9o id\u00e9ale, quoi emporter et les conseils d'experts pour \u00e9viter la foule pendant la meilleure p\u00e9riode de l'ann\u00e9e. Lisez-le ici !\",\"breadcrumb\":{\"@id\":\"https:\\\/\\\/localtrekkersperu.com\\\/fr\\\/blog\\\/voyager-a-machu-picchu-en-juin\\\/#breadcrumb\"},\"inLanguage\":\"fr-FR\",\"potentialAction\":[{\"@type\":\"ReadAction\",\"target\":[\"https:\\\/\\\/localtrekkersperu.com\\\/fr\\\/blog\\\/voyager-a-machu-picchu-en-juin\\\/\"]}]},{\"@type\":\"ImageObject\",\"inLanguage\":\"fr-FR\",\"@id\":\"https:\\\/\\\/localtrekkersperu.com\\\/fr\\\/blog\\\/voyager-a-machu-picchu-en-juin\\\/#primaryimage\",\"url\":\"https:\\\/\\\/localtrekkersperu.com\\\/wp-content\\\/uploads\\\/2024\\\/09\\\/Machupicchu-full-day-4.webp\",\"contentUrl\":\"https:\\\/\\\/localtrekkersperu.com\\\/wp-content\\\/uploads\\\/2024\\\/09\\\/Machupicchu-full-day-4.webp\",\"width\":1920,\"height\":1080},{\"@type\":\"BreadcrumbList\",\"@id\":\"https:\\\/\\\/localtrekkersperu.com\\\/fr\\\/blog\\\/voyager-a-machu-picchu-en-juin\\\/#breadcrumb\",\"itemListElement\":[{\"@type\":\"ListItem\",\"position\":1,\"name\":\"Home\",\"item\":\"https:\\\/\\\/localtrekkersperu.com\\\/fr\\\/\"},{\"@type\":\"ListItem\",\"position\":2,\"name\":\"Blogs\",\"item\":\"https:\\\/\\\/localtrekkersperu.com\\\/fr\\\/blog\\\/\"},{\"@type\":\"ListItem\",\"position\":3,\"name\":\"Voyager \u00e0 Machu Picchu en juin\"}]},{\"@type\":\"WebSite\",\"@id\":\"https:\\\/\\\/localtrekkersperu.com\\\/fr\\\/#website\",\"url\":\"https:\\\/\\\/localtrekkersperu.com\\\/fr\\\/\",\"name\":\"Local Trekkers Peru\",\"description\":\"\",\"publisher\":{\"@id\":\"https:\\\/\\\/localtrekkersperu.com\\\/fr\\\/#organization\"},\"potentialAction\":[{\"@type\":\"SearchAction\",\"target\":{\"@type\":\"EntryPoint\",\"urlTemplate\":\"https:\\\/\\\/localtrekkersperu.com\\\/fr\\\/?s={search_term_string}\"},\"query-input\":{\"@type\":\"PropertyValueSpecification\",\"valueRequired\":true,\"valueName\":\"search_term_string\"}}],\"inLanguage\":\"fr-FR\"},{\"@type\":\"Organization\",\"@id\":\"https:\\\/\\\/localtrekkersperu.com\\\/fr\\\/#organization\",\"name\":\"Local Trekkers Peru\",\"url\":\"https:\\\/\\\/localtrekkersperu.com\\\/fr\\\/\",\"logo\":{\"@type\":\"ImageObject\",\"inLanguage\":\"fr-FR\",\"@id\":\"https:\\\/\\\/localtrekkersperu.com\\\/fr\\\/#\\\/schema\\\/logo\\\/image\\\/\",\"url\":\"https:\\\/\\\/localtrekkersperu.com\\\/wp-content\\\/uploads\\\/2024\\\/08\\\/logo.png\",\"contentUrl\":\"https:\\\/\\\/localtrekkersperu.com\\\/wp-content\\\/uploads\\\/2024\\\/08\\\/logo.png\",\"width\":411,\"height\":122,\"caption\":\"Local Trekkers Peru\"},\"image\":{\"@id\":\"https:\\\/\\\/localtrekkersperu.com\\\/fr\\\/#\\\/schema\\\/logo\\\/image\\\/\"}}]}<\/script>\n<!-- \/ Yoast SEO Premium plugin. -->","yoast_head_json":{"title":"Voyager \u00e0 Machu Picchu en Juin : Guide Expert (M\u00e9t\u00e9o & Conseils)","description":"Vous pr\u00e9voyez de voyager \u00e0 Machu Picchu en juin ? D\u00e9couvrez la m\u00e9t\u00e9o id\u00e9ale, quoi emporter et les conseils d'experts pour \u00e9viter la foule pendant la meilleure p\u00e9riode de l'ann\u00e9e. Lisez-le ici !","robots":{"index":"index","follow":"follow","max-snippet":"max-snippet:-1","max-image-preview":"max-image-preview:large","max-video-preview":"max-video-preview:-1"},"canonical":"https:\/\/localtrekkersperu.com\/fr\/blog\/voyager-a-machu-picchu-en-juin\/","og_locale":"fr_FR","og_type":"article","og_title":"Voyager \u00e0 Machu Picchu en juin","og_description":"Vous pr\u00e9voyez de voyager \u00e0 Machu Picchu en juin ? D\u00e9couvrez la m\u00e9t\u00e9o id\u00e9ale, quoi emporter et les conseils d'experts pour \u00e9viter la foule pendant la meilleure p\u00e9riode de l'ann\u00e9e. Lisez-le ici !","og_url":"https:\/\/localtrekkersperu.com\/fr\/blog\/voyager-a-machu-picchu-en-juin\/","og_site_name":"Local Trekkers Peru","article_modified_time":"2026-03-10T20:16:59+00:00","og_image":[{"width":1920,"height":1080,"url":"https:\/\/localtrekkersperu.com\/wp-content\/uploads\/2024\/09\/Machupicchu-full-day-4.webp","type":"image\/webp"}],"twitter_card":"summary_large_image","twitter_misc":{"Dur\u00e9e de lecture estim\u00e9e":"5 minutes"},"schema":{"@context":"https:\/\/schema.org","@graph":[{"@type":"WebPage","@id":"https:\/\/localtrekkersperu.com\/fr\/blog\/voyager-a-machu-picchu-en-juin\/","url":"https:\/\/localtrekkersperu.com\/fr\/blog\/voyager-a-machu-picchu-en-juin\/","name":"Voyager \u00e0 Machu Picchu en Juin : Guide Expert (M\u00e9t\u00e9o & Conseils)","isPartOf":{"@id":"https:\/\/localtrekkersperu.com\/fr\/#website"},"primaryImageOfPage":{"@id":"https:\/\/localtrekkersperu.com\/fr\/blog\/voyager-a-machu-picchu-en-juin\/#primaryimage"},"image":{"@id":"https:\/\/localtrekkersperu.com\/fr\/blog\/voyager-a-machu-picchu-en-juin\/#primaryimage"},"thumbnailUrl":"https:\/\/localtrekkersperu.com\/wp-content\/uploads\/2024\/09\/Machupicchu-full-day-4.webp","datePublished":"2026-03-10T20:11:14+00:00","dateModified":"2026-03-10T20:16:59+00:00","description":"Vous pr\u00e9voyez de voyager \u00e0 Machu Picchu en juin ? D\u00e9couvrez la m\u00e9t\u00e9o id\u00e9ale, quoi emporter et les conseils d'experts pour \u00e9viter la foule pendant la meilleure p\u00e9riode de l'ann\u00e9e. Lisez-le ici !","breadcrumb":{"@id":"https:\/\/localtrekkersperu.com\/fr\/blog\/voyager-a-machu-picchu-en-juin\/#breadcrumb"},"inLanguage":"fr-FR","potentialAction":[{"@type":"ReadAction","target":["https:\/\/localtrekkersperu.com\/fr\/blog\/voyager-a-machu-picchu-en-juin\/"]}]},{"@type":"ImageObject","inLanguage":"fr-FR","@id":"https:\/\/localtrekkersperu.com\/fr\/blog\/voyager-a-machu-picchu-en-juin\/#primaryimage","url":"https:\/\/localtrekkersperu.com\/wp-content\/uploads\/2024\/09\/Machupicchu-full-day-4.webp","contentUrl":"https:\/\/localtrekkersperu.com\/wp-content\/uploads\/2024\/09\/Machupicchu-full-day-4.webp","width":1920,"height":1080},{"@type":"BreadcrumbList","@id":"https:\/\/localtrekkersperu.com\/fr\/blog\/voyager-a-machu-picchu-en-juin\/#breadcrumb","itemListElement":[{"@type":"ListItem","position":1,"name":"Home","item":"https:\/\/localtrekkersperu.com\/fr\/"},{"@type":"ListItem","position":2,"name":"Blogs","item":"https:\/\/localtrekkersperu.com\/fr\/blog\/"},{"@type":"ListItem","position":3,"name":"Voyager \u00e0 Machu Picchu en juin"}]},{"@type":"WebSite","@id":"https:\/\/localtrekkersperu.com\/fr\/#website","url":"https:\/\/localtrekkersperu.com\/fr\/","name":"Local Trekkers Peru","description":"","publisher":{"@id":"https:\/\/localtrekkersperu.com\/fr\/#organization"},"potentialAction":[{"@type":"SearchAction","target":{"@type":"EntryPoint","urlTemplate":"https:\/\/localtrekkersperu.com\/fr\/?s={search_term_string}"},"query-input":{"@type":"PropertyValueSpecification","valueRequired":true,"valueName":"search_term_string"}}],"inLanguage":"fr-FR"},{"@type":"Organization","@id":"https:\/\/localtrekkersperu.com\/fr\/#organization","name":"Local Trekkers Peru","url":"https:\/\/localtrekkersperu.com\/fr\/","logo":{"@type":"ImageObject","inLanguage":"fr-FR","@id":"https:\/\/localtrekkersperu.com\/fr\/#\/schema\/logo\/image\/","url":"https:\/\/localtrekkersperu.com\/wp-content\/uploads\/2024\/08\/logo.png","contentUrl":"https:\/\/localtrekkersperu.com\/wp-content\/uploads\/2024\/08\/logo.png","width":411,"height":122,"caption":"Local Trekkers Peru"},"image":{"@id":"https:\/\/localtrekkersperu.com\/fr\/#\/schema\/logo\/image\/"}}]}},"featured_img":"https:\/\/localtrekkersperu.com\/wp-content\/uploads\/2024\/09\/Machupicchu-full-day-4.webp","coauthors":[],"author_meta":{"author_link":"https:\/\/localtrekkersperu.com\/fr\/author\/editor_seo\/","display_name":"editor_seo"},"relative_dates":{"created":"Publi\u00e9 2 mois il y a","modified":"Mis \u00e0 jour 2 mois il y a"},"absolute_dates":{"created":"Publi\u00e9 le mars 10, 2026","modified":"Mise \u00e0 jour le mars 10, 2026"},"absolute_dates_time":{"created":"Publi\u00e9 le mars 10, 2026 8:11 pm","modified":"Mise \u00e0 jour le mars 10, 2026 8:16 pm"},"featured_img_caption":"","tax_additional":{"tip":{"linked":[],"unlinked":[],"slug":"tip","name":"Tips"},"translation_priority":{"linked":["<a href=\"https:\/\/localtrekkersperu.com\/?taxonomy=translation_priority&#038;term=optional\" class=\"advgb-post-tax-term\">Optional<\/a>"],"unlinked":["<span class=\"advgb-post-tax-term\">Optional<\/span>"],"slug":"translation_priority","name":"Priorit\u00e9s de traduction"}},"series_order":"","_links":{"self":[{"href":"https:\/\/localtrekkersperu.com\/fr\/wp-json\/wp\/v2\/blog\/11013","targetHints":{"allow":["GET"]}}],"collection":[{"href":"https:\/\/localtrekkersperu.com\/fr\/wp-json\/wp\/v2\/blog"}],"about":[{"href":"https:\/\/localtrekkersperu.com\/fr\/wp-json\/wp\/v2\/types\/blog"}],"wp:featuredmedia":[{"embeddable":true,"href":"https:\/\/localtrekkersperu.com\/fr\/wp-json\/wp\/v2\/media\/1377"}],"wp:attachment":[{"href":"https:\/\/localtrekkersperu.com\/fr\/wp-json\/wp\/v2\/media?parent=11013"}],"wp:term":[{"taxonomy":"tip","embeddable":true,"href":"https:\/\/localtrekkersperu.com\/fr\/wp-json\/wp\/v2\/tip?post=11013"}],"curies":[{"name":"wp","href":"https:\/\/api.w.org\/{rel}","templated":true}]}}