{"id":371,"date":"2024-09-18T00:27:29","date_gmt":"2024-09-18T00:27:29","guid":{"rendered":"https:\/\/localtrekkersperu.com\/zona-cultural-de-manu3-dias-y-2-noches-copy\/"},"modified":"2026-03-18T23:26:23","modified_gmt":"2026-03-18T23:26:23","slug":"zona-cultural-de-manu-4-dias-y-3-noches","status":"publish","type":"post","link":"https:\/\/localtrekkersperu.com\/es\/zona-cultural-de-manu-4-dias-y-3-noches\/","title":{"rendered":"Zona Cultural de Manu 4 Dias y 3 Noches"},"content":{"rendered":"\n<div class=\"wp-block-columns is-layout-flex wp-container-core-columns-is-layout-9d6595d7 wp-block-columns-is-layout-flex\">\n<div class=\"wp-block-column is-layout-flow wp-block-column-is-layout-flow\" style=\"flex-basis:75%\">\n<h2 class=\"wp-block-heading\" id=\"h-descubre-la-magia-de-la-amazonia-tour-de-4-dias-en-el-parque-nacional-del-manu\"><strong>Descubre la Magia de la Amazon\u00eda: Tour de 4 D\u00edas en el Parque Nacional del Manu<\/strong><\/h2>\n\n\n\n<p>\u00a1Bienvenido a una de las aventuras m\u00e1s extraordinarias de tu vida con Local Trekkers Per\u00fa! Si alguna vez so\u00f1aste con adentrarte en el pulm\u00f3n verde del planeta, explorar el <strong>parque nacional del manu<\/strong> es el viaje definitivo que transformar\u00e1 tu forma de ver la naturaleza.<\/p>\n\n\n\n<p>Ubicada entre las regiones de Madre de Dios y Paucartambo, en Cusco, esta maravillosa biosfera protegida es mucho m\u00e1s que un destino; es un santuario de vida salvaje. Declarada Patrimonio de la Humanidad por la UNESCO, te invita a desconectar del mundo moderno y reconectar con la tierra en su estado m\u00e1s puro.<\/p>\n\n\n\n<p>La majestuosa <strong>reserva del manu<\/strong> es el \u00e1rea protegida m\u00e1s grande del Per\u00fa, abarcando casi dos millones de hect\u00e1reas de vida silvestre intacta. Al recorrer sus senderos, caminar\u00e1s sobre el \u00faltimo refugio de especies legendarias como el imponente Jaguar amaz\u00f3nico.<\/p>\n\n\n\n<p>Prep\u00e1rate para respirar aire puro mientras te rodeas de m\u00e1s de 15,000 especies de plantas y te maravillas con el vuelo de m\u00e1s de 1,000 especies de aves. Aqu\u00ed, la biodiversidad no se cuenta, se siente en cada paso.<\/p>\n\n\n\n<div class=\"bg-gray-300 border-t border-x border-gray-400 py-1\">\n\n\n                                <span class=\"block text-center text-black\">Informaci\u00f3n \u00datil<\/span>\n                \n\n<\/div>\n<div class=\"flex\">\n    <div class=\"flex-1 border-y py-3 border-gray-400 border\">\n            <img decoding=\"async\" src=\"https:\/\/localtrekkersperu.com\/wp-content\/themes\/localtrekkers\/img\/icons\/location.svg\" class=\"mx-auto h-auto w-8\" alt=\"\">\n\n                                        <span class=\"block text-center mt-1 font-nunito font-semibold text-sm\">Lugares Visitados:<\/span>\n                \n            <span class=\"block text-center text-sm font-nunito text-gray-600\">Parque Manu<\/span>\n    <\/div>\n    <div class=\"flex-1 border-y py-3 border-gray-400 border-r\">\n            <img decoding=\"async\" src=\"https:\/\/localtrekkersperu.com\/wp-content\/themes\/localtrekkers\/img\/icons\/altitude.svg\" class=\"mx-auto h-auto w-9 -mt-1\" alt=\"\">\n\n                                         <span class=\"block text-center mt-1 font-nunito font-semibold text-sm\">Altitud Inicial:<\/span>\n                \n            <span class=\"block text-center text-sm font-nunito text-gray-600\">3400 masl = 11154 Pies<\/span>\n    <\/div>\n    <div class=\"flex-1 border-y py-3 border-gray-400 border-r\">\n            <img decoding=\"async\" src=\"https:\/\/localtrekkersperu.com\/wp-content\/themes\/localtrekkers\/img\/icons\/point.svg\" class=\"mx-auto h-auto w-8\" alt=\"\">\n\n                                          <span class=\"block text-center mt-1 font-nunito font-semibold text-sm\">Punto m\u00e1s Alto:<\/span>\n                \n            <span class=\"block text-center text-sm font-nunito text-gray-600\">4000 masl = 13123 Pies<\/span>\n    <\/div>\n    <div class=\"flex-1 border-y py-3 border-gray-400 border-r\">\n            <img decoding=\"async\" src=\"https:\/\/localtrekkersperu.com\/wp-content\/themes\/localtrekkers\/img\/icons\/group.svg\" class=\"mx-auto h-auto w-8\" alt=\"\">\n\n                                       <span class=\"block text-center mt-1 font-nunito font-semibold text-sm\">Grupo de Personas:<\/span>\n                \n            <span class=\"block text-center text-sm font-nunito text-gray-600\">Minimo 2 paxs &amp; Maximo 10 paxs<\/span>\n    <\/div>\n    <div class=\"flex-1 border-y py-3 border-gray-400 border-r\">\n            <img decoding=\"async\" src=\"https:\/\/localtrekkersperu.com\/wp-content\/themes\/localtrekkers\/img\/icons\/level.svg\" class=\"mx-auto h-auto w-8\" alt=\"\">\n\n                                      <span class=\"block text-center mt-1 font-nunito font-semibold text-sm\">Nivel de Dificultad:<\/span>\n                \n            <span class=\"block text-center text-sm font-nunito text-gray-600\">3\/5<\/span>\n    <\/div>\n<\/div><\/div>\n\n\n\n<div class=\"wp-block-column is-layout-flow wp-block-column-is-layout-flow\" style=\"flex-basis:25%\">    \n    <div class=\"pl-1\">\n                    <div class=\"border bg-gray-100 py-4 rounded-md\">\n                <span class=\"block text-xl text-ltk2 font-extrabold text-center mb-2 uppercase font-nunito\">Zona Cultural de Manu 4 Dias y 3 Noches<\/span>\n                <hr>\n                <div class=\"px-3 text-center py-2\">\n                    <span>From <\/span><span class=\"text-3xl font-semibold text-gray-800\">$ 580 <\/span><span>USD<\/span>\n                <\/div>\n\n                <div class=\"bg-white py-2 my-6 px-4 mx-4 border\">\n                    <span class=\"block text-gray-800 mb-2 font-bold font-nunito\">\u00bfPor qu\u00e9 reservar con nosotros?<\/span>\n                    <ul class=\"list-disc list-inside\">\n                        <li class=\"mb-2 text-sm border-b border-gray-100 pb-1\">Tenemos precios competitivos<\/li>\n                        <li class=\"mb-2 text-sm border-b border-gray-100 pb-1\">Servicio al cliente r\u00e1pido en todo momento<\/li>\n                        <li class=\"mb-2 text-sm border-b border-gray-100 pb-1\">Experiencia garantizada de por vida<\/li>\n                        <li class=\"mb-2 text-sm border-b border-gray-100 pb-1\">Tenemos responsabilidad social, realizamos trabajo social<\/li>\n                    <\/ul>\n                <\/div>\n\n                <a href=\"\/es\/formulario-de-reserva?tour=Zona+Cultural+de+Manu+4+Dias+y+3+Noches\" class=\"bg-red-600 px-8 text-center mx-4 py-2 rounded-md text-white text-xl block font-bold hover:bg-red-700 uppercase transition-all delay-150\">Reservar ahora<\/a>\n            <\/div>\n            <div class=\"mt-8\">\n                <a href=\"\/es\/contactos\/\" class=\"bg-ltk2 uppercase px-8 text-center mx-4 py-2 rounded-md text-white text-xl block font-bold hover:bg-red-700 transition-all delay-150\">CONT\u00c1CTENOS<\/a>\n            <\/div>\n\n            <\/div>\n    \n    \n<\/div>\n<\/div>\n\n\n<div class=\"responsive-tabs\">\n<h2 class=\"tabtitle\">Itinerario<\/h2>\n<div class=\"tabcontent\">\n\n\n\n\n<h2 class=\"wp-block-heading\" id=\"h-dia-01-cusco-bosque-nublado-bamboo-lodge\">D\u00cdA 01: Cusco \u2013 Bosque Nublado \u2013 Bamboo Lodge<\/h2>\n\n\n\n<ul class=\"wp-block-list\">\n<li><strong>[Temprano por la Ma\u00f1ana] \u2013 Salida desde Cusco y Viaje en el Tiempo:<\/strong> Iniciamos nuestra aventura a bordo de nuestro c\u00f3modo bus privado. Nuestra primera parada ser\u00e1 el pintoresco pueblo folkl\u00f3rico de Paucartambo, seguido de una fascinante exploraci\u00f3n por las enigm\u00e1ticas torres funerarias pre-incas de <strong>Ninamarca<\/strong>.<\/li>\n\n\n\n<li><strong>[Media Ma\u00f1ana] \u2013 Traves\u00eda por el Bosque M\u00e1gico:<\/strong> Nos adentraremos en el exuberante bosque nublado, un ecosistema de ensue\u00f1o adornado con hermosas orqu\u00eddeas. Mant\u00e9n tu c\u00e1mara lista para capturar al <strong>Gallito de las Rocas<\/strong> (ave nacional del Per\u00fa), monos juguetones y, con un poco de suerte, al escurridizo oso de anteojos.<\/li>\n\n\n\n<li><strong>[Por la Tarde] \u2013 Llegada y Relax en Pilcopata:<\/strong> Concluiremos nuestra primera jornada llegando a nuestro acogedor <strong>Bamboo Lodge<\/strong>. Aqu\u00ed podr\u00e1s refrescarte en sus duchas y ba\u00f1os privados, rodeado de la tranquilidad del entorno natural.<\/li>\n<\/ul>\n\n\n\n<figure class=\"wp-block-image size-full\"><img loading=\"lazy\" decoding=\"async\" width=\"1350\" height=\"450\" src=\"https:\/\/localtrekkersperu.com\/wp-content\/uploads\/2024\/09\/image-484.webp\" alt=\"Zona Cultural\" class=\"wp-image-6205\" title=\"Zona Cultural de Manu - Local Trekkers Peru\" srcset=\"https:\/\/localtrekkersperu.com\/wp-content\/uploads\/2024\/09\/image-484.webp 1350w, https:\/\/localtrekkersperu.com\/wp-content\/uploads\/2024\/09\/image-484-300x100.webp 300w, https:\/\/localtrekkersperu.com\/wp-content\/uploads\/2024\/09\/image-484-1024x341.webp 1024w, https:\/\/localtrekkersperu.com\/wp-content\/uploads\/2024\/09\/image-484-768x256.webp 768w\" sizes=\"auto, (max-width: 1350px) 100vw, 1350px\" \/><\/figure>\n\n\n\n<h2 class=\"wp-block-heading\" id=\"h-dia-02-pilcopata-puerto-atalaya-soga-de-oro-lodge\">D\u00cdA 02: Pilcopata \u2013 Puerto Atalaya \u2013 Soga de Oro Lodge<\/h2>\n\n\n\n<ul class=\"wp-block-list\">\n<li><strong>[Por la Ma\u00f1ana] \u2013 Energ\u00eda Matutina:<\/strong> Disfrutaremos de un delicioso y reconfortante desayuno antes de que nuestro transporte privado nos traslade hacia el pintoresco puesto de <strong>Atalaya<\/strong>.<\/li>\n\n\n\n<li><strong>[Media Ma\u00f1ana] \u2013 Navegando los manu rios:<\/strong> Nos embarcaremos en un viaje de 30 minutos por las aguas del r\u00edo Alto Madre de Dios. Durante este trayecto, seremos testigos del majestuoso vuelo de garzas y del imponente c\u00f3ndor rey de la selva, adem\u00e1s de observar a los simp\u00e1ticos capibaras en las orillas.<\/li>\n\n\n\n<li><strong>[Por la Tarde] \u2013 Exploraci\u00f3n Profunda:<\/strong> Realizaremos una fascinante caminata de aproximadamente 3 horas intern\u00e1ndonos en el coraz\u00f3n de la selva viva, descubriendo los secretos que esconde su densa vegetaci\u00f3n.<\/li>\n\n\n\n<li><strong>[Noche] \u2013 Descanso y Aventura Opcional:<\/strong> Llegaremos a nuestro <strong>Soga de Oro Lodge<\/strong> para tomar una refrescante ducha y descansar. Para los m\u00e1s aventureros, ofrecemos una <strong>caminata nocturna opcional<\/strong> para descubrir la misteriosa fauna que despierta bajo la luz de la luna.<\/li>\n<\/ul>\n\n\n\n<figure class=\"wp-block-image size-full\"><img loading=\"lazy\" decoding=\"async\" width=\"1350\" height=\"450\" src=\"https:\/\/localtrekkersperu.com\/wp-content\/uploads\/2024\/09\/image-485.webp\" alt=\"Zona Cultural\" class=\"wp-image-6208\" title=\"Zona Cultural de Manu - Local Trekkers Peru\" srcset=\"https:\/\/localtrekkersperu.com\/wp-content\/uploads\/2024\/09\/image-485.webp 1350w, https:\/\/localtrekkersperu.com\/wp-content\/uploads\/2024\/09\/image-485-300x100.webp 300w, https:\/\/localtrekkersperu.com\/wp-content\/uploads\/2024\/09\/image-485-1024x341.webp 1024w, https:\/\/localtrekkersperu.com\/wp-content\/uploads\/2024\/09\/image-485-768x256.webp 768w\" sizes=\"auto, (max-width: 1350px) 100vw, 1350px\" \/><\/figure>\n\n\n\n<h2 class=\"wp-block-heading\" id=\"h-dia-03-soga-de-oro-lodge-colpa-de-loros-lago-machuhuasi\">D\u00cdA 03: Soga de Oro Lodge \u2013 Colpa de Loros \u2013 Lago Machuhuasi<\/h2>\n\n\n\n<ul class=\"wp-block-list\">\n<li><strong>[Muy Temprano] \u2013 El Espect\u00e1culo de la Colpa:<\/strong> Tras un desayuno de madrugada, navegaremos 25 minutos hasta la famosa colpa de arcilla. Aqu\u00ed presenciar\u00e1s un espect\u00e1culo vibrante y ruidoso mientras decenas de loros y aves ex\u00f3ticas se re\u00fanen para alimentarse, una experiencia visual inolvidable.<\/li>\n\n\n\n<li><strong>[Media Ma\u00f1ana] \u2013 Navegaci\u00f3n Tradicional:<\/strong> Retornaremos para dirigirnos a la apacible laguna de <strong>Machuhuasi<\/strong>. Subiremos a bordo de balsas nativas tradicionales para navegar durante 2 horas, apreciando la rica fauna acu\u00e1tica y las especies que habitan en los imponentes \u00e1rboles ribere\u00f1os.<\/li>\n\n\n\n<li><strong>[Por la Tarde] \u2013 Rastreo de Especies:<\/strong> Dedicaremos las \u00faltimas horas de luz a realizar caminatas exploratorias alrededor de nuestro lodge, buscando especies \u00fanicas que hacen del <strong>parque nacional de manu<\/strong> un para\u00edso para los bi\u00f3logos y amantes de la naturaleza.<\/li>\n<\/ul>\n\n\n\n<figure class=\"wp-block-image size-full\"><img loading=\"lazy\" decoding=\"async\" width=\"1350\" height=\"450\" src=\"https:\/\/localtrekkersperu.com\/wp-content\/uploads\/2024\/09\/image-486.webp\" alt=\"Zona Cultural\" class=\"wp-image-6211\" title=\"Zona Cultural de Manu - Local Trekkers Peru\" srcset=\"https:\/\/localtrekkersperu.com\/wp-content\/uploads\/2024\/09\/image-486.webp 1350w, https:\/\/localtrekkersperu.com\/wp-content\/uploads\/2024\/09\/image-486-300x100.webp 300w, https:\/\/localtrekkersperu.com\/wp-content\/uploads\/2024\/09\/image-486-1024x341.webp 1024w, https:\/\/localtrekkersperu.com\/wp-content\/uploads\/2024\/09\/image-486-768x256.webp 768w\" sizes=\"auto, (max-width: 1350px) 100vw, 1350px\" \/><\/figure>\n\n\n\n<h2 class=\"wp-block-heading\" id=\"h-dia-04-soga-de-oro-lodge-puerto-de-atalaya-cusco\">D\u00cdA 04: Soga de Oro Lodge \u2013 Puerto de Atalaya \u2013 Cusco<\/h2>\n\n\n\n<ul class=\"wp-block-list\">\n<li><strong>[Por la Ma\u00f1ana] \u2013 \u00daltimo Amanecer Amaz\u00f3nico:<\/strong> Disfrutaremos de nuestro desayuno final rodeados de los cantos de la selva, prepar\u00e1ndonos para emprender el viaje de retorno.<\/li>\n\n\n\n<li><strong>[Resto del D\u00eda] \u2013 Regreso con Recuerdos Inolvidables:<\/strong> Navegaremos de vuelta al puerto de Atalaya, despidi\u00e9ndonos de este hermoso pueblo amaz\u00f3nico. Nuestro bus nos estar\u00e1 esperando para iniciar el c\u00f3modo y panor\u00e1mico viaje de regreso a la ciudad de Cusco.<\/li>\n<\/ul>\n\n\n\n<figure class=\"wp-block-image size-full\"><img loading=\"lazy\" decoding=\"async\" width=\"1350\" height=\"450\" src=\"https:\/\/localtrekkersperu.com\/wp-content\/uploads\/2024\/09\/image-487.webp\" alt=\"\" class=\"wp-image-6214\" title=\"Zona Cultural de Manu - Local Trekkers Peru\" srcset=\"https:\/\/localtrekkersperu.com\/wp-content\/uploads\/2024\/09\/image-487.webp 1350w, https:\/\/localtrekkersperu.com\/wp-content\/uploads\/2024\/09\/image-487-300x100.webp 300w, https:\/\/localtrekkersperu.com\/wp-content\/uploads\/2024\/09\/image-487-1024x341.webp 1024w, https:\/\/localtrekkersperu.com\/wp-content\/uploads\/2024\/09\/image-487-768x256.webp 768w\" sizes=\"auto, (max-width: 1350px) 100vw, 1350px\" \/><\/figure>\n\n\n\n<h2 class=\"wp-block-heading\" id=\"h-listo-para-despertar-tu-espiritu-aventurero\">\u00bfListo para Despertar tu Esp\u00edritu Aventurero?<\/h2>\n\n\n\n<p>Explorar el <strong>parque nacional del manu<\/strong> no es solo un tour tur\u00edstico, es una expedici\u00f3n hacia el coraz\u00f3n vibrante de nuestro planeta. Desde navegar r\u00edos ancestrales hasta caminar bajo la sombra de \u00e1rboles gigantes, cada segundo de estos 4 d\u00edas est\u00e1 dise\u00f1ado para maravillarte.<\/p>\n\n\n\n<\/div><h2 class=\"tabtitle\">Map<\/h2>\n<div class=\"tabcontent\">\n\n\n\n\n<figure data-wp-context=\"{&quot;imageId&quot;:&quot;69f203a0b4256&quot;}\" data-wp-interactive=\"core\/image\" data-wp-key=\"69f203a0b4256\" class=\"wp-block-image size-full wp-lightbox-container\"><img loading=\"lazy\" decoding=\"async\" width=\"1920\" height=\"1440\" data-wp-class--hide=\"state.isContentHidden\" data-wp-class--show=\"state.isContentVisible\" data-wp-init=\"callbacks.setButtonStyles\" data-wp-on--click=\"actions.showLightbox\" data-wp-on--load=\"callbacks.setButtonStyles\" data-wp-on-window--resize=\"callbacks.setButtonStyles\" src=\"https:\/\/localtrekkersperu.com\/wp-content\/uploads\/2024\/09\/image-37.png\" alt=\"\" class=\"wp-image-450\" srcset=\"https:\/\/localtrekkersperu.com\/wp-content\/uploads\/2024\/09\/image-37.png 1920w, https:\/\/localtrekkersperu.com\/wp-content\/uploads\/2024\/09\/image-37-300x225.png 300w, https:\/\/localtrekkersperu.com\/wp-content\/uploads\/2024\/09\/image-37-768x576.png 768w, https:\/\/localtrekkersperu.com\/wp-content\/uploads\/2024\/09\/image-37-1024x768.png 1024w, https:\/\/localtrekkersperu.com\/wp-content\/uploads\/2024\/09\/image-37-1536x1152.png 1536w\" sizes=\"auto, (max-width: 1920px) 100vw, 1920px\" \/><button\n\t\t\tclass=\"lightbox-trigger\"\n\t\t\ttype=\"button\"\n\t\t\taria-haspopup=\"dialog\"\n\t\t\taria-label=\"Agrandar\"\n\t\t\tdata-wp-init=\"callbacks.initTriggerButton\"\n\t\t\tdata-wp-on--click=\"actions.showLightbox\"\n\t\t\tdata-wp-style--right=\"state.imageButtonRight\"\n\t\t\tdata-wp-style--top=\"state.imageButtonTop\"\n\t\t>\n\t\t\t<svg xmlns=\"http:\/\/www.w3.org\/2000\/svg\" width=\"12\" height=\"12\" fill=\"none\" viewBox=\"0 0 12 12\">\n\t\t\t\t<path fill=\"#fff\" d=\"M2 0a2 2 0 0 0-2 2v2h1.5V2a.5.5 0 0 1 .5-.5h2V0H2Zm2 10.5H2a.5.5 0 0 1-.5-.5V8H0v2a2 2 0 0 0 2 2h2v-1.5ZM8 12v-1.5h2a.5.5 0 0 0 .5-.5V8H12v2a2 2 0 0 1-2 2H8Zm2-12a2 2 0 0 1 2 2v2h-1.5V2a.5.5 0 0 0-.5-.5H8V0h2Z\" \/>\n\t\t\t<\/svg>\n\t\t<\/button><\/figure>\n\n\n\n<\/div><h2 class=\"tabtitle\">Incluye<\/h2>\n<div class=\"tabcontent\">\n\n\n\n\n<h3 class=\"wp-block-heading\" id=\"h-incluye\">Incluye:<\/h3>\n\n\n\n<div class=\"wp-block-advgb-list\"><ul class=\"advgblist-13bcbbdb-c4ec-4e23-826c-56181bda54c4 advgb-list advgb-list-yes\">\n<li>Gu\u00eda tur\u00edstico biling\u00fce y certificado<\/li>\n\n\n\n<li>Una sesi\u00f3n informativa sobre la caminata con su gu\u00eda el D\u00cdA anterior<\/li>\n\n\n\n<li>Recojo de su alojamiento<\/li>\n\n\n\n<li>Transporte privado para ir al Parque (Primer y \u00faltimo d\u00eda)<\/li>\n\n\n\n<li>Agua mineral<\/li>\n\n\n\n<li>Lodges (Habitaciones privadas, dobles, triples, cu\u00e1druples disponibles)<\/li>\n\n\n\n<li>Mantas<\/li>\n\n\n\n<li>Botas de goma para caminar dentro de la selva<\/li>\n\n\n\n<li>Permisos y entradas al Parque Nacional del Manu<\/li>\n\n\n\n<li>Barco para moverse por el r\u00edo<\/li>\n\n\n\n<li>Conductor de barco y su ayudante<\/li>\n\n\n\n<li>Colch\u00f3n c\u00f3modo y mosquiteros<\/li>\n\n\n\n<li>Cocinero profesional<\/li>\n\n\n\n<li>Merienda para cada D\u00cdA del viaje<\/li>\n\n\n\n<li>Botiqu\u00edn de primeros auxilios<\/li>\n\n\n\n<li>Camiseta de superviviente para cada miembro del grupo<\/li>\n<\/ul><\/div>\n\n\n\n<h3 class=\"wp-block-heading\" id=\"h-no-incluye\">No incluye:<\/h3>\n\n\n\n<div class=\"wp-block-advgb-list\"><ul class=\"advgblist-34db2756-da40-4c5b-ba6b-03542fffe597 advgb-list advgb-list-no\">\n<li>Gastos extra si quieres comprar cosas durante el tour<\/li>\n\n\n\n<li>Primer desayuno y \u00faltima cena<\/li>\n\n\n\n<li>Propinas para el equipo (No es obligatorio pero si deseas hacerlo ser\u00e1 bienvenido)<\/li>\n<\/ul><\/div>\n\n\n\n<\/div><h2 class=\"tabtitle\">Lista de Empaque<\/h2>\n<div class=\"tabcontent\">\n\n\n\n\n<div class=\"wp-block-advgb-list\"><ul class=\"advgblist-511ddca6-b9a4-465a-b8d8-5b9550793c6e advgb-list advgb-list-info\">\n<li>Pasaporte original<\/li>\n\n\n\n<li>Tarjeta de seguro de viaje (tienes que saber el nombre de tu compa\u00f1\u00eda de seguros de viaje y tu n\u00famero de seguro de viaje)<\/li>\n\n\n\n<li>Una mochila<\/li>\n\n\n\n<li>Chubasquero o poncho para la lluvia<\/li>\n\n\n\n<li>Ropa para el fr\u00edo (Para el primer y segundo d\u00eda)<\/li>\n\n\n\n<li>Botella de agua<\/li>\n\n\n\n<li>Sandalias<\/li>\n\n\n\n<li>Luz de flash con pilas de repuesto<\/li>\n\n\n\n<li>Repelente de insectos (se recomienda un 30% de Deet como m\u00ednimo)<\/li>\n\n\n\n<li>Toalla<\/li>\n\n\n\n<li>Papel higi\u00e9nico<\/li>\n\n\n\n<li>Bloqueador solar<\/li>\n\n\n\n<li>Gafas de sol<\/li>\n\n\n\n<li>Gorras o sombreros<\/li>\n\n\n\n<li>Binoculares<\/li>\n\n\n\n<li>Pantalones para la lluvia<\/li>\n\n\n\n<li>Medicamentos de uso personal<\/li>\n\n\n\n<li>Cosas de uso personal (crema hidratante facial, desinfectante de manos, cepillo y pasta de dientes, etc.)<\/li>\n\n\n\n<li>C\u00e1mara con bater\u00edas adicionales (electricidad disponible en algunos alojamientos)<\/li>\n\n\n\n<li>Dinero extra especialmente en soles para comprar cosas a lo largo de la caminata<\/li>\n<\/ul><\/div>\n\n\n\n<h3 class=\"wp-block-heading\" id=\"h-actitud-nbsp-mente-nbsp-positiva\">ACTITUD&nbsp;<strong>MENTE&nbsp;<\/strong>POSITIVA<\/h3>\n\n\n\n<\/div><h2 class=\"tabtitle\">Price<\/h2>\n<div class=\"tabcontent\">\n\n\n\n\n<h2 class=\"wp-block-heading has-text-align-center\" id=\"h-precio-2025-2026\" style=\"font-size:26px\">Precio 2025 &#8211; 2026<\/h2>\n\n\n\n<figure class=\"wp-block-table\"><table class=\"has-fixed-layout\"><tbody><tr><th colspan=\"5\">N\u00famero de personas para el SERVICIO DE GRUPO :<\/th><\/tr><tr><td>2<\/td><td>3<\/td><td>4<\/td><td>5-6<\/td><td>7-10<\/td><\/tr><tr><th colspan=\"5\">Precio USD$ (por persona):<\/th><\/tr><tr><td>580 USD$<\/td><td>560 USD$<\/td><td>520 USD$<\/td><td>500 USD$<\/td><td>480 USD$<\/td><\/tr><\/tbody><\/table><\/figure>\n\n\n\n<figure class=\"wp-block-table\"><table class=\"has-fixed-layout\"><tbody><tr><th colspan=\"5\">N\u00famero de personas para el SERVICIO PRIVADO:<\/th><\/tr><tr><td>2<\/td><td>3<\/td><td>4<\/td><td>5-6<\/td><td>7-10<\/td><\/tr><tr><th colspan=\"5\">Precio USD$ (por persona):<\/th><\/tr><tr><td>600 USD$<\/td><td>580 USD$<\/td><td>560 USD$<\/td><td>540 USD$<\/td><td>500 USD$<\/td><\/tr><\/tbody><\/table><\/figure>\n\n\n<\/div><\/div>\n\n\n\n<p><\/p>\n\n\n\n<p><\/p>\n<style class=\"advgb-styles-renderer\">.wp-block-advgb-list ul.advgblist-13bcbbdb-c4ec-4e23-826c-56181bda54c4 > li{font-size:16px;}.wp-block-advgb-list ul.advgblist-13bcbbdb-c4ec-4e23-826c-56181bda54c4 > li{padding-left:18px;margin-left:0;}.wp-block-advgb-list ul.advgblist-13bcbbdb-c4ec-4e23-826c-56181bda54c4 > li:before{font-size:16px;color:#0099dd;line-height:18px;margin:2px;padding:2px;margin-left:-20px}.wp-block-advgb-list ul.advgblist-34db2756-da40-4c5b-ba6b-03542fffe597 > li{font-size:16px;}.wp-block-advgb-list ul.advgblist-34db2756-da40-4c5b-ba6b-03542fffe597 > li{padding-left:18px;margin-left:0;}.wp-block-advgb-list ul.advgblist-34db2756-da40-4c5b-ba6b-03542fffe597 > li:before{font-size:16px;color:#0099dd;line-height:18px;margin:2px;padding:2px;margin-left:-20px}.wp-block-advgb-list ul.advgblist-511ddca6-b9a4-465a-b8d8-5b9550793c6e > li{font-size:16px;}.wp-block-advgb-list ul.advgblist-511ddca6-b9a4-465a-b8d8-5b9550793c6e > li{padding-left:18px;margin-left:0;}.wp-block-advgb-list ul.advgblist-511ddca6-b9a4-465a-b8d8-5b9550793c6e > li:before{font-size:16px;color:#0099dd;line-height:18px;margin:2px;padding:2px;margin-left:-20px}<\/style>","protected":false},"excerpt":{"rendered":"<p>Descubre la Magia de la Amazon\u00eda: Tour de 4 D\u00edas en el Parque Nacional del Manu \u00a1Bienvenido a una de las aventuras m?&#8230;<\/p>\n","protected":false},"author":1,"featured_media":1266,"comment_status":"closed","ping_status":"open","sticky":false,"template":"","format":"standard","meta":{"_acf_changed":false,"advgb_blocks_editor_width":"","advgb_blocks_columns_visual_guide":"","footnotes":""},"categories":[25],"tags":[],"class_list":["post-371","post","type-post","status-publish","format-standard","has-post-thumbnail","hentry","category-manu-national-park"],"acf":[],"yoast_head":"<!-- This site is optimized with the Yoast SEO Premium plugin v25.2 (Yoast SEO v27.4) - https:\/\/yoast.com\/product\/yoast-seo-premium-wordpress\/ -->\n<title>Zona Cultural de Manu 4 Dias y 3 Noches - Local Trekkers Peru<\/title>\n<meta name=\"description\" content=\"Explora la Zona Cultural del Manu en 4 d\u00edas. Naturaleza, aves y selva virgen te esperan. Ideal para todas las edades. \u00a1Reserva tu aventura!\" \/>\n<meta name=\"robots\" content=\"index, follow, max-snippet:-1, max-image-preview:large, max-video-preview:-1\" \/>\n<link rel=\"canonical\" href=\"https:\/\/localtrekkersperu.com\/es\/zona-cultural-de-manu-4-dias-y-3-noches\/\" \/>\n<meta property=\"og:locale\" content=\"es_ES\" \/>\n<meta property=\"og:type\" content=\"article\" \/>\n<meta property=\"og:title\" content=\"Zona Cultural de Manu 4 Dias y 3 Noches\" \/>\n<meta property=\"og:description\" content=\"Explora la Zona Cultural del Manu en 4 d\u00edas. Naturaleza, aves y selva virgen te esperan. Ideal para todas las edades. \u00a1Reserva tu aventura!\" \/>\n<meta property=\"og:url\" content=\"https:\/\/localtrekkersperu.com\/es\/zona-cultural-de-manu-4-dias-y-3-noches\/\" \/>\n<meta property=\"og:site_name\" content=\"Local Trekkers Peru\" \/>\n<meta property=\"article:published_time\" content=\"2024-09-18T00:27:29+00:00\" \/>\n<meta property=\"article:modified_time\" content=\"2026-03-18T23:26:23+00:00\" \/>\n<meta property=\"og:image\" content=\"https:\/\/localtrekkersperu.com\/wp-content\/uploads\/2024\/09\/Manu-Cultura-Zone-4-days-Local-Trekkers-Peru-04.webp\" \/>\n\t<meta property=\"og:image:width\" content=\"1594\" \/>\n\t<meta property=\"og:image:height\" content=\"1194\" \/>\n\t<meta property=\"og:image:type\" content=\"image\/webp\" \/>\n<meta name=\"author\" content=\"admin_local\" \/>\n<meta name=\"twitter:card\" content=\"summary_large_image\" \/>\n<meta name=\"twitter:label1\" content=\"Escrito por\" \/>\n\t<meta name=\"twitter:data1\" content=\"admin_local\" \/>\n\t<meta name=\"twitter:label2\" content=\"Tiempo de lectura\" \/>\n\t<meta name=\"twitter:data2\" content=\"6 minutos\" \/>\n<script type=\"application\/ld+json\" class=\"yoast-schema-graph\">{\"@context\":\"https:\\\/\\\/schema.org\",\"@graph\":[{\"@type\":\"Article\",\"@id\":\"https:\\\/\\\/localtrekkersperu.com\\\/es\\\/zona-cultural-de-manu-4-dias-y-3-noches\\\/#article\",\"isPartOf\":{\"@id\":\"https:\\\/\\\/localtrekkersperu.com\\\/es\\\/zona-cultural-de-manu-4-dias-y-3-noches\\\/\"},\"author\":{\"name\":\"admin_local\",\"@id\":\"https:\\\/\\\/localtrekkersperu.com\\\/es\\\/#\\\/schema\\\/person\\\/babe2ac841b0da6e2402ca92d217bb6a\"},\"headline\":\"Zona Cultural de Manu 4 Dias y 3 Noches\",\"datePublished\":\"2024-09-18T00:27:29+00:00\",\"dateModified\":\"2026-03-18T23:26:23+00:00\",\"mainEntityOfPage\":{\"@id\":\"https:\\\/\\\/localtrekkersperu.com\\\/es\\\/zona-cultural-de-manu-4-dias-y-3-noches\\\/\"},\"wordCount\":1144,\"publisher\":{\"@id\":\"https:\\\/\\\/localtrekkersperu.com\\\/es\\\/#organization\"},\"image\":{\"@id\":\"https:\\\/\\\/localtrekkersperu.com\\\/es\\\/zona-cultural-de-manu-4-dias-y-3-noches\\\/#primaryimage\"},\"thumbnailUrl\":\"https:\\\/\\\/localtrekkersperu.com\\\/wp-content\\\/uploads\\\/2024\\\/09\\\/Manu-Cultura-Zone-4-days-Local-Trekkers-Peru-04.webp\",\"articleSection\":[\"Manu National Park\"],\"inLanguage\":\"es\"},{\"@type\":\"WebPage\",\"@id\":\"https:\\\/\\\/localtrekkersperu.com\\\/es\\\/zona-cultural-de-manu-4-dias-y-3-noches\\\/\",\"url\":\"https:\\\/\\\/localtrekkersperu.com\\\/es\\\/zona-cultural-de-manu-4-dias-y-3-noches\\\/\",\"name\":\"Zona Cultural de Manu 4 Dias y 3 Noches - Local Trekkers Peru\",\"isPartOf\":{\"@id\":\"https:\\\/\\\/localtrekkersperu.com\\\/es\\\/#website\"},\"primaryImageOfPage\":{\"@id\":\"https:\\\/\\\/localtrekkersperu.com\\\/es\\\/zona-cultural-de-manu-4-dias-y-3-noches\\\/#primaryimage\"},\"image\":{\"@id\":\"https:\\\/\\\/localtrekkersperu.com\\\/es\\\/zona-cultural-de-manu-4-dias-y-3-noches\\\/#primaryimage\"},\"thumbnailUrl\":\"https:\\\/\\\/localtrekkersperu.com\\\/wp-content\\\/uploads\\\/2024\\\/09\\\/Manu-Cultura-Zone-4-days-Local-Trekkers-Peru-04.webp\",\"datePublished\":\"2024-09-18T00:27:29+00:00\",\"dateModified\":\"2026-03-18T23:26:23+00:00\",\"description\":\"Explora la Zona Cultural del Manu en 4 d\u00edas. Naturaleza, aves y selva virgen te esperan. Ideal para todas las edades. \u00a1Reserva tu aventura!\",\"breadcrumb\":{\"@id\":\"https:\\\/\\\/localtrekkersperu.com\\\/es\\\/zona-cultural-de-manu-4-dias-y-3-noches\\\/#breadcrumb\"},\"inLanguage\":\"es\",\"potentialAction\":[{\"@type\":\"ReadAction\",\"target\":[\"https:\\\/\\\/localtrekkersperu.com\\\/es\\\/zona-cultural-de-manu-4-dias-y-3-noches\\\/\"]}]},{\"@type\":\"ImageObject\",\"inLanguage\":\"es\",\"@id\":\"https:\\\/\\\/localtrekkersperu.com\\\/es\\\/zona-cultural-de-manu-4-dias-y-3-noches\\\/#primaryimage\",\"url\":\"https:\\\/\\\/localtrekkersperu.com\\\/wp-content\\\/uploads\\\/2024\\\/09\\\/Manu-Cultura-Zone-4-days-Local-Trekkers-Peru-04.webp\",\"contentUrl\":\"https:\\\/\\\/localtrekkersperu.com\\\/wp-content\\\/uploads\\\/2024\\\/09\\\/Manu-Cultura-Zone-4-days-Local-Trekkers-Peru-04.webp\",\"width\":1594,\"height\":1194},{\"@type\":\"BreadcrumbList\",\"@id\":\"https:\\\/\\\/localtrekkersperu.com\\\/es\\\/zona-cultural-de-manu-4-dias-y-3-noches\\\/#breadcrumb\",\"itemListElement\":[{\"@type\":\"ListItem\",\"position\":1,\"name\":\"Home\",\"item\":\"https:\\\/\\\/localtrekkersperu.com\\\/es\\\/\"},{\"@type\":\"ListItem\",\"position\":2,\"name\":\"Manu National Park\",\"item\":\"https:\\\/\\\/localtrekkersperu.com\\\/es\\\/category\\\/manu-national-park\\\/\"},{\"@type\":\"ListItem\",\"position\":3,\"name\":\"Zona Cultural de Manu 4 Dias y 3 Noches\"}]},{\"@type\":\"WebSite\",\"@id\":\"https:\\\/\\\/localtrekkersperu.com\\\/es\\\/#website\",\"url\":\"https:\\\/\\\/localtrekkersperu.com\\\/es\\\/\",\"name\":\"Local Trekkers Peru\",\"description\":\"\",\"publisher\":{\"@id\":\"https:\\\/\\\/localtrekkersperu.com\\\/es\\\/#organization\"},\"potentialAction\":[{\"@type\":\"SearchAction\",\"target\":{\"@type\":\"EntryPoint\",\"urlTemplate\":\"https:\\\/\\\/localtrekkersperu.com\\\/es\\\/?s={search_term_string}\"},\"query-input\":{\"@type\":\"PropertyValueSpecification\",\"valueRequired\":true,\"valueName\":\"search_term_string\"}}],\"inLanguage\":\"es\"},{\"@type\":\"Organization\",\"@id\":\"https:\\\/\\\/localtrekkersperu.com\\\/es\\\/#organization\",\"name\":\"Local Trekkers Peru\",\"url\":\"https:\\\/\\\/localtrekkersperu.com\\\/es\\\/\",\"logo\":{\"@type\":\"ImageObject\",\"inLanguage\":\"es\",\"@id\":\"https:\\\/\\\/localtrekkersperu.com\\\/es\\\/#\\\/schema\\\/logo\\\/image\\\/\",\"url\":\"https:\\\/\\\/localtrekkersperu.com\\\/wp-content\\\/uploads\\\/2024\\\/08\\\/logo.png\",\"contentUrl\":\"https:\\\/\\\/localtrekkersperu.com\\\/wp-content\\\/uploads\\\/2024\\\/08\\\/logo.png\",\"width\":411,\"height\":122,\"caption\":\"Local Trekkers Peru\"},\"image\":{\"@id\":\"https:\\\/\\\/localtrekkersperu.com\\\/es\\\/#\\\/schema\\\/logo\\\/image\\\/\"}},{\"@type\":\"Person\",\"@id\":\"https:\\\/\\\/localtrekkersperu.com\\\/es\\\/#\\\/schema\\\/person\\\/babe2ac841b0da6e2402ca92d217bb6a\",\"name\":\"admin_local\",\"sameAs\":[\"https:\\\/\\\/localtrekkersperu.com\"]}]}<\/script>\n<!-- \/ Yoast SEO Premium plugin. -->","yoast_head_json":{"title":"Zona Cultural de Manu 4 Dias y 3 Noches - Local Trekkers Peru","description":"Explora la Zona Cultural del Manu en 4 d\u00edas. Naturaleza, aves y selva virgen te esperan. Ideal para todas las edades. \u00a1Reserva tu aventura!","robots":{"index":"index","follow":"follow","max-snippet":"max-snippet:-1","max-image-preview":"max-image-preview:large","max-video-preview":"max-video-preview:-1"},"canonical":"https:\/\/localtrekkersperu.com\/es\/zona-cultural-de-manu-4-dias-y-3-noches\/","og_locale":"es_ES","og_type":"article","og_title":"Zona Cultural de Manu 4 Dias y 3 Noches","og_description":"Explora la Zona Cultural del Manu en 4 d\u00edas. Naturaleza, aves y selva virgen te esperan. Ideal para todas las edades. \u00a1Reserva tu aventura!","og_url":"https:\/\/localtrekkersperu.com\/es\/zona-cultural-de-manu-4-dias-y-3-noches\/","og_site_name":"Local Trekkers Peru","article_published_time":"2024-09-18T00:27:29+00:00","article_modified_time":"2026-03-18T23:26:23+00:00","og_image":[{"width":1594,"height":1194,"url":"https:\/\/localtrekkersperu.com\/wp-content\/uploads\/2024\/09\/Manu-Cultura-Zone-4-days-Local-Trekkers-Peru-04.webp","type":"image\/webp"}],"author":"admin_local","twitter_card":"summary_large_image","twitter_misc":{"Escrito por":"admin_local","Tiempo de lectura":"6 minutos"},"schema":{"@context":"https:\/\/schema.org","@graph":[{"@type":"Article","@id":"https:\/\/localtrekkersperu.com\/es\/zona-cultural-de-manu-4-dias-y-3-noches\/#article","isPartOf":{"@id":"https:\/\/localtrekkersperu.com\/es\/zona-cultural-de-manu-4-dias-y-3-noches\/"},"author":{"name":"admin_local","@id":"https:\/\/localtrekkersperu.com\/es\/#\/schema\/person\/babe2ac841b0da6e2402ca92d217bb6a"},"headline":"Zona Cultural de Manu 4 Dias y 3 Noches","datePublished":"2024-09-18T00:27:29+00:00","dateModified":"2026-03-18T23:26:23+00:00","mainEntityOfPage":{"@id":"https:\/\/localtrekkersperu.com\/es\/zona-cultural-de-manu-4-dias-y-3-noches\/"},"wordCount":1144,"publisher":{"@id":"https:\/\/localtrekkersperu.com\/es\/#organization"},"image":{"@id":"https:\/\/localtrekkersperu.com\/es\/zona-cultural-de-manu-4-dias-y-3-noches\/#primaryimage"},"thumbnailUrl":"https:\/\/localtrekkersperu.com\/wp-content\/uploads\/2024\/09\/Manu-Cultura-Zone-4-days-Local-Trekkers-Peru-04.webp","articleSection":["Manu National Park"],"inLanguage":"es"},{"@type":"WebPage","@id":"https:\/\/localtrekkersperu.com\/es\/zona-cultural-de-manu-4-dias-y-3-noches\/","url":"https:\/\/localtrekkersperu.com\/es\/zona-cultural-de-manu-4-dias-y-3-noches\/","name":"Zona Cultural de Manu 4 Dias y 3 Noches - Local Trekkers Peru","isPartOf":{"@id":"https:\/\/localtrekkersperu.com\/es\/#website"},"primaryImageOfPage":{"@id":"https:\/\/localtrekkersperu.com\/es\/zona-cultural-de-manu-4-dias-y-3-noches\/#primaryimage"},"image":{"@id":"https:\/\/localtrekkersperu.com\/es\/zona-cultural-de-manu-4-dias-y-3-noches\/#primaryimage"},"thumbnailUrl":"https:\/\/localtrekkersperu.com\/wp-content\/uploads\/2024\/09\/Manu-Cultura-Zone-4-days-Local-Trekkers-Peru-04.webp","datePublished":"2024-09-18T00:27:29+00:00","dateModified":"2026-03-18T23:26:23+00:00","description":"Explora la Zona Cultural del Manu en 4 d\u00edas. Naturaleza, aves y selva virgen te esperan. Ideal para todas las edades. \u00a1Reserva tu aventura!","breadcrumb":{"@id":"https:\/\/localtrekkersperu.com\/es\/zona-cultural-de-manu-4-dias-y-3-noches\/#breadcrumb"},"inLanguage":"es","potentialAction":[{"@type":"ReadAction","target":["https:\/\/localtrekkersperu.com\/es\/zona-cultural-de-manu-4-dias-y-3-noches\/"]}]},{"@type":"ImageObject","inLanguage":"es","@id":"https:\/\/localtrekkersperu.com\/es\/zona-cultural-de-manu-4-dias-y-3-noches\/#primaryimage","url":"https:\/\/localtrekkersperu.com\/wp-content\/uploads\/2024\/09\/Manu-Cultura-Zone-4-days-Local-Trekkers-Peru-04.webp","contentUrl":"https:\/\/localtrekkersperu.com\/wp-content\/uploads\/2024\/09\/Manu-Cultura-Zone-4-days-Local-Trekkers-Peru-04.webp","width":1594,"height":1194},{"@type":"BreadcrumbList","@id":"https:\/\/localtrekkersperu.com\/es\/zona-cultural-de-manu-4-dias-y-3-noches\/#breadcrumb","itemListElement":[{"@type":"ListItem","position":1,"name":"Home","item":"https:\/\/localtrekkersperu.com\/es\/"},{"@type":"ListItem","position":2,"name":"Manu National Park","item":"https:\/\/localtrekkersperu.com\/es\/category\/manu-national-park\/"},{"@type":"ListItem","position":3,"name":"Zona Cultural de Manu 4 Dias y 3 Noches"}]},{"@type":"WebSite","@id":"https:\/\/localtrekkersperu.com\/es\/#website","url":"https:\/\/localtrekkersperu.com\/es\/","name":"Local Trekkers Peru","description":"","publisher":{"@id":"https:\/\/localtrekkersperu.com\/es\/#organization"},"potentialAction":[{"@type":"SearchAction","target":{"@type":"EntryPoint","urlTemplate":"https:\/\/localtrekkersperu.com\/es\/?s={search_term_string}"},"query-input":{"@type":"PropertyValueSpecification","valueRequired":true,"valueName":"search_term_string"}}],"inLanguage":"es"},{"@type":"Organization","@id":"https:\/\/localtrekkersperu.com\/es\/#organization","name":"Local Trekkers Peru","url":"https:\/\/localtrekkersperu.com\/es\/","logo":{"@type":"ImageObject","inLanguage":"es","@id":"https:\/\/localtrekkersperu.com\/es\/#\/schema\/logo\/image\/","url":"https:\/\/localtrekkersperu.com\/wp-content\/uploads\/2024\/08\/logo.png","contentUrl":"https:\/\/localtrekkersperu.com\/wp-content\/uploads\/2024\/08\/logo.png","width":411,"height":122,"caption":"Local Trekkers Peru"},"image":{"@id":"https:\/\/localtrekkersperu.com\/es\/#\/schema\/logo\/image\/"}},{"@type":"Person","@id":"https:\/\/localtrekkersperu.com\/es\/#\/schema\/person\/babe2ac841b0da6e2402ca92d217bb6a","name":"admin_local","sameAs":["https:\/\/localtrekkersperu.com"]}]}},"author_meta":{"display_name":"admin_local","author_link":"https:\/\/localtrekkersperu.com\/es\/author\/admin_local\/"},"featured_img":"https:\/\/localtrekkersperu.com\/wp-content\/uploads\/2024\/09\/Manu-Cultura-Zone-4-days-Local-Trekkers-Peru-04-300x225.webp","coauthors":[],"tax_additional":{"categories":{"linked":["<a href=\"https:\/\/localtrekkersperu.com\/es\/category\/manu-national-park\/\" class=\"advgb-post-tax-term\">Manu National Park<\/a>"],"unlinked":["<span class=\"advgb-post-tax-term\">Manu National Park<\/span>"]}},"comment_count":"0","relative_dates":{"created":"Publicado 2 a\u00f1os hace","modified":"Actualizado 1 mes hace"},"absolute_dates":{"created":"Publicado el septiembre 18, 2024","modified":"Actualizado el marzo 18, 2026"},"absolute_dates_time":{"created":"Publicado el septiembre 18, 2024 12:27 am","modified":"Actualizado el marzo 18, 2026 11:26 pm"},"featured_img_caption":"","series_order":"","_links":{"self":[{"href":"https:\/\/localtrekkersperu.com\/es\/wp-json\/wp\/v2\/posts\/371","targetHints":{"allow":["GET"]}}],"collection":[{"href":"https:\/\/localtrekkersperu.com\/es\/wp-json\/wp\/v2\/posts"}],"about":[{"href":"https:\/\/localtrekkersperu.com\/es\/wp-json\/wp\/v2\/types\/post"}],"author":[{"embeddable":true,"href":"https:\/\/localtrekkersperu.com\/es\/wp-json\/wp\/v2\/users\/1"}],"replies":[{"embeddable":true,"href":"https:\/\/localtrekkersperu.com\/es\/wp-json\/wp\/v2\/comments?post=371"}],"version-history":[{"count":6,"href":"https:\/\/localtrekkersperu.com\/es\/wp-json\/wp\/v2\/posts\/371\/revisions"}],"predecessor-version":[{"id":11165,"href":"https:\/\/localtrekkersperu.com\/es\/wp-json\/wp\/v2\/posts\/371\/revisions\/11165"}],"wp:featuredmedia":[{"embeddable":true,"href":"https:\/\/localtrekkersperu.com\/es\/wp-json\/wp\/v2\/media\/1266"}],"wp:attachment":[{"href":"https:\/\/localtrekkersperu.com\/es\/wp-json\/wp\/v2\/media?parent=371"}],"wp:term":[{"taxonomy":"category","embeddable":true,"href":"https:\/\/localtrekkersperu.com\/es\/wp-json\/wp\/v2\/categories?post=371"},{"taxonomy":"post_tag","embeddable":true,"href":"https:\/\/localtrekkersperu.com\/es\/wp-json\/wp\/v2\/tags?post=371"}],"curies":[{"name":"wp","href":"https:\/\/api.w.org\/{rel}","templated":true}]}}