{"id":3458,"date":"2024-09-18T04:41:08","date_gmt":"2024-09-18T04:41:08","guid":{"rendered":"https:\/\/localtrekkersperu.com\/camino-inca-corto-a-machu-picchu-2-dias-1-noche-copy\/"},"modified":"2026-01-07T23:21:21","modified_gmt":"2026-01-07T23:21:21","slug":"camino-inca-corto-a-machu-picchu-2-dias-1-noche","status":"publish","type":"post","link":"https:\/\/localtrekkersperu.com\/es\/camino-inca-corto-a-machu-picchu-2-dias-1-noche\/","title":{"rendered":"Camino Inca Corto a Machu Picchu 2 d\u00edas \/ 1  noche"},"content":{"rendered":"\n<div class=\"wp-block-columns is-layout-flex wp-container-core-columns-is-layout-9d6595d7 wp-block-columns-is-layout-flex\">\n<div class=\"wp-block-column is-layout-flow wp-block-column-is-layout-flow\" style=\"flex-basis:75%\">\n<h2 class=\"wp-block-heading\" id=\"h-camino-inca-corto-a-machu-picchu-nbsp-2-dias\"><strong>Camino inca corto a Machu Picchu&nbsp;2 D\u00edas<\/strong><\/h2>\n\n\n    <div class=\"leer-mas-box\">\n        <!-- Escritorio: siempre texto completo -->\n        <div class=\"hidden md:block\">\n            <\/p>\n\n\n\n<p>El Camino Inca Corto a Machu Picchu (tambi\u00e9n conocido como Camino Inca o Camino Inka)&nbsp;Los excursionistas normalmente tardan cuatro o cinco d\u00edas en completar el \u00ab<strong>Camino Inca Cl\u00e1sico<\/strong>\u00bb, pero tambi\u00e9n es posible una caminata por el <strong>Short Inca Trail<\/strong> de dos d\u00edas desde el km. 104, una ruta de senderismo en Per\u00fa que termina en&nbsp;<strong>Machu Picchu<\/strong>.<\/p>\n\n\n\n<p>Consta de tres senderos superpuestos: Mollepata, Cl\u00e1sico y Un D\u00eda. Mollepata es la m\u00e1s larga de las tres rutas con el paso de monta\u00f1a m\u00e1s alto y se cruza con la ruta Cl\u00e1sica antes de cruzar&nbsp;<strong>Warmiwa\u00f1usqa&nbsp;<\/strong>(\u00abMujer muerta\u00bb). A lo largo de todo el <strong>Camino del Inca a Machu Picchu<\/strong>, los viajeros atraviesan diversos ecosistemas, desde el bosque nuboso hasta la tundra alpina, disfrutando de vistas impresionantes y conectando con la historia ancestral de los <strong>caminos de los incas<\/strong>.<\/p>\n\n\n\n<p>Ubicado en la cordillera de los Andes, el sendero atraviesa varios tipos de entornos andinos, incluidos el bosque nuboso y la tundra alpina.En el trayecto, abundan ruinas incas a lo largo del sendero, t\u00faneles y asentamientos arqueol\u00f3gicos que narran la grandeza del Imperio Inca.<\/p>\n\n\n\n<p><\/p>\n\n\n\n<details class=\"wp-block-details is-layout-flow wp-block-details-is-layout-flow\"><summary><strong>Read more<\/strong><\/summary>\n<p><\/p>\n\n\n\n<p>El tramo final del <strong>camino inca a Machu Picchu, <\/strong>o m\u00e1s conocido como<strong> Inca Trail to Machu Picchu, <\/strong>que culmina en la Puerta del Sol, punto desde el que se aprecia por primera vez la majestuosa ciudadela. Para las rutas m\u00e1s largas, el ascenso sobrepasa los 4.200 metros sobre el nivel del mar, lo que puede provocar <strong><a href=\"https:\/\/localtrekkersperu.com\/es\/blog\/como-superar-el-mal-de-altura-en-cusco-guia-para-viajeros-responsables\/\">mal de altura<\/a><\/strong>, por lo que es recomendable aclimatarse en Cusco antes de iniciar el <strong>trekking <\/strong>a<strong> Machu Picchu<\/strong>.<\/p>\n\n\n\n<p>La preocupaci\u00f3n por el uso excesivo que conduce a la erosi\u00f3n ha llevado al gobierno peruano a establecer un l\u00edmite en la cantidad de personas que pueden caminar por este sendero por temporada y limitar dr\u00e1sticamente las empresas que pueden proporcionar gu\u00edas.<\/p>\n\n\n\n<p>Como resultado, la reserva previa es obligatoria. Se permite un m\u00e1ximo de 200 turistas en el sendero cada d\u00eda, incluidos los gu\u00edas. Por eso, la <strong><a href=\"https:\/\/localtrekkersperu.com\/es\/disponibilidad-del-camino-inca\/\">disponibilidad del Camino Inca<\/a><\/strong> en temporada alta se agota muy r\u00e1pidamente. El sendero est\u00e1 cerrado cada febrero por limpieza, mantenimiento y conservaci\u00f3n. Esto fue hecho originalmente de manera informal por algunas organizaciones, pero ahora se administra oficialmente.<\/p>\n\n\n\n<p>Para tener una mejor idea de la <strong>cantidad de entradas <\/strong>durante el a\u00f1o, se recomienda a los viajeros verificar con anticipaci\u00f3n los cupos disponibles, ya que estos suelen llenarse con meses de antelaci\u00f3n. La anticipaci\u00f3n es clave para asegurar un lugar en esta incre\u00edble ruta.<\/p>\n\n\n\n<p>Si buscas una experiencia \u00fanica, <strong>Local Trekkers Per\u00fa,<\/strong> como <strong>empresa Caminos del Inca, <\/strong>te ofrece el mejor servicio para conocer estos lugares y hacer el recorrido que hac\u00edan nuestros antepasados, \u201c<strong>los Incas<\/strong>\u201d, para llegar a la majestuosa ciudadela de <strong>Machu Picchu<\/strong>. Local Trekkers Per\u00fa har\u00e1 que el trek se convierta en un recuerdo inolvidable.<\/p>\n<\/details>\n\n\n<p>        <\/div>\n\n        <!-- M\u00f3vil: con ver m\u00e1s \/ ver menos -->\n        <div class=\"block md:hidden mb-6 xl:mb-0\">\n            <p class=\"text-gray-700 text-justify font-nunito mb-3 text-base\">\n                <span class=\"texto-corto\">\n\n\n\nEl Camino Inca Corto a Machu Picchu (tambi\u00e9n conocido como Camino Inca o Camino Inka)&nbsp;Los excursionistas normalmente tardan cuatro o cinco d\u00edas en completar el \u00abCamino Inca Cl\u00e1sico\u00bb, pero tambi\u00e9n es posible una caminata por el Short Inca Trail de dos d\u00edas desde el km. 104, una ruta de senderismo en Per\u00fa que termina en&nbsp;Machu Picchu.\n\n\n\nConsta de tres senderos superpuestos: Mollepata, Cl\u00e1sico y Un D\u00eda. Mollepata es la m\u00e1s larga de las tres rutas con el paso de mon<\/span>\n                <span class=\"texto-extra hidden\">ta\u00f1a m\u00e1s alto y se cruza con la ruta Cl\u00e1sica antes de cruzar&nbsp;Warmiwa\u00f1usqa&nbsp;(\u00abMujer muerta\u00bb). A lo largo de todo el Camino del Inca a Machu Picchu, los viajeros atraviesan diversos ecosistemas, desde el bosque nuboso hasta la tundra alpina, disfrutando de vistas impresionantes y conectando con la historia ancestral de los caminos de los incas.\n\n\n\nUbicado en la cordillera de los Andes, el sendero atraviesa varios tipos de entornos andinos, incluidos el bosque nuboso y la tundra alpina.En el trayecto, abundan ruinas incas a lo largo del sendero, t\u00faneles y asentamientos arqueol\u00f3gicos que narran la grandeza del Imperio Inca.\n\n\n\n\n\n\n\nRead more\n\n\n\n\nEl tramo final del camino inca a Machu Picchu, o m\u00e1s conocido como Inca Trail to Machu Picchu, que culmina en la Puerta del Sol, punto desde el que se aprecia por primera vez la majestuosa ciudadela. Para las rutas m\u00e1s largas, el ascenso sobrepasa los 4.200 metros sobre el nivel del mar, lo que puede provocar mal de altura, por lo que es recomendable aclimatarse en Cusco antes de iniciar el trekking a Machu Picchu.\n\n\n\nLa preocupaci\u00f3n por el uso excesivo que conduce a la erosi\u00f3n ha llevado al gobierno peruano a establecer un l\u00edmite en la cantidad de personas que pueden caminar por este sendero por temporada y limitar dr\u00e1sticamente las empresas que pueden proporcionar gu\u00edas.\n\n\n\nComo resultado, la reserva previa es obligatoria. Se permite un m\u00e1ximo de 200 turistas en el sendero cada d\u00eda, incluidos los gu\u00edas. Por eso, la disponibilidad del Camino Inca en temporada alta se agota muy r\u00e1pidamente. El sendero est\u00e1 cerrado cada febrero por limpieza, mantenimiento y conservaci\u00f3n. Esto fue hecho originalmente de manera informal por algunas organizaciones, pero ahora se administra oficialmente.\n\n\n\nPara tener una mejor idea de la cantidad de entradas durante el a\u00f1o, se recomienda a los viajeros verificar con anticipaci\u00f3n los cupos disponibles, ya que estos suelen llenarse con meses de antelaci\u00f3n. La anticipaci\u00f3n es clave para asegurar un lugar en esta incre\u00edble ruta.\n\n\n\nSi buscas una experiencia \u00fanica, Local Trekkers Per\u00fa, como empresa Caminos del Inca, te ofrece el mejor servicio para conocer estos lugares y hacer el recorrido que hac\u00edan nuestros antepasados, \u201clos Incas\u201d, para llegar a la majestuosa ciudadela de Machu Picchu. Local Trekkers Per\u00fa har\u00e1 que el trek se convierta en un recuerdo inolvidable.\n\n\n\n<\/span>\n                <span class=\"ver-mas-toggle cursor-pointer text-blue-600 hover:underline ml-1\">\n                    Ver M\u00e1s                <\/span>\n            <\/p>\n\n        <\/div>\n    <\/div>\n\n    <script>\n    document.addEventListener(\"DOMContentLoaded\", function() {\n        document.querySelectorAll(\".leer-mas-box\").forEach(function(box) {\n            let toggle = box.querySelector(\".ver-mas-toggle\");\n            let extra = box.querySelector(\".texto-extra\");\n\n            if (toggle) {\n                let seeMore = \"Ver M\u00e1s\";\n                let seeLess = \"Ver Menos\";\n\n                toggle.addEventListener(\"click\", function() {\n                    if (extra.classList.contains(\"hidden\")) {\n                        extra.classList.remove(\"hidden\");\n                        toggle.textContent = seeLess;\n                    } else {\n                        extra.classList.add(\"hidden\");\n                        toggle.textContent = seeMore;\n                    }\n                });\n            }\n        });\n    });\n    <\/script>\n    \n\n\n\n<div class=\"bg-gray-300 border-t border-x border-gray-400 py-1\">\n\n\n                                <span class=\"block text-center text-black\">Informaci\u00f3n \u00datil<\/span>\n                \n\n<\/div>\n<div class=\"flex\">\n    <div class=\"flex-1 border-y py-3 border-gray-400 border\">\n            <img decoding=\"async\" src=\"https:\/\/localtrekkersperu.com\/wp-content\/themes\/localtrekkers\/img\/icons\/location.svg\" class=\"mx-auto h-auto w-8\" alt=\"\">\n\n                                        <span class=\"block text-center mt-1 font-nunito font-semibold text-sm\">Lugares Visitados:<\/span>\n                \n            <span class=\"block text-center text-sm font-nunito text-gray-600\">Camino Inca Corto, Machu Picchu &amp; Waynapicchu<\/span>\n    <\/div>\n    <div class=\"flex-1 border-y py-3 border-gray-400 border-r\">\n            <img decoding=\"async\" src=\"https:\/\/localtrekkersperu.com\/wp-content\/themes\/localtrekkers\/img\/icons\/altitude.svg\" class=\"mx-auto h-auto w-9 -mt-1\" alt=\"\">\n\n                                         <span class=\"block text-center mt-1 font-nunito font-semibold text-sm\">Altitud Inicial:<\/span>\n                \n            <span class=\"block text-center text-sm font-nunito text-gray-600\">2100 msnm = 6890 pies<\/span>\n    <\/div>\n    <div class=\"flex-1 border-y py-3 border-gray-400 border-r\">\n            <img decoding=\"async\" src=\"https:\/\/localtrekkersperu.com\/wp-content\/themes\/localtrekkers\/img\/icons\/point.svg\" class=\"mx-auto h-auto w-8\" alt=\"\">\n\n                                          <span class=\"block text-center mt-1 font-nunito font-semibold text-sm\">Punto m\u00e1s Alto:<\/span>\n                \n            <span class=\"block text-center text-sm font-nunito text-gray-600\">2730 msnm = 8957 pies<\/span>\n    <\/div>\n    <div class=\"flex-1 border-y py-3 border-gray-400 border-r\">\n            <img decoding=\"async\" src=\"https:\/\/localtrekkersperu.com\/wp-content\/themes\/localtrekkers\/img\/icons\/group.svg\" class=\"mx-auto h-auto w-8\" alt=\"\">\n\n                                       <span class=\"block text-center mt-1 font-nunito font-semibold text-sm\">Grupo de Personas:<\/span>\n                \n            <span class=\"block text-center text-sm font-nunito text-gray-600\">Minimo 2 paxs &amp; Maximo 10 paxs<\/span>\n    <\/div>\n    <div class=\"flex-1 border-y py-3 border-gray-400 border-r\">\n            <img decoding=\"async\" src=\"https:\/\/localtrekkersperu.com\/wp-content\/themes\/localtrekkers\/img\/icons\/level.svg\" class=\"mx-auto h-auto w-8\" alt=\"\">\n\n                                      <span class=\"block text-center mt-1 font-nunito font-semibold text-sm\">Nivel de Dificultad:<\/span>\n                \n            <span class=\"block text-center text-sm font-nunito text-gray-600\">3\/5<\/span>\n    <\/div>\n<\/div><\/div>\n\n\n\n<div class=\"wp-block-column is-layout-flow wp-block-column-is-layout-flow\" style=\"flex-basis:25%\">    \n    <div class=\"pl-1\">\n                    <div class=\"border bg-gray-100 py-4 rounded-md\">\n                <span class=\"block text-xl text-ltk2 font-extrabold text-center mb-2 uppercase font-nunito\">Camino Inca Corto a Machu Picchu 2 d\u00edas \/ 1  noche<\/span>\n                <hr>\n                <div class=\"px-3 text-center py-2\">\n                    <span>From <\/span><span class=\"text-3xl font-semibold text-gray-800\">$ 550 <\/span><span>USD<\/span>\n                <\/div>\n\n                <div class=\"bg-white py-2 my-6 px-4 mx-4 border\">\n                    <span class=\"block text-gray-800 mb-2 font-bold font-nunito\">\u00bfPor qu\u00e9 reservar con nosotros?<\/span>\n                    <ul class=\"list-disc list-inside\">\n                        <li class=\"mb-2 text-sm border-b border-gray-100 pb-1\">Tenemos precios competitivos<\/li>\n                        <li class=\"mb-2 text-sm border-b border-gray-100 pb-1\">Servicio al cliente r\u00e1pido en todo momento<\/li>\n                        <li class=\"mb-2 text-sm border-b border-gray-100 pb-1\">Experiencia garantizada de por vida<\/li>\n                        <li class=\"mb-2 text-sm border-b border-gray-100 pb-1\">Tenemos responsabilidad social, realizamos trabajo social<\/li>\n                    <\/ul>\n                <\/div>\n\n                <a href=\"\/es\/formulario-de-reserva?tour=Camino+Inca+Corto+a+Machu+Picchu+2+d%C3%ADas+%2F+1++noche\" class=\"bg-red-600 px-8 text-center mx-4 py-2 rounded-md text-white text-xl block font-bold hover:bg-red-700 uppercase transition-all delay-150\">Reservar ahora<\/a>\n            <\/div>\n            <div class=\"mt-8\">\n                <a href=\"\/es\/contactos\/\" class=\"bg-ltk2 uppercase px-8 text-center mx-4 py-2 rounded-md text-white text-xl block font-bold hover:bg-red-700 transition-all delay-150\">CONT\u00c1CTENOS<\/a>\n            <\/div>\n\n            <\/div>\n    \n    \n<\/div>\n<\/div>\n\n\n\n                        \n\n<section>\n    <div class=\"swiper box-tours-swiper\">\n        <div class=\"swiper-wrapper pb-5\">\n                            <div class=\"swiper-slide\">\n                    <div class=\"bg-white p-2 border rounded-lg shadow-lg h-full\">\n                                                    <img decoding=\"async\" src=\"https:\/\/localtrekkersperu.com\/wp-content\/uploads\/2025\/09\/camping-equipment.webp\" class=\"w-full object-cover h-60 rounded-lg\" alt=\"Equipo de campamento\">\n                                                <div>\n                            <h3 class=\"text-base text-center font-semibold uppercase mt-2\">Equipo de campamento<\/h3>\n                            <a href=\"https:\/\/localtrekkersperu.com\/es\/nuestro-equipo-campamento\/\" class=\"bg-ltk hover:bg-gray-800 transition-all text-white py-1 rounded table mx-auto my-3 font-semibold px-8\">Ver M\u00e1s<\/a>\n                        <\/div>\n                    <\/div>\n                <\/div>\n                                <div class=\"swiper-slide\">\n                    <div class=\"bg-white p-2 border rounded-lg shadow-lg h-full\">\n                                                    <img decoding=\"async\" src=\"https:\/\/localtrekkersperu.com\/wp-content\/uploads\/2025\/09\/chefs-gastronomy.webp\" class=\"w-full object-cover h-60 rounded-lg\" alt=\"Cocineros &amp; Gastronom\u00eda\">\n                                                <div>\n                            <h3 class=\"text-base text-center font-semibold uppercase mt-2\">Cocineros &amp; Gastronom\u00eda<\/h3>\n                            <a href=\"https:\/\/localtrekkersperu.com\/es\/cocineros-gastronomia\/\" class=\"bg-ltk hover:bg-gray-800 transition-all text-white py-1 rounded table mx-auto my-3 font-semibold px-8\">Ver M\u00e1s<\/a>\n                        <\/div>\n                    <\/div>\n                <\/div>\n                                <div class=\"swiper-slide\">\n                    <div class=\"bg-white p-2 border rounded-lg shadow-lg h-full\">\n                                                    <img decoding=\"async\" src=\"https:\/\/localtrekkersperu.com\/wp-content\/uploads\/2025\/09\/our-team.webp\" class=\"w-full object-cover h-60 rounded-lg\" alt=\"Nuestro equipo\">\n                                                <div>\n                            <h3 class=\"text-base text-center font-semibold uppercase mt-2\">Nuestro equipo<\/h3>\n                            <a href=\"https:\/\/localtrekkersperu.com\/es\/porteros-y-guias\/\" class=\"bg-ltk hover:bg-gray-800 transition-all text-white py-1 rounded table mx-auto my-3 font-semibold px-8\">Ver M\u00e1s<\/a>\n                        <\/div>\n                    <\/div>\n                <\/div>\n                                <div class=\"swiper-slide\">\n                    <div class=\"bg-white p-2 border rounded-lg shadow-lg h-full\">\n                                                    <img decoding=\"async\" src=\"https:\/\/localtrekkersperu.com\/wp-content\/uploads\/2025\/09\/social-projects-scaled.webp\" class=\"w-full object-cover h-60 rounded-lg\" alt=\"Proyectos sociales\">\n                                                <div>\n                            <h3 class=\"text-base text-center font-semibold uppercase mt-2\">Proyectos sociales<\/h3>\n                            <a href=\"https:\/\/localtrekkersperu.com\/es\/responsabilidades-sociales\/\" class=\"bg-ltk hover:bg-gray-800 transition-all text-white py-1 rounded table mx-auto my-3 font-semibold px-8\">Ver M\u00e1s<\/a>\n                        <\/div>\n                    <\/div>\n                <\/div>\n                        <\/div>\n        \n        <!-- Navigation buttons -->\n        <div class=\"swiper-button-next\"><\/div>\n        <div class=\"swiper-button-prev\"><\/div>\n        \n        <!-- Pagination -->\n        <!-- <div class=\"swiper-pagination\"><\/div> -->\n    <\/div>\n<\/section>\n\n<div class=\"responsive-tabs\">\n<h2 class=\"tabtitle\">Itinerario<\/h2>\n<div class=\"tabcontent\">\n\n\n\n\n<h2 class=\"wp-block-heading\" id=\"h-dia-01-nbsp-cusco-kilometro104-winaywayna\"><strong>D\u00cdA 01:<\/strong>&nbsp;CUSCO \u2013 KIL\u00d3METRO104 \u2013 WI\u00d1AYWAYNA<\/h2>\n\n\n\n<p>Lo recogeremos de su hotel en Cusco para dirigirnos a la estaci\u00f3n de tren de Ollantaytambo; luego tomaremos el tren hasta el km. 104, donde ser\u00e1 el inicio de esta caminata conocida como el <strong>Camino Inca 2 d\u00edas<\/strong>. <\/p>\n\n\n\n<p>En este punto, iniciamos la caminata por 3 horas aproximadamente hacia los restos bien conservados de las ruinas de&nbsp;<strong>Winaywayna&nbsp;<\/strong>(2650 msnm = 8694 pies). Aqu\u00ed tendr\u00e1 la oportunidad de apreciar la arquitectura inca, como fuentes de agua, terrazas, templos, etc.<\/p>\n\n\n\n<p>Tambi\u00e9n mediante <strong>el camino inca<\/strong> podemos ver hermosas cascadas y arroyos que realzan la belleza natural. Despu\u00e9s del almuerzo, seguimos caminando por unas 2 horas m\u00e1s hasta llegar a la Puerta del Sol (Inti Punku), <strong>el camino del Inca<\/strong> desde donde tendremos una hermosa vista de la Ciudadela de Machu Picchu. <\/p>\n\n\n\n<p>Despu\u00e9s de disfrutar de la espectacular vista de Machu Picchu, tenemos que bajar a Aguas Calientes (Pueblo de MachuPicchu), nos registraremos en nuestro hotel y, despu\u00e9s de instalarnos en nuestro hotel, tendremos una cena en un restaurante local. Durante esta cena, su gu\u00eda le dar\u00e1 un resumen para la visita a&nbsp;<strong>Machu Picchu<\/strong>&nbsp;a la ma\u00f1ana siguiente.<\/p>\n\n\n\n<h3 class=\"wp-block-heading\" id=\"h-tener-en-cuenta\">TENER EN CUENTA<\/h3>\n\n\n\n<ul class=\"wp-block-list\">\n<li><strong>Distancia de Caminata:&nbsp;<\/strong>10 km = 6,2 millas.<\/li>\n\n\n\n<li><strong>Horas de Caminata:&nbsp;<\/strong>4 to 5 horas.<\/li>\n\n\n\n<li><strong>Altitud Inicial:&nbsp;<\/strong>Km. 104 = 2100 msnm = 6890 pies.<\/li>\n\n\n\n<li><strong>Punto M\u00e1s Altos:&nbsp;<\/strong>Inti Punku (Puerta del Sol) = 2730 msnm = 8957 pies.<\/li>\n\n\n\n<li><strong>Altitud de Camping:&nbsp;<\/strong>Aguas Calientes = 2050 msnm = 6726 pies.<\/li>\n\n\n\n<li><strong>Lugar para visitar:&nbsp;<\/strong>Winaywayna, Puerta del Sol, Aguas Calientes Ciudad.<\/li>\n\n\n\n<li><strong>Calificaci\u00f3n F\u00edsica:&nbsp;<\/strong>3\/5<\/li>\n\n\n\n<li><strong>Clima:&nbsp;<\/strong>H\u00fameda y caliente.<\/li>\n<\/ul>\n\n\n\n<figure class=\"wp-block-image size-full\"><img loading=\"lazy\" decoding=\"async\" width=\"1536\" height=\"400\" src=\"https:\/\/localtrekkersperu.com\/wp-content\/uploads\/2024\/09\/Inca-Trail-2days-LTP.webp\" alt=\"\" class=\"wp-image-10080\" title=\"Salkantay Trek To Machu Picchu (Glamping) - Local Trekkers Peru\" srcset=\"https:\/\/localtrekkersperu.com\/wp-content\/uploads\/2024\/09\/Inca-Trail-2days-LTP.webp 1536w, https:\/\/localtrekkersperu.com\/wp-content\/uploads\/2024\/09\/Inca-Trail-2days-LTP-300x78.webp 300w, https:\/\/localtrekkersperu.com\/wp-content\/uploads\/2024\/09\/Inca-Trail-2days-LTP-1024x267.webp 1024w, https:\/\/localtrekkersperu.com\/wp-content\/uploads\/2024\/09\/Inca-Trail-2days-LTP-768x200.webp 768w\" sizes=\"auto, (max-width: 1536px) 100vw, 1536px\" \/><\/figure>\n\n\n\n<h2 class=\"wp-block-heading\" id=\"h-dia-02-visita-a-la-gran-ciudadela-de-los-incas-machu-picchu\"><strong>D\u00cdA 02<\/strong>: VISITA A LA GRAN CIUDADELA DE LOS INCAS (MACHU PICCHU)<\/h2>\n\n\n\n<p>Este d\u00eda ser\u00e1 uno de los d\u00edas m\u00e1s importantes y memorables de sus vidas, ya que visitar\u00e1n uno de los descubrimientos arqueol\u00f3gicos m\u00e1s grandes de los tiempos modernos (<strong>Machu Picchu<\/strong>), para lo cual, luego del desayuno en nuestro hotel, deber\u00e1n subir caminando alrededor de 1 h 40 min (el autob\u00fas es opcional) hasta llegar a la <strong>ciudad inca Machu Picchu<\/strong>, el punto final del legendario <strong>Camino Inca, <\/strong>una vez en Machu Picchu.<\/p>\n\n\n\n<p>Una vez en la ciudadela, su gu\u00eda le brindar\u00e1 una explicaci\u00f3n detallada sobre la historia, arquitectura y principales sectores de <strong>Machu Picchu<\/strong> durante aproximadamente dos horas y luego es el final del trabajo del gu\u00eda, luego tendr\u00e1 tiempo libre para tener suficiente de tiempo para explorar <strong>Machu Picchu<\/strong> por su cuenta (puede subir&nbsp;<strong>Huaynapicchu&nbsp;monta\u00f1a<\/strong> o <strong>monta\u00f1a Machu Picchu<\/strong>) estas excursiones son opcionales, debe avisarnos con anticipaci\u00f3n si desea subir a una de estas monta\u00f1as porque los espacios para estas monta\u00f1as son limitados.<\/p>\n\n\n\n<p>Despu\u00e9s de esta experiencia inolvidable por <strong>Machu Picchu,<\/strong> debe regresar a Aguas Calientes y esperar su tren a Ollantaytambo. Toma 2 horas en tren a Ollantaytambo, donde nuestro transporte lo estar\u00e1 esperando para llevarlo de regreso a Cusco. <\/p>\n\n\n\n<p>Os dejamos en vuestro hotel o cerca de este. Sobre el tren, le proporcionaremos el tren de clase turista; el horario de salida del tren puede ser entre las 2:00 p. m. y las 8:30 p. m. Depende de la disponibilidad de los espacios.<\/p>\n\n\n\n<h3 class=\"wp-block-heading\" id=\"h-tener-en-cuenta-0\">TENER EN CUENTA<\/h3>\n\n\n\n<ul class=\"wp-block-list\">\n<li><strong>Machu Picchu Altitud:&nbsp;<\/strong>2400 msnm= 7874 pies.<\/li>\n\n\n\n<li><strong>Lugar para Visitar:&nbsp;<\/strong>Machu Picchu, Huaynapicchu, Mountain Machu Picchu el cual toma 1h 15 minutos para llegar a la cima (Debes avisarnos con anticipaci\u00f3n si quieres escalar una de esas monta\u00f1as.).<\/li>\n\n\n\n<li><strong>Calificaci\u00f3n f\u00edsica:&nbsp;<\/strong>2\/5<\/li>\n\n\n\n<li><strong>Clima:&nbsp;<\/strong>H\u00famedo y caliente.<\/li>\n\n\n\n<li><strong>Comida incluida:&nbsp;<\/strong>Desayuno en el Hotel.<\/li>\n<\/ul>\n\n\n\n<figure class=\"wp-block-image size-full\"><img loading=\"lazy\" decoding=\"async\" width=\"1536\" height=\"400\" src=\"https:\/\/localtrekkersperu.com\/wp-content\/uploads\/2024\/09\/Inca-Trail-2days-LTP-1-1.webp\" alt=\"\" class=\"wp-image-10083\" title=\"Salkantay Trek To Machu Picchu (Glamping) - Local Trekkers Peru\" srcset=\"https:\/\/localtrekkersperu.com\/wp-content\/uploads\/2024\/09\/Inca-Trail-2days-LTP-1-1.webp 1536w, https:\/\/localtrekkersperu.com\/wp-content\/uploads\/2024\/09\/Inca-Trail-2days-LTP-1-1-300x78.webp 300w, https:\/\/localtrekkersperu.com\/wp-content\/uploads\/2024\/09\/Inca-Trail-2days-LTP-1-1-1024x267.webp 1024w, https:\/\/localtrekkersperu.com\/wp-content\/uploads\/2024\/09\/Inca-Trail-2days-LTP-1-1-768x200.webp 768w\" sizes=\"auto, (max-width: 1536px) 100vw, 1536px\" \/><\/figure>\n\n\n\n<\/div><h2 class=\"tabtitle\">Map<\/h2>\n<div class=\"tabcontent\">\n\n\n\n\n<p>El mapa completo del Camino Inca 2 d\u00edas o 2 Day Inca Trail Map inicia en el km. 104 y sigue antiguos caminos hasta la Puerta del Sol, con vistas \u00fanicas de la ciudad de Machu Picchu. Muestra puntos clave como Wi\u00f1aywayna, terrazas y miradores.<\/p>\n\n\n\n<p>Contar con un mapa de Machu Picchu y del camino inca te ayudar\u00e1 a planificar tu ruta y disfrutar al m\u00e1ximo esta experiencia hist\u00f3rica.<\/p>\n\n\n\n<p><strong>Mapa completo del Camino Inca corto de 2 d\u00edas a Machu Picchu:<\/strong><\/p>\n\n\n<div class=\"wp-block-image is-style-default text-center\">\n<figure data-wp-context=\"{&quot;imageId&quot;:&quot;69f4b37af07dc&quot;}\" data-wp-interactive=\"core\/image\" data-wp-key=\"69f4b37af07dc\" class=\"aligncenter size-large wp-lightbox-container\"><img loading=\"lazy\" decoding=\"async\" width=\"1024\" height=\"729\" data-wp-class--hide=\"state.isContentHidden\" data-wp-class--show=\"state.isContentVisible\" data-wp-init=\"callbacks.setButtonStyles\" data-wp-on--click=\"actions.showLightbox\" data-wp-on--load=\"callbacks.setButtonStyles\" data-wp-on-window--resize=\"callbacks.setButtonStyles\" src=\"https:\/\/localtrekkersperu.com\/wp-content\/uploads\/2024\/09\/Mapa-INCA-TRAIL-2D-1-1024x729.jpg\" alt=\"\" class=\"wp-image-10086\" title=\"Mapa del Camino Inca corto a Machu Picchu\" srcset=\"https:\/\/localtrekkersperu.com\/wp-content\/uploads\/2024\/09\/Mapa-INCA-TRAIL-2D-1-1024x729.jpg 1024w, https:\/\/localtrekkersperu.com\/wp-content\/uploads\/2024\/09\/Mapa-INCA-TRAIL-2D-1-300x214.jpg 300w, https:\/\/localtrekkersperu.com\/wp-content\/uploads\/2024\/09\/Mapa-INCA-TRAIL-2D-1-768x547.jpg 768w, https:\/\/localtrekkersperu.com\/wp-content\/uploads\/2024\/09\/Mapa-INCA-TRAIL-2D-1-1536x1094.jpg 1536w, https:\/\/localtrekkersperu.com\/wp-content\/uploads\/2024\/09\/Mapa-INCA-TRAIL-2D-1.jpg 1897w\" sizes=\"auto, (max-width: 1024px) 100vw, 1024px\" \/><button\n\t\t\tclass=\"lightbox-trigger\"\n\t\t\ttype=\"button\"\n\t\t\taria-haspopup=\"dialog\"\n\t\t\taria-label=\"Agrandar\"\n\t\t\tdata-wp-init=\"callbacks.initTriggerButton\"\n\t\t\tdata-wp-on--click=\"actions.showLightbox\"\n\t\t\tdata-wp-style--right=\"state.imageButtonRight\"\n\t\t\tdata-wp-style--top=\"state.imageButtonTop\"\n\t\t>\n\t\t\t<svg xmlns=\"http:\/\/www.w3.org\/2000\/svg\" width=\"12\" height=\"12\" fill=\"none\" viewBox=\"0 0 12 12\">\n\t\t\t\t<path fill=\"#fff\" d=\"M2 0a2 2 0 0 0-2 2v2h1.5V2a.5.5 0 0 1 .5-.5h2V0H2Zm2 10.5H2a.5.5 0 0 1-.5-.5V8H0v2a2 2 0 0 0 2 2h2v-1.5ZM8 12v-1.5h2a.5.5 0 0 0 .5-.5V8H12v2a2 2 0 0 1-2 2H8Zm2-12a2 2 0 0 1 2 2v2h-1.5V2a.5.5 0 0 0-.5-.5H8V0h2Z\" \/>\n\t\t\t<\/svg>\n\t\t<\/button><figcaption class=\"wp-element-caption\">Mapa del Camino Inca corto a Machu Picchu<\/figcaption><\/figure>\n<\/div>\n\n\n<\/div><h2 class=\"tabtitle\">Incluye<\/h2>\n<div class=\"tabcontent\">\n\n\n\n\n<h3 class=\"wp-block-heading\" id=\"h-incluye\">Incluye:<\/h3>\n\n\n\n<ul class=\"wp-block-list\">\n<li>Gu\u00eda tur\u00edstico biling\u00fce y certificado<\/li>\n\n\n\n<li>Todas las Entradas y Permisos para el Camino Inca<\/li>\n\n\n\n<li>Una sesi\u00f3n informativa sobre la caminata con su gu\u00eda el d\u00eda anterior.<\/li>\n\n\n\n<li>Recojo de su alojamiento en Cusco<\/li>\n\n\n\n<li>Transporte privado para ir a la estaci\u00f3n de tren en Ollantaytambo<\/li>\n\n\n\n<li>Boletos de bus de subida y bajada de Aguas Calientes a Machu Picchu el segundo d\u00eda<\/li>\n\n\n\n<li>Boletos de ingreso a Machu Picchu<\/li>\n\n\n\n<li>Una camiseta de Survivor, para cada miembro del grupo.<\/li>\n\n\n\n<li>Tren Tur\u00edstico de Ollantaytambo al Km. 104<\/li>\n\n\n\n<li>Tren tur\u00edstico de Aguas Calientes a Ollantaytambo<\/li>\n\n\n\n<li>Transporte privado de Ollantaytambo a Cusco<\/li>\n\n\n\n<li>1 noche de hotel en Aguas Calientes<\/li>\n\n\n\n<li>Merienda para la caminata<\/li>\n\n\n\n<li>Disponibilidad de comidas a su preferencia (vegetariana, vegana, sin gluten, pesquetariana, etc) para el almuerzo y cena en Aguas Calientes<\/li>\n\n\n\n<li>Botiqu\u00edn de Primeros Auxilios, con bal\u00f3n de Ox\u00edgeno.<\/li>\n<\/ul>\n\n\n\n<h3 class=\"wp-block-heading\" id=\"h-no-incluye\">No Incluye:<\/h3>\n\n\n\n<ul class=\"wp-block-list\">\n<li>Gasto extra si quieres comprar cosas a lo largo del camino.<\/li>\n\n\n\n<li>Entradas a la Monta\u00f1a Waynapicchu o Monta\u00f1a Machu Picchu. (tiene un costo extra de 70 dolares por persona)<\/li>\n\n\n\n<li>Bastones para caminar (puede alquilar con nosotros, que cuestan 20 d\u00f3lares por un par profesional de diamantes negros)<\/li>\n\n\n\n<li>Agua mineral (puede comprar botella de agua mineral en Ollantaytambo)<\/li>\n\n\n\n<li>Primer desayuno y \u00faltimo almuerzo y cena.<\/li>\n\n\n\n<li>Mejora tu Tren Tur\u00edstico a un Vistadome de Lujo Tren a Ollantaytambo (70 $)<\/li>\n\n\n\n<li>Propinas para el equipo (No es obligatorio pero si deseas hacerlo ser\u00e1 bienvenido)<\/li>\n<\/ul>\n\n\n\n<\/div><h2 class=\"tabtitle\">Lista de Empaque<\/h2>\n<div class=\"tabcontent\">\n\n\n\n\n<ul class=\"wp-block-list\">\n<li>Los porteadores no est\u00e1n incluidos en esta caminata, por lo que llevar\u00e1s tus propias cosas, por lo que te recomendamos llevar solo lo necesario para estos 2 d\u00edas.<\/li>\n\n\n\n<li>Pasaporte original<\/li>\n\n\n\n<li>Una tarjeta de estudiante v\u00e1lida si reserva esta caminata como estudiante (25 a\u00f1os como m\u00e1ximo)<\/li>\n\n\n\n<li>Tarjeta de seguro de viaje (debe informar el nombre de su compa\u00f1\u00eda de seguro de viaje y su n\u00famero de seguro de viaje)<\/li>\n\n\n\n<li>Paquete de d\u00eda<\/li>\n\n\n\n<li>Chubasquero o Poncho de lluvia<\/li>\n\n\n\n<li>Senderismo camisas y pantalones de trekking<\/li>\n\n\n\n<li>Zapatos de senderismo impermeables<\/li>\n\n\n\n<li>Botella de agua<\/li>\n\n\n\n<li>Papel higi\u00e9nico<\/li>\n\n\n\n<li>Bloqueador solar<\/li>\n\n\n\n<li>Gafas de sol<\/li>\n\n\n\n<li>Gorras o Sombreros<\/li>\n\n\n\n<li>Repelente de insectos (30% DEET recomendado)<\/li>\n\n\n\n<li>Bastones<\/li>\n\n\n\n<li>C\u00e1mara con bater\u00edas adicionales<\/li>\n\n\n\n<li>Dinero extra especialmente en soles para comprar cosas a lo largo de la caminata.<\/li>\n<\/ul>\n\n\n\n<h3 class=\"wp-block-heading\" id=\"h-positive-mental-attitude\">POSITIVE <strong>MENTAL <\/strong>ATTITUDE<\/h3>\n\n\n\n<\/div><h2 class=\"tabtitle\">Price<\/h2>\n<div class=\"tabcontent\">\n\n\n\n\n<h2 class=\"wp-block-heading has-text-align-center\" id=\"h-precio-2025-2026\" style=\"font-size:26px\">Precio 2025 &#8211; 2026<\/h2>\n\n\n\n<hr class=\"wp-block-separator has-alpha-channel-opacity\"\/>\n\n\n\n<figure class=\"wp-block-table\"><table class=\"has-fixed-layout\"><tbody><tr><th class=\"has-text-align-center\" data-align=\"center\" colspan=\"5\">N\u00famero de personas por grupo:<\/th><\/tr><tr><td class=\"has-text-align-center\" data-align=\"center\">2<\/td><td class=\"has-text-align-center\" data-align=\"center\">3<\/td><td class=\"has-text-align-center\" data-align=\"center\">4<\/td><td class=\"has-text-align-center\" data-align=\"center\">5-6<\/td><td class=\"has-text-align-center\" data-align=\"center\">7-10<\/td><\/tr><tr><th class=\"has-text-align-center\" data-align=\"center\" colspan=\"5\">Precio USD$ (por persona):<\/th><\/tr><tr><td class=\"has-text-align-center\" data-align=\"center\">550 USD$<\/td><td class=\"has-text-align-center\" data-align=\"center\">550 USD$<\/td><td class=\"has-text-align-center\" data-align=\"center\">550 USD$<\/td><td class=\"has-text-align-center\" data-align=\"center\">550 USD$<\/td><td class=\"has-text-align-center\" data-align=\"center\">550 USD$<\/td><\/tr><\/tbody><\/table><\/figure>\n\n\n\n<figure class=\"wp-block-table\"><table class=\"has-fixed-layout\"><tbody><tr><th class=\"has-text-align-center\" data-align=\"center\" colspan=\"5\">N\u00famero de personas por privado:<\/th><\/tr><tr><td class=\"has-text-align-center\" data-align=\"center\">2<\/td><td class=\"has-text-align-center\" data-align=\"center\">3<\/td><td class=\"has-text-align-center\" data-align=\"center\">4<\/td><td class=\"has-text-align-center\" data-align=\"center\">5-6<\/td><td class=\"has-text-align-center\" data-align=\"center\">7-10<\/td><\/tr><tr><th class=\"has-text-align-center\" data-align=\"center\" colspan=\"5\">Precio USD$ (por persona):<\/th><\/tr><tr><td class=\"has-text-align-center\" data-align=\"center\">800 USD$<\/td><td class=\"has-text-align-center\" data-align=\"center\">750 USD$<\/td><td class=\"has-text-align-center\" data-align=\"center\">700 USD$<\/td><td class=\"has-text-align-center\" data-align=\"center\">650 USD$<\/td><td class=\"has-text-align-center\" data-align=\"center\">600 USD$<\/td><\/tr><\/tbody><\/table><\/figure>\n\n\n\n<\/div><h2 class=\"tabtitle\">FAQs<\/h2>\n<div class=\"tabcontent\">\n\n\n\n\n<div class=\"wp-block-advgb-accordions advgb-accordions-77fcdf3b-f2cb-45ce-9189-55bcbcab5b00 advgb-accordion-wrapper\" data-collapsed=\"true\">\n<div class=\"wp-block-advgb-accordion-item advgb-accordion-item\" style=\"margin-bottom:15px\"><div class=\"advgb-accordion-header\" style=\"background-color:#ffffff;color:#000000;border-style:solid;border-width:1px;border-radius:2px\"><span class=\"advgb-accordion-header-icon accordion-state\"><svg class=\"advgb-icon-closed\" fill=\"#000000\" xmlns=\"http:\/\/www.w3.org\/2000\/svg\" width=\"24\" height=\"24\" viewBox=\"0 0 24 24\"><path opacity=\"0.87\" fill=\"none\" d=\"M24,24H0L0,0l24,0V24z\"><\/path><path d=\"M16.59,8.59L12,13.17L7.41,8.59L6,10l6,6l6-6L16.59,8.59z\"><\/path><\/svg><svg class=\"advgb-icon-opened\" fill=\"#000000\" xmlns=\"http:\/\/www.w3.org\/2000\/svg\" width=\"24\" height=\"24\" viewBox=\"0 0 24 24\"><path opacity=\"0.87\" fill=\"none\" d=\"M24,24H0L0,0l24,0V24z\"><\/path><path d=\"M7.41,15.41L12,10.83l4.59,4.58L18,14l-6-6l-6,6L7.41,15.41z\"><\/path><\/svg><\/span><h3 class=\"advgb-accordion-header-title\" style=\"color:inherit\">\u00bfQu\u00e9 es el Camino Inca Corto y en qu\u00e9 se diferencia del cl\u00e1sico de 4 d\u00edas?<\/h3><\/div><div class=\"advgb-accordion-body\" style=\"border-style:solid !important;border-width:1px !important;border-color:undefined !important;border-top:none !important;border-radius:2px !important\">\n<p>El <strong>Camino Inca Corto 2 d\u00edas<\/strong> es una versi\u00f3n reducida del sendero. Comienza en el Km 104 y te lleva por la selva alta, pasando por importantes sitios arqueol\u00f3gicos como Chachabamba y Wi\u00f1ay Wayna. La principal diferencia es que solo se camina el primer d\u00eda, se pernocta en un hotel en Aguas Calientes, y el segundo d\u00eda se dedica enteramente a explorar <strong>Machu Picchu<\/strong>. El sendero cl\u00e1sico, por otro lado, es una caminata de 4 d\u00edas con noches de campamento.<\/p>\n<\/div><\/div>\n<\/div>\n\n\n\n<div class=\"wp-block-advgb-accordions advgb-accordions-20d136b1-8d82-4544-8603-35bebc6aacbb advgb-accordion-wrapper\" data-collapsed=\"true\">\n<div class=\"wp-block-advgb-accordion-item advgb-accordion-item\" style=\"margin-bottom:15px\"><div class=\"advgb-accordion-header\" style=\"background-color:#ffffff;color:#000000;border-style:solid;border-width:1px;border-radius:2px\"><span class=\"advgb-accordion-header-icon accordion-state\"><svg class=\"advgb-icon-closed\" fill=\"#000000\" xmlns=\"http:\/\/www.w3.org\/2000\/svg\" width=\"24\" height=\"24\" viewBox=\"0 0 24 24\"><path opacity=\"0.87\" fill=\"none\" d=\"M24,24H0L0,0l24,0V24z\"><\/path><path d=\"M16.59,8.59L12,13.17L7.41,8.59L6,10l6,6l6-6L16.59,8.59z\"><\/path><\/svg><svg class=\"advgb-icon-opened\" fill=\"#000000\" xmlns=\"http:\/\/www.w3.org\/2000\/svg\" width=\"24\" height=\"24\" viewBox=\"0 0 24 24\"><path opacity=\"0.87\" fill=\"none\" d=\"M24,24H0L0,0l24,0V24z\"><\/path><path d=\"M7.41,15.41L12,10.83l4.59,4.58L18,14l-6-6l-6,6L7.41,15.41z\"><\/path><\/svg><\/span><h3 class=\"advgb-accordion-header-title\" style=\"color:inherit\">\u00bfNecesito un permiso especial para esta ruta? \u00bfCon cu\u00e1nta antelaci\u00f3n debo reservar?<\/h3><\/div><div class=\"advgb-accordion-body\" style=\"border-style:solid !important;border-width:1px !important;border-color:undefined !important;border-top:none !important;border-radius:2px !important\">\n<p>S\u00ed, es obligatorio tener un <strong>Permiso de Camino Inca<\/strong> oficial. El n\u00famero de permisos es muy limitado (120 por d\u00eda) y se agotan r\u00e1pidamente. Para asegurar tu lugar, te recomendamos reservar con al menos 4 a 6 meses de anticipaci\u00f3n, especialmente si viajas en temporada alta (de mayo a septiembre).<\/p>\n<\/div><\/div>\n\n\n\n<div class=\"wp-block-advgb-accordion-item advgb-accordion-item\" style=\"margin-bottom:15px\"><div class=\"advgb-accordion-header\" style=\"background-color:#ffffff;color:#000000;border-style:solid;border-width:1px;border-radius:2px\"><span class=\"advgb-accordion-header-icon accordion-state\"><svg class=\"advgb-icon-closed\" fill=\"#000000\" xmlns=\"http:\/\/www.w3.org\/2000\/svg\" width=\"24\" height=\"24\" viewBox=\"0 0 24 24\"><path opacity=\"0.87\" fill=\"none\" d=\"M24,24H0L0,0l24,0V24z\"><\/path><path d=\"M16.59,8.59L12,13.17L7.41,8.59L6,10l6,6l6-6L16.59,8.59z\"><\/path><\/svg><svg class=\"advgb-icon-opened\" fill=\"#000000\" xmlns=\"http:\/\/www.w3.org\/2000\/svg\" width=\"24\" height=\"24\" viewBox=\"0 0 24 24\"><path opacity=\"0.87\" fill=\"none\" d=\"M24,24H0L0,0l24,0V24z\"><\/path><path d=\"M7.41,15.41L12,10.83l4.59,4.58L18,14l-6-6l-6,6L7.41,15.41z\"><\/path><\/svg><\/span><h3 class=\"advgb-accordion-header-title\" style=\"color:inherit\">\u00bfCu\u00e1l es la mejor \u00e9poca del a\u00f1o para hacer el Camino Inca de 2 d\u00edas?<\/h3><\/div><div class=\"advgb-accordion-body\" style=\"border-style:solid !important;border-width:1px !important;border-color:undefined !important;border-top:none !important;border-radius:2px !important\">\n<p>La mejor \u00e9poca es durante la estaci\u00f3n seca, de abril a octubre. Los d\u00edas suelen ser soleados y con poca lluvia, lo que hace la caminata m\u00e1s agradable. Ten en cuenta que el Camino Inca se cierra por mantenimiento durante todo el mes de febrero.<\/p>\n<\/div><\/div>\n<\/div>\n\n\n\n<div class=\"wp-block-advgb-accordions advgb-accordions-07d5b7a2-d1de-48a0-8b0a-2318f3986c3c advgb-accordion-wrapper\" data-collapsed=\"true\">\n<div class=\"wp-block-advgb-accordion-item advgb-accordion-item\" style=\"margin-bottom:15px\"><div class=\"advgb-accordion-header\" style=\"background-color:#ffffff;color:#000000;border-style:solid;border-width:1px;border-radius:2px\"><span class=\"advgb-accordion-header-icon accordion-state\"><svg class=\"advgb-icon-closed\" fill=\"#000000\" xmlns=\"http:\/\/www.w3.org\/2000\/svg\" width=\"24\" height=\"24\" viewBox=\"0 0 24 24\"><path opacity=\"0.87\" fill=\"none\" d=\"M24,24H0L0,0l24,0V24z\"><\/path><path d=\"M16.59,8.59L12,13.17L7.41,8.59L6,10l6,6l6-6L16.59,8.59z\"><\/path><\/svg><svg class=\"advgb-icon-opened\" fill=\"#000000\" xmlns=\"http:\/\/www.w3.org\/2000\/svg\" width=\"24\" height=\"24\" viewBox=\"0 0 24 24\"><path opacity=\"0.87\" fill=\"none\" d=\"M24,24H0L0,0l24,0V24z\"><\/path><path d=\"M7.41,15.41L12,10.83l4.59,4.58L18,14l-6-6l-6,6L7.41,15.41z\"><\/path><\/svg><\/span><h3 class=\"advgb-accordion-header-title\" style=\"color:inherit\">\u00bfCu\u00e1l es el nivel de dificultad de la caminata?<\/h3><\/div><div class=\"advgb-accordion-body\" style=\"border-style:solid !important;border-width:1px !important;border-color:undefined !important;border-top:none !important;border-radius:2px !important\">\n<p>El nivel de dificultad es moderado. El primer d\u00eda es el m\u00e1s exigente, con una caminata de aproximadamente 6 a 7 horas, incluyendo una subida considerable. No necesitas ser un atleta, pero se recomienda tener una buena condici\u00f3n f\u00edsica y estar acostumbrado a caminar.<\/p>\n<\/div><\/div>\n\n\n\n<div class=\"wp-block-advgb-accordion-item advgb-accordion-item\" style=\"margin-bottom:15px\"><div class=\"advgb-accordion-header\" style=\"background-color:#ffffff;color:#000000;border-style:solid;border-width:1px;border-radius:2px\"><span class=\"advgb-accordion-header-icon accordion-state\"><svg class=\"advgb-icon-closed\" fill=\"#000000\" xmlns=\"http:\/\/www.w3.org\/2000\/svg\" width=\"24\" height=\"24\" viewBox=\"0 0 24 24\"><path opacity=\"0.87\" fill=\"none\" d=\"M24,24H0L0,0l24,0V24z\"><\/path><path d=\"M16.59,8.59L12,13.17L7.41,8.59L6,10l6,6l6-6L16.59,8.59z\"><\/path><\/svg><svg class=\"advgb-icon-opened\" fill=\"#000000\" xmlns=\"http:\/\/www.w3.org\/2000\/svg\" width=\"24\" height=\"24\" viewBox=\"0 0 24 24\"><path opacity=\"0.87\" fill=\"none\" d=\"M24,24H0L0,0l24,0V24z\"><\/path><path d=\"M7.41,15.41L12,10.83l4.59,4.58L18,14l-6-6l-6,6L7.41,15.41z\"><\/path><\/svg><\/span><h3 class=\"advgb-accordion-header-title\" style=\"color:inherit\">\u00bfQu\u00e9 incluye y qu\u00e9 no incluye un tour del Camino Inca Corto?<\/h3><\/div><div class=\"advgb-accordion-body\" style=\"border-style:solid !important;border-width:1px !important;border-color:undefined !important;border-top:none !important;border-radius:2px !important\">\n<p>Un tour t\u00edpico incluye traslados en bus y tren, un gu\u00eda profesional, los <strong>permisos del Camino Inca<\/strong> y las entradas a <strong>Machu Picchu<\/strong>, una noche de hotel en Aguas Calientes y la mayor\u00eda de las comidas. Generalmente no incluye la entrada a Huayna Picchu, el almuerzo del segundo d\u00eda ni las propinas para el gu\u00eda.<\/p>\n<\/div><\/div>\n<\/div>\n\n\n\n<div class=\"wp-block-advgb-accordions advgb-accordions-0100ba6f-8a4e-4c47-b5f9-e9fa05c8c264 advgb-accordion-wrapper\" data-collapsed=\"true\">\n<div class=\"wp-block-advgb-accordion-item advgb-accordion-item\" style=\"margin-bottom:15px\"><div class=\"advgb-accordion-header\" style=\"background-color:#ffffff;color:#000000;border-style:solid;border-width:1px;border-radius:2px\"><span class=\"advgb-accordion-header-icon accordion-state\"><svg class=\"advgb-icon-closed\" fill=\"#000000\" xmlns=\"http:\/\/www.w3.org\/2000\/svg\" width=\"24\" height=\"24\" viewBox=\"0 0 24 24\"><path opacity=\"0.87\" fill=\"none\" d=\"M24,24H0L0,0l24,0V24z\"><\/path><path d=\"M16.59,8.59L12,13.17L7.41,8.59L6,10l6,6l6-6L16.59,8.59z\"><\/path><\/svg><svg class=\"advgb-icon-opened\" fill=\"#000000\" xmlns=\"http:\/\/www.w3.org\/2000\/svg\" width=\"24\" height=\"24\" viewBox=\"0 0 24 24\"><path opacity=\"0.87\" fill=\"none\" d=\"M24,24H0L0,0l24,0V24z\"><\/path><path d=\"M7.41,15.41L12,10.83l4.59,4.58L18,14l-6-6l-6,6L7.41,15.41z\"><\/path><\/svg><\/span><h3 class=\"advgb-accordion-header-title\" style=\"color:inherit\">\u00bfEst\u00e1 incluido el ascenso a Huayna Picchu o Monta\u00f1a Machu Picchu?<\/h3><\/div><div class=\"advgb-accordion-body\" style=\"border-style:solid !important;border-width:1px !important;border-color:undefined !important;border-top:none !important;border-radius:2px !important\">\n<p>No, las entradas para subir a <strong>Huayna Picchu<\/strong> o la Monta\u00f1a Machu Picchu no est\u00e1n incluidas y deben reservarse por separado, con mucha antelaci\u00f3n, ya que son cupos muy limitados.<\/p>\n<\/div><\/div>\n<\/div>\n\n\n\n<div class=\"wp-block-advgb-accordions advgb-accordions-9a8c7298-341c-4cdf-8658-03c1d9883a4b advgb-accordion-wrapper\" data-collapsed=\"true\">\n<div class=\"wp-block-advgb-accordion-item advgb-accordion-item\" style=\"margin-bottom:15px\"><div class=\"advgb-accordion-header\" style=\"background-color:#ffffff;color:#000000;border-style:solid;border-width:1px;border-radius:2px\"><span class=\"advgb-accordion-header-icon accordion-state\"><svg class=\"advgb-icon-closed\" fill=\"#000000\" xmlns=\"http:\/\/www.w3.org\/2000\/svg\" width=\"24\" height=\"24\" viewBox=\"0 0 24 24\"><path opacity=\"0.87\" fill=\"none\" d=\"M24,24H0L0,0l24,0V24z\"><\/path><path d=\"M16.59,8.59L12,13.17L7.41,8.59L6,10l6,6l6-6L16.59,8.59z\"><\/path><\/svg><svg class=\"advgb-icon-opened\" fill=\"#000000\" xmlns=\"http:\/\/www.w3.org\/2000\/svg\" width=\"24\" height=\"24\" viewBox=\"0 0 24 24\"><path opacity=\"0.87\" fill=\"none\" d=\"M24,24H0L0,0l24,0V24z\"><\/path><path d=\"M7.41,15.41L12,10.83l4.59,4.58L18,14l-6-6l-6,6L7.41,15.41z\"><\/path><\/svg><\/span><h3 class=\"advgb-accordion-header-title\" style=\"color:inherit\">\u00bfQu\u00e9 debo empacar para el Camino Inca de 2 d\u00edas?<\/h3><\/div><div class=\"advgb-accordion-body\" style=\"border-style:solid !important;border-width:1px !important;border-color:undefined !important;border-top:none !important;border-radius:2px !important\">\n<p>Dado que no hay porteadores en esta ruta, deber\u00e1s llevar una mochila peque\u00f1a con lo esencial. Te recomendamos: pasaporte original, ropa en capas, un poncho de lluvia, zapatos de trekking c\u00f3modos, protector solar, repelente de insectos y dinero en efectivo. No se permiten mochilas grandes dentro de Machu Picchu.<\/p>\n<\/div><\/div>\n<\/div>\n\n\n\n<div class=\"wp-block-advgb-accordions advgb-accordions-83081308-fb15-4783-848c-17594e0fe966 advgb-accordion-wrapper\" data-collapsed=\"true\">\n<div class=\"wp-block-advgb-accordion-item advgb-accordion-item\" style=\"margin-bottom:15px\"><div class=\"advgb-accordion-header\" style=\"background-color:#ffffff;color:#000000;border-style:solid;border-width:1px;border-radius:2px\"><span class=\"advgb-accordion-header-icon accordion-state\"><svg class=\"advgb-icon-closed\" fill=\"#000000\" xmlns=\"http:\/\/www.w3.org\/2000\/svg\" width=\"24\" height=\"24\" viewBox=\"0 0 24 24\"><path opacity=\"0.87\" fill=\"none\" d=\"M24,24H0L0,0l24,0V24z\"><\/path><path d=\"M16.59,8.59L12,13.17L7.41,8.59L6,10l6,6l6-6L16.59,8.59z\"><\/path><\/svg><svg class=\"advgb-icon-opened\" fill=\"#000000\" xmlns=\"http:\/\/www.w3.org\/2000\/svg\" width=\"24\" height=\"24\" viewBox=\"0 0 24 24\"><path opacity=\"0.87\" fill=\"none\" d=\"M24,24H0L0,0l24,0V24z\"><\/path><path d=\"M7.41,15.41L12,10.83l4.59,4.58L18,14l-6-6l-6,6L7.41,15.41z\"><\/path><\/svg><\/span><h3 class=\"advgb-accordion-header-title\" style=\"color:inherit\">\u00bfC\u00f3mo me aclimato a la altitud?<\/h3><\/div><div class=\"advgb-accordion-body\" style=\"border-style:solid !important;border-width:1px !important;border-color:undefined !important;border-top:none !important;border-radius:2px !important\">\n<p>Es fundamental para evitar el mal de altura. Lo ideal es llegar a Cusco al menos 1 o 2 d\u00edas antes del inicio del tour. Durante ese tiempo, descansa, hidr\u00e1tate bien y evita el alcohol y las comidas pesadas.<\/p>\n<\/div><\/div>\n<\/div>\n\n\n\n<div class=\"wp-block-advgb-accordions advgb-accordions-66d4dd8d-b620-4dab-8ee9-d9e4c07715e6 advgb-accordion-wrapper\" data-collapsed=\"true\">\n<div class=\"wp-block-advgb-accordion-item advgb-accordion-item\" style=\"margin-bottom:15px\"><div class=\"advgb-accordion-header\" style=\"background-color:#ffffff;color:#000000;border-style:solid;border-width:1px;border-radius:2px\"><span class=\"advgb-accordion-header-icon accordion-state\"><svg class=\"advgb-icon-closed\" fill=\"#000000\" xmlns=\"http:\/\/www.w3.org\/2000\/svg\" width=\"24\" height=\"24\" viewBox=\"0 0 24 24\"><path opacity=\"0.87\" fill=\"none\" d=\"M24,24H0L0,0l24,0V24z\"><\/path><path d=\"M16.59,8.59L12,13.17L7.41,8.59L6,10l6,6l6-6L16.59,8.59z\"><\/path><\/svg><svg class=\"advgb-icon-opened\" fill=\"#000000\" xmlns=\"http:\/\/www.w3.org\/2000\/svg\" width=\"24\" height=\"24\" viewBox=\"0 0 24 24\"><path opacity=\"0.87\" fill=\"none\" d=\"M24,24H0L0,0l24,0V24z\"><\/path><path d=\"M7.41,15.41L12,10.83l4.59,4.58L18,14l-6-6l-6,6L7.41,15.41z\"><\/path><\/svg><\/span><h3 class=\"advgb-accordion-header-title\" style=\"color:inherit\">\u00bfEl Camino Inca est\u00e1 abierto todo el a\u00f1o?<\/h3><\/div><div class=\"advgb-accordion-body\" style=\"border-style:solid !important;border-width:1px !important;border-color:undefined !important;border-top:none !important;border-radius:2px !important\">\n<p>No, el <strong>Camino Inca<\/strong> se cierra todos los a\u00f1os durante el mes de febrero para su mantenimiento anual.<\/p>\n<\/div><\/div>\n<\/div>\n\n\n\n<div class=\"wp-block-advgb-accordions advgb-accordions-ce46b392-0fc7-4def-8100-0d51b4f9b773 advgb-accordion-wrapper\" data-collapsed=\"true\">\n<div class=\"wp-block-advgb-accordion-item advgb-accordion-item\" style=\"margin-bottom:15px\"><div class=\"advgb-accordion-header\" style=\"background-color:#ffffff;color:#000000;border-style:solid;border-width:1px;border-radius:2px\"><span class=\"advgb-accordion-header-icon accordion-state\"><svg class=\"advgb-icon-closed\" fill=\"#000000\" xmlns=\"http:\/\/www.w3.org\/2000\/svg\" width=\"24\" height=\"24\" viewBox=\"0 0 24 24\"><path opacity=\"0.87\" fill=\"none\" d=\"M24,24H0L0,0l24,0V24z\"><\/path><path d=\"M16.59,8.59L12,13.17L7.41,8.59L6,10l6,6l6-6L16.59,8.59z\"><\/path><\/svg><svg class=\"advgb-icon-opened\" fill=\"#000000\" xmlns=\"http:\/\/www.w3.org\/2000\/svg\" width=\"24\" height=\"24\" viewBox=\"0 0 24 24\"><path opacity=\"0.87\" fill=\"none\" d=\"M24,24H0L0,0l24,0V24z\"><\/path><path d=\"M7.41,15.41L12,10.83l4.59,4.58L18,14l-6-6l-6,6L7.41,15.41z\"><\/path><\/svg><\/span><h3 class=\"advgb-accordion-header-title\" style=\"color:inherit\">\u00bfQu\u00e9 pasa si llueve durante la caminata?<\/h3><\/div><div class=\"advgb-accordion-body\" style=\"border-style:solid !important;border-width:1px !important;border-color:undefined !important;border-top:none !important;border-radius:2px !important\">\n<p>El trekking se realiza con lluvia o sol. Es esencial que lleves un buen poncho de lluvia y ropa impermeable. El paisaje con la neblina puede ser una experiencia m\u00e1gica.<\/p>\n<\/div><\/div>\n<\/div>\n\n\n\n<div class=\"wp-block-advgb-accordions advgb-accordions-01051b28-c85f-4939-b914-55178ac0a5b5 advgb-accordion-wrapper\" data-collapsed=\"true\">\n<div class=\"wp-block-advgb-accordion-item advgb-accordion-item\" style=\"margin-bottom:15px\"><div class=\"advgb-accordion-header\" style=\"background-color:#ffffff;color:#000000;border-style:solid;border-width:1px;border-radius:2px\"><span class=\"advgb-accordion-header-icon accordion-state\"><svg class=\"advgb-icon-closed\" fill=\"#000000\" xmlns=\"http:\/\/www.w3.org\/2000\/svg\" width=\"24\" height=\"24\" viewBox=\"0 0 24 24\"><path opacity=\"0.87\" fill=\"none\" d=\"M24,24H0L0,0l24,0V24z\"><\/path><path d=\"M16.59,8.59L12,13.17L7.41,8.59L6,10l6,6l6-6L16.59,8.59z\"><\/path><\/svg><svg class=\"advgb-icon-opened\" fill=\"#000000\" xmlns=\"http:\/\/www.w3.org\/2000\/svg\" width=\"24\" height=\"24\" viewBox=\"0 0 24 24\"><path opacity=\"0.87\" fill=\"none\" d=\"M24,24H0L0,0l24,0V24z\"><\/path><path d=\"M7.41,15.41L12,10.83l4.59,4.58L18,14l-6-6l-6,6L7.41,15.41z\"><\/path><\/svg><\/span><h3 class=\"advgb-accordion-header-title\" style=\"color:inherit\">\u00bfNecesito un gu\u00eda?<\/h3><\/div><div class=\"advgb-accordion-body\" style=\"border-style:solid !important;border-width:1px !important;border-color:undefined !important;border-top:none !important;border-radius:2px !important\">\n<p>S\u00ed, es obligatorio hacer el <strong>Camino Inca<\/strong> con un gu\u00eda oficial. Todos los tours lo incluyen, y el gu\u00eda te acompa\u00f1ar\u00e1 durante toda la caminata y la visita a <strong>Machu Picchu<\/strong>.<\/p>\n<\/div><\/div>\n<\/div>\n\n\n\n<div class=\"wp-block-advgb-accordions advgb-accordions-7566af99-1b86-456e-923a-d2401ef45d93 advgb-accordion-wrapper\" data-collapsed=\"true\">\n<div class=\"wp-block-advgb-accordion-item advgb-accordion-item\" style=\"margin-bottom:15px\"><div class=\"advgb-accordion-header\" style=\"background-color:#ffffff;color:#000000;border-style:solid;border-width:1px;border-radius:2px\"><span class=\"advgb-accordion-header-icon accordion-state\"><svg class=\"advgb-icon-closed\" fill=\"#000000\" xmlns=\"http:\/\/www.w3.org\/2000\/svg\" width=\"24\" height=\"24\" viewBox=\"0 0 24 24\"><path opacity=\"0.87\" fill=\"none\" d=\"M24,24H0L0,0l24,0V24z\"><\/path><path d=\"M16.59,8.59L12,13.17L7.41,8.59L6,10l6,6l6-6L16.59,8.59z\"><\/path><\/svg><svg class=\"advgb-icon-opened\" fill=\"#000000\" xmlns=\"http:\/\/www.w3.org\/2000\/svg\" width=\"24\" height=\"24\" viewBox=\"0 0 24 24\"><path opacity=\"0.87\" fill=\"none\" d=\"M24,24H0L0,0l24,0V24z\"><\/path><path d=\"M7.41,15.41L12,10.83l4.59,4.58L18,14l-6-6l-6,6L7.41,15.41z\"><\/path><\/svg><\/span><h3 class=\"advgb-accordion-header-title\" style=\"color:inherit\">\u00bfPuedo hacer el tour si viajo solo?<\/h3><\/div><div class=\"advgb-accordion-body\" style=\"border-style:solid !important;border-width:1px !important;border-color:undefined !important;border-top:none !important;border-radius:2px !important\">\n<p>S\u00ed, la mayor\u00eda de los tours se organizan en grupos peque\u00f1os, lo que te permite conocer a otros viajeros. Las agencias est\u00e1n preparadas para recibir a viajeros solitarios y garantizar una experiencia segura.<\/p>\n<\/div><\/div>\n<\/div>\n\n\n\n<div class=\"wp-block-advgb-accordions advgb-accordions-e13e5d82-f0cf-49a1-94c2-d6d8c5aff90f advgb-accordion-wrapper\" data-collapsed=\"true\">\n<div class=\"wp-block-advgb-accordion-item advgb-accordion-item\" style=\"margin-bottom:15px\"><div class=\"advgb-accordion-header\" style=\"background-color:#ffffff;color:#000000;border-style:solid;border-width:1px;border-radius:2px\"><span class=\"advgb-accordion-header-icon accordion-state\"><svg class=\"advgb-icon-closed\" fill=\"#000000\" xmlns=\"http:\/\/www.w3.org\/2000\/svg\" width=\"24\" height=\"24\" viewBox=\"0 0 24 24\"><path opacity=\"0.87\" fill=\"none\" d=\"M24,24H0L0,0l24,0V24z\"><\/path><path d=\"M16.59,8.59L12,13.17L7.41,8.59L6,10l6,6l6-6L16.59,8.59z\"><\/path><\/svg><svg class=\"advgb-icon-opened\" fill=\"#000000\" xmlns=\"http:\/\/www.w3.org\/2000\/svg\" width=\"24\" height=\"24\" viewBox=\"0 0 24 24\"><path opacity=\"0.87\" fill=\"none\" d=\"M24,24H0L0,0l24,0V24z\"><\/path><path d=\"M7.41,15.41L12,10.83l4.59,4.58L18,14l-6-6l-6,6L7.41,15.41z\"><\/path><\/svg><\/span><h3 class=\"advgb-accordion-header-title\" style=\"color:inherit\">\u00bfSe puede hacer el tour con ni\u00f1os?<\/h3><\/div><div class=\"advgb-accordion-body\" style=\"border-style:solid !important;border-width:1px !important;border-color:undefined !important;border-top:none !important;border-radius:2px !important\">\n<p>S\u00ed, es una excelente opci\u00f3n para familias con ni\u00f1os mayores de 10-12 a\u00f1os que est\u00e9n acostumbrados a caminar. Eval\u00faa la condici\u00f3n f\u00edsica de tus hijos, ya que el primer d\u00eda es exigente.<\/p>\n<\/div><\/div>\n<\/div>\n\n\n\n<div class=\"wp-block-advgb-accordions advgb-accordions-b8985c80-0411-416e-9b72-0b3db9f6d9cb advgb-accordion-wrapper\" data-collapsed=\"true\">\n<div class=\"wp-block-advgb-accordion-item advgb-accordion-item\" style=\"margin-bottom:15px\"><div class=\"advgb-accordion-header\" style=\"background-color:#ffffff;color:#000000;border-style:solid;border-width:1px;border-radius:2px\"><span class=\"advgb-accordion-header-icon accordion-state\"><svg class=\"advgb-icon-closed\" fill=\"#000000\" xmlns=\"http:\/\/www.w3.org\/2000\/svg\" width=\"24\" height=\"24\" viewBox=\"0 0 24 24\"><path opacity=\"0.87\" fill=\"none\" d=\"M24,24H0L0,0l24,0V24z\"><\/path><path d=\"M16.59,8.59L12,13.17L7.41,8.59L6,10l6,6l6-6L16.59,8.59z\"><\/path><\/svg><svg class=\"advgb-icon-opened\" fill=\"#000000\" xmlns=\"http:\/\/www.w3.org\/2000\/svg\" width=\"24\" height=\"24\" viewBox=\"0 0 24 24\"><path opacity=\"0.87\" fill=\"none\" d=\"M24,24H0L0,0l24,0V24z\"><\/path><path d=\"M7.41,15.41L12,10.83l4.59,4.58L18,14l-6-6l-6,6L7.41,15.41z\"><\/path><\/svg><\/span><h3 class=\"advgb-accordion-header-title\" style=\"color:inherit\">\u00bfPuedo llevar mi equipaje grande durante la caminata?<\/h3><\/div><div class=\"advgb-accordion-body\" style=\"border-style:solid !important;border-width:1px !important;border-color:undefined !important;border-top:none !important;border-radius:2px !important\">\n<p>No. Tu equipaje principal ser\u00e1 transportado por tren hasta tu hotel en Aguas Calientes. Durante la caminata, solo llevar\u00e1s una mochila peque\u00f1a con lo necesario para el d\u00eda.<\/p>\n<\/div><\/div>\n<\/div>\n\n\n\n<div class=\"wp-block-advgb-accordions advgb-accordions-d84d9607-9d11-497f-af42-d88693568040 advgb-accordion-wrapper\" data-collapsed=\"true\">\n<div class=\"wp-block-advgb-accordion-item advgb-accordion-item\" style=\"margin-bottom:15px\"><div class=\"advgb-accordion-header\" style=\"background-color:#ffffff;color:#000000;border-style:solid;border-width:1px;border-radius:2px\"><span class=\"advgb-accordion-header-icon accordion-state\"><svg class=\"advgb-icon-closed\" fill=\"#000000\" xmlns=\"http:\/\/www.w3.org\/2000\/svg\" width=\"24\" height=\"24\" viewBox=\"0 0 24 24\"><path opacity=\"0.87\" fill=\"none\" d=\"M24,24H0L0,0l24,0V24z\"><\/path><path d=\"M16.59,8.59L12,13.17L7.41,8.59L6,10l6,6l6-6L16.59,8.59z\"><\/path><\/svg><svg class=\"advgb-icon-opened\" fill=\"#000000\" xmlns=\"http:\/\/www.w3.org\/2000\/svg\" width=\"24\" height=\"24\" viewBox=\"0 0 24 24\"><path opacity=\"0.87\" fill=\"none\" d=\"M24,24H0L0,0l24,0V24z\"><\/path><path d=\"M7.41,15.41L12,10.83l4.59,4.58L18,14l-6-6l-6,6L7.41,15.41z\"><\/path><\/svg><\/span><h3 class=\"advgb-accordion-header-title\" style=\"color:inherit\">\u00bfHay ba\u00f1os y d\u00f3nde se puede comprar comida o agua?<\/h3><\/div><div class=\"advgb-accordion-body\" style=\"border-style:solid !important;border-width:1px !important;border-color:undefined !important;border-top:none !important;border-radius:2px !important\">\n<p>Hay servicios higi\u00e9nicos al comienzo y en algunos puntos del sendero. Sin embargo, te recomendamos llevar suficiente agua y snacks. El almuerzo del segundo d\u00eda se realiza en un restaurante en Aguas Calientes.<\/p>\n<\/div><\/div>\n<\/div>\n\n\n<\/div><\/div>\n\n\n\n<p><\/p>\n\n\n\n<p><\/p>\n","protected":false},"excerpt":{"rendered":"<p>Camino inca corto a Machu Picchu&nbsp;2 D\u00edas D\u00cdA 01:&nbsp;CUSCO \u2013 KIL\u00d3METRO104 \u2013 WI\u00d1AYWAYNA Lo recogeremos de su&#8230;<\/p>\n","protected":false},"author":1,"featured_media":974,"comment_status":"closed","ping_status":"open","sticky":false,"template":"","format":"standard","meta":{"_acf_changed":false,"advgb_blocks_editor_width":"","advgb_blocks_columns_visual_guide":"","footnotes":""},"categories":[3],"tags":[],"class_list":["post-3458","post","type-post","status-publish","format-standard","has-post-thumbnail","hentry","category-camino-inca"],"acf":[],"yoast_head":"<!-- This site is optimized with the Yoast SEO Premium plugin v25.2 (Yoast SEO v27.4) - https:\/\/yoast.com\/product\/yoast-seo-premium-wordpress\/ -->\n<title>Camino Inca Corto a Machu Picchu 2 d\u00edas \/ 1 noche - Local Trekkers Peru<\/title>\n<meta name=\"description\" content=\"Descubre el Camino Inca Corto a Machu Picchu en 2 d\u00edas\/1 noche: trek grupal, gu\u00edas expertos, vistas \u00fanicas desde la Puerta del Sol.\" \/>\n<meta name=\"robots\" content=\"index, follow, max-snippet:-1, max-image-preview:large, max-video-preview:-1\" \/>\n<link rel=\"canonical\" href=\"https:\/\/localtrekkersperu.com\/es\/camino-inca-corto-a-machu-picchu-2-dias-1-noche\/\" \/>\n<meta property=\"og:locale\" content=\"es_ES\" \/>\n<meta property=\"og:type\" content=\"article\" \/>\n<meta property=\"og:title\" content=\"Camino Inca Corto a Machu Picchu 2 d\u00edas \/ 1 noche\" \/>\n<meta property=\"og:description\" content=\"Descubre el Camino Inca Corto a Machu Picchu en 2 d\u00edas\/1 noche: trek grupal, gu\u00edas expertos, vistas \u00fanicas desde la Puerta del Sol.\" \/>\n<meta property=\"og:url\" content=\"https:\/\/localtrekkersperu.com\/es\/camino-inca-corto-a-machu-picchu-2-dias-1-noche\/\" \/>\n<meta property=\"og:site_name\" content=\"Local Trekkers Peru\" \/>\n<meta property=\"article:published_time\" content=\"2024-09-18T04:41:08+00:00\" \/>\n<meta property=\"article:modified_time\" content=\"2026-01-07T23:21:21+00:00\" \/>\n<meta property=\"og:image\" content=\"https:\/\/localtrekkersperu.com\/wp-content\/uploads\/2024\/09\/Inca-Trail-2-days-1-scaled.webp\" \/>\n\t<meta property=\"og:image:width\" content=\"2560\" \/>\n\t<meta property=\"og:image:height\" content=\"1960\" \/>\n\t<meta property=\"og:image:type\" content=\"image\/webp\" \/>\n<meta name=\"author\" content=\"admin_local\" \/>\n<meta name=\"twitter:card\" content=\"summary_large_image\" \/>\n<meta name=\"twitter:label1\" content=\"Escrito por\" \/>\n\t<meta name=\"twitter:data1\" content=\"admin_local\" \/>\n\t<meta name=\"twitter:label2\" content=\"Tiempo de lectura\" \/>\n\t<meta name=\"twitter:data2\" content=\"11 minutos\" \/>\n<script type=\"application\/ld+json\" class=\"yoast-schema-graph\">{\"@context\":\"https:\\\/\\\/schema.org\",\"@graph\":[{\"@type\":\"Article\",\"@id\":\"https:\\\/\\\/localtrekkersperu.com\\\/es\\\/camino-inca-corto-a-machu-picchu-2-dias-1-noche\\\/#article\",\"isPartOf\":{\"@id\":\"https:\\\/\\\/localtrekkersperu.com\\\/es\\\/camino-inca-corto-a-machu-picchu-2-dias-1-noche\\\/\"},\"author\":{\"name\":\"admin_local\",\"@id\":\"https:\\\/\\\/localtrekkersperu.com\\\/es\\\/#\\\/schema\\\/person\\\/babe2ac841b0da6e2402ca92d217bb6a\"},\"headline\":\"Camino Inca Corto a Machu Picchu 2 d\u00edas \\\/ 1 noche\",\"datePublished\":\"2024-09-18T04:41:08+00:00\",\"dateModified\":\"2026-01-07T23:21:21+00:00\",\"mainEntityOfPage\":{\"@id\":\"https:\\\/\\\/localtrekkersperu.com\\\/es\\\/camino-inca-corto-a-machu-picchu-2-dias-1-noche\\\/\"},\"wordCount\":2425,\"publisher\":{\"@id\":\"https:\\\/\\\/localtrekkersperu.com\\\/es\\\/#organization\"},\"image\":{\"@id\":\"https:\\\/\\\/localtrekkersperu.com\\\/es\\\/camino-inca-corto-a-machu-picchu-2-dias-1-noche\\\/#primaryimage\"},\"thumbnailUrl\":\"https:\\\/\\\/localtrekkersperu.com\\\/wp-content\\\/uploads\\\/2024\\\/09\\\/Inca-Trail-2-days-1-scaled.webp\",\"articleSection\":[\"Camino Inca\"],\"inLanguage\":\"es\"},{\"@type\":\"WebPage\",\"@id\":\"https:\\\/\\\/localtrekkersperu.com\\\/es\\\/camino-inca-corto-a-machu-picchu-2-dias-1-noche\\\/\",\"url\":\"https:\\\/\\\/localtrekkersperu.com\\\/es\\\/camino-inca-corto-a-machu-picchu-2-dias-1-noche\\\/\",\"name\":\"Camino Inca Corto a Machu Picchu 2 d\u00edas \\\/ 1 noche - Local Trekkers Peru\",\"isPartOf\":{\"@id\":\"https:\\\/\\\/localtrekkersperu.com\\\/es\\\/#website\"},\"primaryImageOfPage\":{\"@id\":\"https:\\\/\\\/localtrekkersperu.com\\\/es\\\/camino-inca-corto-a-machu-picchu-2-dias-1-noche\\\/#primaryimage\"},\"image\":{\"@id\":\"https:\\\/\\\/localtrekkersperu.com\\\/es\\\/camino-inca-corto-a-machu-picchu-2-dias-1-noche\\\/#primaryimage\"},\"thumbnailUrl\":\"https:\\\/\\\/localtrekkersperu.com\\\/wp-content\\\/uploads\\\/2024\\\/09\\\/Inca-Trail-2-days-1-scaled.webp\",\"datePublished\":\"2024-09-18T04:41:08+00:00\",\"dateModified\":\"2026-01-07T23:21:21+00:00\",\"description\":\"Descubre el Camino Inca Corto a Machu Picchu en 2 d\u00edas\\\/1 noche: trek grupal, gu\u00edas expertos, vistas \u00fanicas desde la Puerta del Sol.\",\"breadcrumb\":{\"@id\":\"https:\\\/\\\/localtrekkersperu.com\\\/es\\\/camino-inca-corto-a-machu-picchu-2-dias-1-noche\\\/#breadcrumb\"},\"inLanguage\":\"es\",\"potentialAction\":[{\"@type\":\"ReadAction\",\"target\":[\"https:\\\/\\\/localtrekkersperu.com\\\/es\\\/camino-inca-corto-a-machu-picchu-2-dias-1-noche\\\/\"]}]},{\"@type\":\"ImageObject\",\"inLanguage\":\"es\",\"@id\":\"https:\\\/\\\/localtrekkersperu.com\\\/es\\\/camino-inca-corto-a-machu-picchu-2-dias-1-noche\\\/#primaryimage\",\"url\":\"https:\\\/\\\/localtrekkersperu.com\\\/wp-content\\\/uploads\\\/2024\\\/09\\\/Inca-Trail-2-days-1-scaled.webp\",\"contentUrl\":\"https:\\\/\\\/localtrekkersperu.com\\\/wp-content\\\/uploads\\\/2024\\\/09\\\/Inca-Trail-2-days-1-scaled.webp\",\"width\":2560,\"height\":1960,\"caption\":\"Machu Picchu\"},{\"@type\":\"BreadcrumbList\",\"@id\":\"https:\\\/\\\/localtrekkersperu.com\\\/es\\\/camino-inca-corto-a-machu-picchu-2-dias-1-noche\\\/#breadcrumb\",\"itemListElement\":[{\"@type\":\"ListItem\",\"position\":1,\"name\":\"Home\",\"item\":\"https:\\\/\\\/localtrekkersperu.com\\\/es\\\/\"},{\"@type\":\"ListItem\",\"position\":2,\"name\":\"Camino Inca\",\"item\":\"https:\\\/\\\/localtrekkersperu.com\\\/es\\\/category\\\/camino-inca\\\/\"},{\"@type\":\"ListItem\",\"position\":3,\"name\":\"Camino Inca Corto a Machu Picchu 2 d\u00edas \\\/ 1 noche\"}]},{\"@type\":\"WebSite\",\"@id\":\"https:\\\/\\\/localtrekkersperu.com\\\/es\\\/#website\",\"url\":\"https:\\\/\\\/localtrekkersperu.com\\\/es\\\/\",\"name\":\"Local Trekkers Peru\",\"description\":\"\",\"publisher\":{\"@id\":\"https:\\\/\\\/localtrekkersperu.com\\\/es\\\/#organization\"},\"potentialAction\":[{\"@type\":\"SearchAction\",\"target\":{\"@type\":\"EntryPoint\",\"urlTemplate\":\"https:\\\/\\\/localtrekkersperu.com\\\/es\\\/?s={search_term_string}\"},\"query-input\":{\"@type\":\"PropertyValueSpecification\",\"valueRequired\":true,\"valueName\":\"search_term_string\"}}],\"inLanguage\":\"es\"},{\"@type\":\"Organization\",\"@id\":\"https:\\\/\\\/localtrekkersperu.com\\\/es\\\/#organization\",\"name\":\"Local Trekkers Peru\",\"url\":\"https:\\\/\\\/localtrekkersperu.com\\\/es\\\/\",\"logo\":{\"@type\":\"ImageObject\",\"inLanguage\":\"es\",\"@id\":\"https:\\\/\\\/localtrekkersperu.com\\\/es\\\/#\\\/schema\\\/logo\\\/image\\\/\",\"url\":\"https:\\\/\\\/localtrekkersperu.com\\\/wp-content\\\/uploads\\\/2024\\\/08\\\/logo.png\",\"contentUrl\":\"https:\\\/\\\/localtrekkersperu.com\\\/wp-content\\\/uploads\\\/2024\\\/08\\\/logo.png\",\"width\":411,\"height\":122,\"caption\":\"Local Trekkers Peru\"},\"image\":{\"@id\":\"https:\\\/\\\/localtrekkersperu.com\\\/es\\\/#\\\/schema\\\/logo\\\/image\\\/\"}},{\"@type\":\"Person\",\"@id\":\"https:\\\/\\\/localtrekkersperu.com\\\/es\\\/#\\\/schema\\\/person\\\/babe2ac841b0da6e2402ca92d217bb6a\",\"name\":\"admin_local\",\"sameAs\":[\"https:\\\/\\\/localtrekkersperu.com\"]}]}<\/script>\n<!-- \/ Yoast SEO Premium plugin. -->","yoast_head_json":{"title":"Camino Inca Corto a Machu Picchu 2 d\u00edas \/ 1 noche - Local Trekkers Peru","description":"Descubre el Camino Inca Corto a Machu Picchu en 2 d\u00edas\/1 noche: trek grupal, gu\u00edas expertos, vistas \u00fanicas desde la Puerta del Sol.","robots":{"index":"index","follow":"follow","max-snippet":"max-snippet:-1","max-image-preview":"max-image-preview:large","max-video-preview":"max-video-preview:-1"},"canonical":"https:\/\/localtrekkersperu.com\/es\/camino-inca-corto-a-machu-picchu-2-dias-1-noche\/","og_locale":"es_ES","og_type":"article","og_title":"Camino Inca Corto a Machu Picchu 2 d\u00edas \/ 1 noche","og_description":"Descubre el Camino Inca Corto a Machu Picchu en 2 d\u00edas\/1 noche: trek grupal, gu\u00edas expertos, vistas \u00fanicas desde la Puerta del Sol.","og_url":"https:\/\/localtrekkersperu.com\/es\/camino-inca-corto-a-machu-picchu-2-dias-1-noche\/","og_site_name":"Local Trekkers Peru","article_published_time":"2024-09-18T04:41:08+00:00","article_modified_time":"2026-01-07T23:21:21+00:00","og_image":[{"width":2560,"height":1960,"url":"https:\/\/localtrekkersperu.com\/wp-content\/uploads\/2024\/09\/Inca-Trail-2-days-1-scaled.webp","type":"image\/webp"}],"author":"admin_local","twitter_card":"summary_large_image","twitter_misc":{"Escrito por":"admin_local","Tiempo de lectura":"11 minutos"},"schema":{"@context":"https:\/\/schema.org","@graph":[{"@type":"Article","@id":"https:\/\/localtrekkersperu.com\/es\/camino-inca-corto-a-machu-picchu-2-dias-1-noche\/#article","isPartOf":{"@id":"https:\/\/localtrekkersperu.com\/es\/camino-inca-corto-a-machu-picchu-2-dias-1-noche\/"},"author":{"name":"admin_local","@id":"https:\/\/localtrekkersperu.com\/es\/#\/schema\/person\/babe2ac841b0da6e2402ca92d217bb6a"},"headline":"Camino Inca Corto a Machu Picchu 2 d\u00edas \/ 1 noche","datePublished":"2024-09-18T04:41:08+00:00","dateModified":"2026-01-07T23:21:21+00:00","mainEntityOfPage":{"@id":"https:\/\/localtrekkersperu.com\/es\/camino-inca-corto-a-machu-picchu-2-dias-1-noche\/"},"wordCount":2425,"publisher":{"@id":"https:\/\/localtrekkersperu.com\/es\/#organization"},"image":{"@id":"https:\/\/localtrekkersperu.com\/es\/camino-inca-corto-a-machu-picchu-2-dias-1-noche\/#primaryimage"},"thumbnailUrl":"https:\/\/localtrekkersperu.com\/wp-content\/uploads\/2024\/09\/Inca-Trail-2-days-1-scaled.webp","articleSection":["Camino Inca"],"inLanguage":"es"},{"@type":"WebPage","@id":"https:\/\/localtrekkersperu.com\/es\/camino-inca-corto-a-machu-picchu-2-dias-1-noche\/","url":"https:\/\/localtrekkersperu.com\/es\/camino-inca-corto-a-machu-picchu-2-dias-1-noche\/","name":"Camino Inca Corto a Machu Picchu 2 d\u00edas \/ 1 noche - Local Trekkers Peru","isPartOf":{"@id":"https:\/\/localtrekkersperu.com\/es\/#website"},"primaryImageOfPage":{"@id":"https:\/\/localtrekkersperu.com\/es\/camino-inca-corto-a-machu-picchu-2-dias-1-noche\/#primaryimage"},"image":{"@id":"https:\/\/localtrekkersperu.com\/es\/camino-inca-corto-a-machu-picchu-2-dias-1-noche\/#primaryimage"},"thumbnailUrl":"https:\/\/localtrekkersperu.com\/wp-content\/uploads\/2024\/09\/Inca-Trail-2-days-1-scaled.webp","datePublished":"2024-09-18T04:41:08+00:00","dateModified":"2026-01-07T23:21:21+00:00","description":"Descubre el Camino Inca Corto a Machu Picchu en 2 d\u00edas\/1 noche: trek grupal, gu\u00edas expertos, vistas \u00fanicas desde la Puerta del Sol.","breadcrumb":{"@id":"https:\/\/localtrekkersperu.com\/es\/camino-inca-corto-a-machu-picchu-2-dias-1-noche\/#breadcrumb"},"inLanguage":"es","potentialAction":[{"@type":"ReadAction","target":["https:\/\/localtrekkersperu.com\/es\/camino-inca-corto-a-machu-picchu-2-dias-1-noche\/"]}]},{"@type":"ImageObject","inLanguage":"es","@id":"https:\/\/localtrekkersperu.com\/es\/camino-inca-corto-a-machu-picchu-2-dias-1-noche\/#primaryimage","url":"https:\/\/localtrekkersperu.com\/wp-content\/uploads\/2024\/09\/Inca-Trail-2-days-1-scaled.webp","contentUrl":"https:\/\/localtrekkersperu.com\/wp-content\/uploads\/2024\/09\/Inca-Trail-2-days-1-scaled.webp","width":2560,"height":1960,"caption":"Machu Picchu"},{"@type":"BreadcrumbList","@id":"https:\/\/localtrekkersperu.com\/es\/camino-inca-corto-a-machu-picchu-2-dias-1-noche\/#breadcrumb","itemListElement":[{"@type":"ListItem","position":1,"name":"Home","item":"https:\/\/localtrekkersperu.com\/es\/"},{"@type":"ListItem","position":2,"name":"Camino Inca","item":"https:\/\/localtrekkersperu.com\/es\/category\/camino-inca\/"},{"@type":"ListItem","position":3,"name":"Camino Inca Corto a Machu Picchu 2 d\u00edas \/ 1 noche"}]},{"@type":"WebSite","@id":"https:\/\/localtrekkersperu.com\/es\/#website","url":"https:\/\/localtrekkersperu.com\/es\/","name":"Local Trekkers Peru","description":"","publisher":{"@id":"https:\/\/localtrekkersperu.com\/es\/#organization"},"potentialAction":[{"@type":"SearchAction","target":{"@type":"EntryPoint","urlTemplate":"https:\/\/localtrekkersperu.com\/es\/?s={search_term_string}"},"query-input":{"@type":"PropertyValueSpecification","valueRequired":true,"valueName":"search_term_string"}}],"inLanguage":"es"},{"@type":"Organization","@id":"https:\/\/localtrekkersperu.com\/es\/#organization","name":"Local Trekkers Peru","url":"https:\/\/localtrekkersperu.com\/es\/","logo":{"@type":"ImageObject","inLanguage":"es","@id":"https:\/\/localtrekkersperu.com\/es\/#\/schema\/logo\/image\/","url":"https:\/\/localtrekkersperu.com\/wp-content\/uploads\/2024\/08\/logo.png","contentUrl":"https:\/\/localtrekkersperu.com\/wp-content\/uploads\/2024\/08\/logo.png","width":411,"height":122,"caption":"Local Trekkers Peru"},"image":{"@id":"https:\/\/localtrekkersperu.com\/es\/#\/schema\/logo\/image\/"}},{"@type":"Person","@id":"https:\/\/localtrekkersperu.com\/es\/#\/schema\/person\/babe2ac841b0da6e2402ca92d217bb6a","name":"admin_local","sameAs":["https:\/\/localtrekkersperu.com"]}]}},"author_meta":{"display_name":"admin_local","author_link":"https:\/\/localtrekkersperu.com\/es\/author\/admin_local\/"},"featured_img":"https:\/\/localtrekkersperu.com\/wp-content\/uploads\/2024\/09\/Inca-Trail-2-days-1-300x230.webp","coauthors":[],"tax_additional":{"categories":{"linked":["<a href=\"https:\/\/localtrekkersperu.com\/es\/category\/camino-inca\/\" class=\"advgb-post-tax-term\">Camino Inca<\/a>"],"unlinked":["<span class=\"advgb-post-tax-term\">Camino Inca<\/span>"]}},"comment_count":"0","relative_dates":{"created":"Publicado 2 a\u00f1os hace","modified":"Actualizado 4 meses hace"},"absolute_dates":{"created":"Publicado el septiembre 18, 2024","modified":"Actualizado el enero 7, 2026"},"absolute_dates_time":{"created":"Publicado el septiembre 18, 2024 4:41 am","modified":"Actualizado el enero 7, 2026 11:21 pm"},"featured_img_caption":"Machu Picchu","series_order":"","_links":{"self":[{"href":"https:\/\/localtrekkersperu.com\/es\/wp-json\/wp\/v2\/posts\/3458","targetHints":{"allow":["GET"]}}],"collection":[{"href":"https:\/\/localtrekkersperu.com\/es\/wp-json\/wp\/v2\/posts"}],"about":[{"href":"https:\/\/localtrekkersperu.com\/es\/wp-json\/wp\/v2\/types\/post"}],"author":[{"embeddable":true,"href":"https:\/\/localtrekkersperu.com\/es\/wp-json\/wp\/v2\/users\/1"}],"replies":[{"embeddable":true,"href":"https:\/\/localtrekkersperu.com\/es\/wp-json\/wp\/v2\/comments?post=3458"}],"version-history":[{"count":40,"href":"https:\/\/localtrekkersperu.com\/es\/wp-json\/wp\/v2\/posts\/3458\/revisions"}],"predecessor-version":[{"id":10609,"href":"https:\/\/localtrekkersperu.com\/es\/wp-json\/wp\/v2\/posts\/3458\/revisions\/10609"}],"wp:featuredmedia":[{"embeddable":true,"href":"https:\/\/localtrekkersperu.com\/es\/wp-json\/wp\/v2\/media\/974"}],"wp:attachment":[{"href":"https:\/\/localtrekkersperu.com\/es\/wp-json\/wp\/v2\/media?parent=3458"}],"wp:term":[{"taxonomy":"category","embeddable":true,"href":"https:\/\/localtrekkersperu.com\/es\/wp-json\/wp\/v2\/categories?post=3458"},{"taxonomy":"post_tag","embeddable":true,"href":"https:\/\/localtrekkersperu.com\/es\/wp-json\/wp\/v2\/tags?post=3458"}],"curies":[{"name":"wp","href":"https:\/\/api.w.org\/{rel}","templated":true}]}}