{"id":317,"date":"2024-09-18T05:13:53","date_gmt":"2024-09-18T05:13:53","guid":{"rendered":"https:\/\/localtrekkersperu.com\/lares-trek-camino-inca-a-machu-picchu-3-dias-2-noches-copy\/"},"modified":"2026-01-26T23:53:09","modified_gmt":"2026-01-26T23:53:09","slug":"camino-lares-a-machu-picchu-4-dias-y-3-noches","status":"publish","type":"post","link":"https:\/\/localtrekkersperu.com\/es\/camino-lares-a-machu-picchu-4-dias-y-3-noches\/","title":{"rendered":"Camino Lares a Machu Picchu 4 D\u00edas y 3 Noches"},"content":{"rendered":"\n<div class=\"wp-block-columns is-layout-flex wp-container-core-columns-is-layout-9d6595d7 wp-block-columns-is-layout-flex\">\n<div class=\"wp-block-column is-layout-flow wp-block-column-is-layout-flow\" style=\"flex-basis:75%\">\n<h2 class=\"wp-block-heading\" id=\"h-camino-lares-a-machu-picchu-4-dias\"><strong>Camino Lares a Machu Picchu 4 D\u00edas<\/strong><\/h2>\n\n\n    <div class=\"leer-mas-box\">\n        <!-- Escritorio: siempre texto completo -->\n        <div class=\"hidden md:block\">\n            <\/p>\n\n\n\n<p class=\"has-text-align-left\">\u00bfNo puedes decidir entre la cultura local y la historia inca? No tienes que elegir. El tour <strong>Lares Trek + Camino Inca a Machu Picchu 4 d\u00edas 3 noches<\/strong> es la combinaci\u00f3n definitiva dise\u00f1ada para viajeros exigentes.<\/p>\n\n\n\n<p class=\"has-text-align-left\">Esta ruta exclusiva une lo mejor de dos mundos: la inmersi\u00f3n cultural del <strong>camino de Lares<\/strong>, donde comunidades intactas pastorean llamas vestidas con sus ponchos rojos tradicionales, y la gloria hist\u00f3rica del <strong>Camino Inca<\/strong> original, ingresando a la ciudadela por la Puerta del Sol.<\/p>\n\n\n\n<p class=\"has-text-align-left\">Con <strong>Local Trekkers Peru<\/strong>, vivir\u00e1s una experiencia completa: te relajar\u00e1s en los <strong>Lares ba\u00f1os termales<\/strong>, acampar\u00e1s bajo las estrellas en los Andes remotos y caminar\u00e1s por los mismos senderos de piedra que usaron los Incas. Es la aventura ideal para experimentar la <strong>Lares Cusco altura<\/strong> y la selva nubosa en un solo viaje.<\/p>\n\n\n<p>        <\/div>\n\n        <!-- M\u00f3vil: con ver m\u00e1s \/ ver menos -->\n        <div class=\"block md:hidden mb-6 xl:mb-0\">\n            <p class=\"text-gray-700 text-justify font-nunito mb-3 text-base\">\n                <span class=\"texto-corto\">\n\n\n\n\u00bfNo puedes decidir entre la cultura local y la historia inca? No tienes que elegir. El tour Lares Trek + Camino Inca a Machu Picchu 4 d\u00edas 3 noches es la combinaci\u00f3n definitiva dise\u00f1ada para viajeros exigentes.\n\n\n\nEsta ruta exclusiva une lo mejor de dos mundos: la inmersi\u00f3n cultural del camino de Lares, donde comunidades intactas pastorean llamas vestidas con sus ponchos rojos tradicionales, y la gloria hist\u00f3rica del Camino Inca original, ingresando a la ciudadela por la <\/span>\n                <span class=\"texto-extra hidden\">Puerta del Sol.\n\n\n\nCon Local Trekkers Peru, vivir\u00e1s una experiencia completa: te relajar\u00e1s en los Lares ba\u00f1os termales, acampar\u00e1s bajo las estrellas en los Andes remotos y caminar\u00e1s por los mismos senderos de piedra que usaron los Incas. Es la aventura ideal para experimentar la Lares Cusco altura y la selva nubosa en un solo viaje.\n\n\n<\/span>\n                <span class=\"ver-mas-toggle cursor-pointer text-blue-600 hover:underline ml-1\">\n                    Ver M\u00e1s                <\/span>\n            <\/p>\n\n        <\/div>\n    <\/div>\n\n    <script>\n    document.addEventListener(\"DOMContentLoaded\", function() {\n        document.querySelectorAll(\".leer-mas-box\").forEach(function(box) {\n            let toggle = box.querySelector(\".ver-mas-toggle\");\n            let extra = box.querySelector(\".texto-extra\");\n\n            if (toggle) {\n                let seeMore = \"Ver M\u00e1s\";\n                let seeLess = \"Ver Menos\";\n\n                toggle.addEventListener(\"click\", function() {\n                    if (extra.classList.contains(\"hidden\")) {\n                        extra.classList.remove(\"hidden\");\n                        toggle.textContent = seeLess;\n                    } else {\n                        extra.classList.add(\"hidden\");\n                        toggle.textContent = seeMore;\n                    }\n                });\n            }\n        });\n    });\n    <\/script>\n    \n\n\n\n<div class=\"bg-gray-300 border-t border-x border-gray-400 py-1\">\n\n\n                                <span class=\"block text-center text-black\">Informaci\u00f3n \u00datil<\/span>\n                \n\n<\/div>\n<div class=\"flex\">\n    <div class=\"flex-1 border-y py-3 border-gray-400 border\">\n            <img decoding=\"async\" src=\"https:\/\/localtrekkersperu.com\/wp-content\/themes\/localtrekkers\/img\/icons\/location.svg\" class=\"mx-auto h-auto w-8\" alt=\"\">\n\n                                        <span class=\"block text-center mt-1 font-nunito font-semibold text-sm\">Lugares Visitados:<\/span>\n                \n            <span class=\"block text-center text-sm font-nunito text-gray-600\">Valle de Lares, Ollamtaytambo, Machu Picchu<\/span>\n    <\/div>\n    <div class=\"flex-1 border-y py-3 border-gray-400 border-r\">\n            <img decoding=\"async\" src=\"https:\/\/localtrekkersperu.com\/wp-content\/themes\/localtrekkers\/img\/icons\/altitude.svg\" class=\"mx-auto h-auto w-9 -mt-1\" alt=\"\">\n\n                                         <span class=\"block text-center mt-1 font-nunito font-semibold text-sm\">Altitud Inicial:<\/span>\n                \n            <span class=\"block text-center text-sm font-nunito text-gray-600\">3250 msnm = 10662 Pies<\/span>\n    <\/div>\n    <div class=\"flex-1 border-y py-3 border-gray-400 border-r\">\n            <img decoding=\"async\" src=\"https:\/\/localtrekkersperu.com\/wp-content\/themes\/localtrekkers\/img\/icons\/point.svg\" class=\"mx-auto h-auto w-8\" alt=\"\">\n\n                                          <span class=\"block text-center mt-1 font-nunito font-semibold text-sm\">Punto m\u00e1s Alto:<\/span>\n                \n            <span class=\"block text-center text-sm font-nunito text-gray-600\">4450 msnm = 14599 Pies<\/span>\n    <\/div>\n    <div class=\"flex-1 border-y py-3 border-gray-400 border-r\">\n            <img decoding=\"async\" src=\"https:\/\/localtrekkersperu.com\/wp-content\/themes\/localtrekkers\/img\/icons\/group.svg\" class=\"mx-auto h-auto w-8\" alt=\"\">\n\n                                       <span class=\"block text-center mt-1 font-nunito font-semibold text-sm\">Grupo de Personas:<\/span>\n                \n            <span class=\"block text-center text-sm font-nunito text-gray-600\">M\u00ednimo 2 pasajeros y M\u00e1ximo 10 pasajeros<\/span>\n    <\/div>\n    <div class=\"flex-1 border-y py-3 border-gray-400 border-r\">\n            <img decoding=\"async\" src=\"https:\/\/localtrekkersperu.com\/wp-content\/themes\/localtrekkers\/img\/icons\/level.svg\" class=\"mx-auto h-auto w-8\" alt=\"\">\n\n                                      <span class=\"block text-center mt-1 font-nunito font-semibold text-sm\">Nivel de Dificultad:<\/span>\n                \n            <span class=\"block text-center text-sm font-nunito text-gray-600\">3\/5<\/span>\n    <\/div>\n<\/div><\/div>\n\n\n\n<div class=\"wp-block-column is-layout-flow wp-block-column-is-layout-flow\" style=\"flex-basis:25%\">    \n    <div class=\"pl-1\">\n                    <div class=\"border bg-gray-100 py-4 rounded-md\">\n                <span class=\"block text-xl text-ltk2 font-extrabold text-center mb-2 uppercase font-nunito\">Camino Lares a Machu Picchu 4 D\u00edas y 3 Noches<\/span>\n                <hr>\n                <div class=\"px-3 text-center py-2\">\n                    <span>From <\/span><span class=\"text-3xl font-semibold text-gray-800\">$ 650 <\/span><span>USD<\/span>\n                <\/div>\n\n                <div class=\"bg-white py-2 my-6 px-4 mx-4 border\">\n                    <span class=\"block text-gray-800 mb-2 font-bold font-nunito\">\u00bfPor qu\u00e9 reservar con nosotros?<\/span>\n                    <ul class=\"list-disc list-inside\">\n                        <li class=\"mb-2 text-sm border-b border-gray-100 pb-1\">Tenemos precios competitivos<\/li>\n                        <li class=\"mb-2 text-sm border-b border-gray-100 pb-1\">Servicio al cliente r\u00e1pido en todo momento<\/li>\n                        <li class=\"mb-2 text-sm border-b border-gray-100 pb-1\">Experiencia garantizada de por vida<\/li>\n                        <li class=\"mb-2 text-sm border-b border-gray-100 pb-1\">Tenemos responsabilidad social, realizamos trabajo social<\/li>\n                    <\/ul>\n                <\/div>\n\n                <a href=\"\/es\/formulario-de-reserva?tour=Camino+Lares+a+Machu+Picchu+4+D%C3%ADas+y+3+Noches\" class=\"bg-red-600 px-8 text-center mx-4 py-2 rounded-md text-white text-xl block font-bold hover:bg-red-700 uppercase transition-all delay-150\">Reservar ahora<\/a>\n            <\/div>\n            <div class=\"mt-8\">\n                <a href=\"\/es\/contactos\/\" class=\"bg-ltk2 uppercase px-8 text-center mx-4 py-2 rounded-md text-white text-xl block font-bold hover:bg-red-700 transition-all delay-150\">CONT\u00c1CTENOS<\/a>\n            <\/div>\n\n            <\/div>\n    \n    \n<\/div>\n<\/div>\n\n\n\n                        \n\n<section>\n    <div class=\"swiper box-tours-swiper\">\n        <div class=\"swiper-wrapper pb-5\">\n                            <div class=\"swiper-slide\">\n                    <div class=\"bg-white p-2 border rounded-lg shadow-lg h-full\">\n                                                    <img decoding=\"async\" src=\"https:\/\/localtrekkersperu.com\/wp-content\/uploads\/2025\/09\/camping-equipment.webp\" class=\"w-full object-cover h-60 rounded-lg\" alt=\"Equipo de campamento\">\n                                                <div>\n                            <h3 class=\"text-base text-center font-semibold uppercase mt-2\">Equipo de campamento<\/h3>\n                            <a href=\"https:\/\/localtrekkersperu.com\/es\/nuestro-equipo-campamento\/\" class=\"bg-ltk hover:bg-gray-800 transition-all text-white py-1 rounded table mx-auto my-3 font-semibold px-8\">Ver M\u00e1s<\/a>\n                        <\/div>\n                    <\/div>\n                <\/div>\n                                <div class=\"swiper-slide\">\n                    <div class=\"bg-white p-2 border rounded-lg shadow-lg h-full\">\n                                                    <img decoding=\"async\" src=\"https:\/\/localtrekkersperu.com\/wp-content\/uploads\/2025\/09\/chefs-gastronomy.webp\" class=\"w-full object-cover h-60 rounded-lg\" alt=\"Cocineros &amp; Gastronom\u00eda\">\n                                                <div>\n                            <h3 class=\"text-base text-center font-semibold uppercase mt-2\">Cocineros &amp; Gastronom\u00eda<\/h3>\n                            <a href=\"https:\/\/localtrekkersperu.com\/es\/cocineros-gastronomia\/\" class=\"bg-ltk hover:bg-gray-800 transition-all text-white py-1 rounded table mx-auto my-3 font-semibold px-8\">Ver M\u00e1s<\/a>\n                        <\/div>\n                    <\/div>\n                <\/div>\n                                <div class=\"swiper-slide\">\n                    <div class=\"bg-white p-2 border rounded-lg shadow-lg h-full\">\n                                                    <img decoding=\"async\" src=\"https:\/\/localtrekkersperu.com\/wp-content\/uploads\/2025\/09\/our-team.webp\" class=\"w-full object-cover h-60 rounded-lg\" alt=\"Nuestro equipo\">\n                                                <div>\n                            <h3 class=\"text-base text-center font-semibold uppercase mt-2\">Nuestro equipo<\/h3>\n                            <a href=\"https:\/\/localtrekkersperu.com\/es\/porteros-y-guias\/\" class=\"bg-ltk hover:bg-gray-800 transition-all text-white py-1 rounded table mx-auto my-3 font-semibold px-8\">Ver M\u00e1s<\/a>\n                        <\/div>\n                    <\/div>\n                <\/div>\n                                <div class=\"swiper-slide\">\n                    <div class=\"bg-white p-2 border rounded-lg shadow-lg h-full\">\n                                                    <img decoding=\"async\" src=\"https:\/\/localtrekkersperu.com\/wp-content\/uploads\/2025\/09\/social-projects-scaled.webp\" class=\"w-full object-cover h-60 rounded-lg\" alt=\"Proyectos sociales\">\n                                                <div>\n                            <h3 class=\"text-base text-center font-semibold uppercase mt-2\">Proyectos sociales<\/h3>\n                            <a href=\"https:\/\/localtrekkersperu.com\/es\/responsabilidades-sociales\/\" class=\"bg-ltk hover:bg-gray-800 transition-all text-white py-1 rounded table mx-auto my-3 font-semibold px-8\">Ver M\u00e1s<\/a>\n                        <\/div>\n                    <\/div>\n                <\/div>\n                        <\/div>\n        \n        <!-- Navigation buttons -->\n        <div class=\"swiper-button-next\"><\/div>\n        <div class=\"swiper-button-prev\"><\/div>\n        \n        <!-- Pagination -->\n        <!-- <div class=\"swiper-pagination\"><\/div> -->\n    <\/div>\n<\/section>\n\n<div class=\"responsive-tabs\">\n<h2 class=\"tabtitle\">Itinerario<\/h2>\n<div class=\"tabcontent\">\n\n\n\n\n<h2 class=\"wp-block-heading\" id=\"h-dia-01-cusco-calca-banos-de-lares-wacahuasi\"><strong><strong>D\u00eda 01: Cusco \u2013 Calca \u2013 Ba\u00f1os de Lares \u2013 Wacahuasi<\/strong><\/strong><\/h2>\n\n\n\n<p><em><em>Inmersi\u00f3n en los Andes: Mercados locales, aguas termales y cultura viva.<\/em><\/em><\/p>\n\n\n\n<p><strong>05:30 AM \u2013 Recojo y Viaje Esc\u00e9nico:<\/strong> Comenzamos la aventura temprano. Te recogemos del lobby de tu hotel para viajar hacia el Valle Sagrado. Haremos una parada en un mirador para fotos panor\u00e1micas antes de llegar a <strong>Calca<\/strong>, donde visitaremos el mercado local lleno de productos t\u00edpicos y colores vibrantes.<\/p>\n\n\n\n<p><strong>Relax en Lares:<\/strong> Viajamos 2 horas m\u00e1s hasta el pueblo de <strong>Lares<\/strong> (3,100 msnm). Aqu\u00ed conoceremos a nuestro equipo de trekking (chef y arrieros). Antes de caminar, disfrutaremos de un ba\u00f1o relajante en los <strong>Lares Cusco ba\u00f1os termales<\/strong> (3,250 msnm), famosas por sus propiedades medicinales.<\/p>\n\n\n\n<p><strong>Inicio de la Caminata:<\/strong> Comenzamos a caminar por terreno llano durante 2 horas hacia el puente de Vilcabamba, donde almorzaremos.<\/p>\n\n\n\n<p><strong>Rumbo a Wacahuasi:<\/strong> Por la tarde, caminamos 3 horas hasta la comunidad de <strong>Wacahuasi<\/strong> (3,750 msnm). En el camino, ser\u00e1s recibido por ni\u00f1os locales en trajes tradicionales, una oportunidad genuina para compartir sonrisas y apoyar a la comunidad.<\/p>\n\n\n\n<p><strong>Noche de Campamento:<\/strong> Llegamos a nuestro campamento. <em>Nota: La noche ser\u00e1 fr\u00eda, lleva ropa abrigada.<\/em> Disfrutaremos de la hora del t\u00e9 y una cena reparadora bajo el cielo andino.<\/p>\n\n\n\n<p><strong>DATOS CLAVE \u2013 D\u00cdA 1<\/strong><\/p>\n\n\n\n<ul class=\"wp-block-list\">\n<li><strong>Distancia Total:<\/strong> 11 km (6.84 millas).<\/li>\n\n\n\n<li><strong>Tiempo de caminata:<\/strong> 4 a 5 horas.<\/li>\n\n\n\n<li><strong>Altitud M\u00e1xima:<\/strong> 3,750 msnm (Wacahuasi).<\/li>\n\n\n\n<li><strong>Highlight:<\/strong> <strong>Lares Per\u00fa<\/strong> y sus aguas termales.<\/li>\n<\/ul>\n\n\n\n<figure class=\"wp-block-image size-full\"><img loading=\"lazy\" decoding=\"async\" width=\"1350\" height=\"450\" src=\"https:\/\/localtrekkersperu.com\/wp-content\/uploads\/2024\/09\/image-350.webp\" alt=\"Camino Lares a Machu Picchu 4 D\u00edas\" class=\"wp-image-5726\" title=\"Camino Lares y Camino Inca a Machu Picchu 4 D\u00edas y 3 Noches - Local Trekkers Peru\" srcset=\"https:\/\/localtrekkersperu.com\/wp-content\/uploads\/2024\/09\/image-350.webp 1350w, https:\/\/localtrekkersperu.com\/wp-content\/uploads\/2024\/09\/image-350-300x100.webp 300w, https:\/\/localtrekkersperu.com\/wp-content\/uploads\/2024\/09\/image-350-1024x341.webp 1024w, https:\/\/localtrekkersperu.com\/wp-content\/uploads\/2024\/09\/image-350-768x256.webp 768w\" sizes=\"auto, (max-width: 1350px) 100vw, 1350px\" \/><\/figure>\n\n\n\n<h2 class=\"wp-block-heading\" id=\"h-dia-02-wacahuasi-paso-sacsallaully-yanahuara\"><strong><strong>D\u00eda 02: Wacahuasi \u2013 Paso Sacsallaully \u2013 Yanahuara<\/strong><\/strong><\/h2>\n\n\n\n<p><em><em>El gran desaf\u00edo: Cumbres nevadas, lagunas y bosques de Queu\u00f1as.<\/em><\/em><\/p>\n\n\n\n<p><strong>06:00 AM \u2013 Ascenso a la Cumbre:<\/strong> Tras un desayuno energ\u00e9tico, iniciamos la caminata con las mejores vistas de los Andes. Subiremos durante 3 horas hasta el punto m\u00e1s alto: el <strong>Paso Sacsallaully<\/strong> (4,646 msnm).<\/p>\n\n\n\n<p><strong>Paisajes de Altura:<\/strong> Desde la cima, disfrutar\u00e1s de vistas espectaculares del lago Aruray y los nevados. Mant\u00e9n los ojos abiertos para ver c\u00f3ndores, caracaras, y reba\u00f1os de vicu\u00f1as y alpacas.<\/p>\n\n\n\n<p><strong>Descenso por las Lagunas:<\/strong> Bajamos hacia las lagunas <strong>Aruraycocha<\/strong> y <strong>Yuraccoha<\/strong>, atravesando un bosque de \u00e1rboles nativos (Queu\u00f1as). Almorzaremos a orillas de un lago, rodeados de naturaleza pura.<\/p>\n\n\n\n<p><strong>Llegada al Valle Sagrado:<\/strong> El paisaje cambia dr\u00e1sticamente mientras descendemos hacia el valle de Mantanay hasta llegar a <strong>Yanahuara<\/strong> (2,780 msnm), un pueblo de clima c\u00e1lido y acogedor en el Valle de Urubamba. Aqu\u00ed instalaremos nuestro segundo campamento.<\/p>\n\n\n\n<p><strong>DATOS CLAVE \u2013 D\u00cdA 2<\/strong><\/p>\n\n\n\n<ul class=\"wp-block-list\">\n<li><strong>Distancia Total:<\/strong> 18 km (11.18 millas).<\/li>\n\n\n\n<li><strong>Tiempo de caminata:<\/strong> 8 a 9 horas.<\/li>\n\n\n\n<li><strong>Altitud M\u00e1xima:<\/strong> 4,646 msnm (Paso Sacsallaully).<\/li>\n\n\n\n<li><strong>Alojamiento:<\/strong> Campamento en Yanahuara.<\/li>\n<\/ul>\n\n\n\n<figure class=\"wp-block-image size-full\"><img loading=\"lazy\" decoding=\"async\" width=\"1350\" height=\"450\" src=\"https:\/\/localtrekkersperu.com\/wp-content\/uploads\/2024\/09\/image-351.webp\" alt=\"Camino Lares a Machu Picchu 4 D\u00edas\" class=\"wp-image-5729\" title=\"Camino Lares y Camino Inca a Machu Picchu 4 D\u00edas y 3 Noches - Local Trekkers Peru\" srcset=\"https:\/\/localtrekkersperu.com\/wp-content\/uploads\/2024\/09\/image-351.webp 1350w, https:\/\/localtrekkersperu.com\/wp-content\/uploads\/2024\/09\/image-351-300x100.webp 300w, https:\/\/localtrekkersperu.com\/wp-content\/uploads\/2024\/09\/image-351-1024x341.webp 1024w, https:\/\/localtrekkersperu.com\/wp-content\/uploads\/2024\/09\/image-351-768x256.webp 768w\" sizes=\"auto, (max-width: 1350px) 100vw, 1350px\" \/><\/figure>\n\n\n\n<h2 class=\"wp-block-heading\" id=\"h-dia-03-yanahuara-km-104-camino-inca-puerta-del-sol-aguas-calientes\"><strong><strong>D\u00eda 03: Yanahuara \u2013 Km 104 (Camino Inca) \u2013 Puerta del Sol \u2013 Aguas Calientes<\/strong><\/strong><\/h2>\n\n\n\n<p><em><em>Conexi\u00f3n hist\u00f3rica: Ingresando al Camino Inca Corto.<\/em><\/em><\/p>\n\n\n\n<p><strong>Traslado a la Estaci\u00f3n:<\/strong> Temprano por la ma\u00f1ana, nos trasladamos en bus a la estaci\u00f3n de <strong>Ollantaytambo<\/strong> para abordar el tren (1 hora) hasta el <strong>Km 104<\/strong> (2,200 msnm), el inicio del Camino Inca Corto.<\/p>\n\n\n\n<p><strong>Sitio Arqueol\u00f3gico Chachabamba:<\/strong> Cruzamos el puente sobre el r\u00edo Urubamba y visitamos <strong>Chachabamba<\/strong>, un sitio inca escondido en el bosque semitropical.<\/p>\n\n\n\n<p><strong>Ascenso a Wi\u00f1ay Wayna:<\/strong> Caminamos en ascenso gradual durante 4 horas, disfrutando de orqu\u00eddeas y cascadas, hasta llegar a <strong>Wi\u00f1ay Wayna<\/strong> (2,650 msnm), el sitio arqueol\u00f3gico m\u00e1s hermoso del camino con sus impresionantes terrazas agr\u00edcolas.<\/p>\n\n\n\n<p><strong>La Puerta del Sol (Inti Punku):<\/strong> Tras el almuerzo (box lunch), caminamos 2 horas m\u00e1s hasta el <strong>Inti Punku<\/strong> (2,720 msnm). \u00a1Prep\u00e1rate! Aqu\u00ed tendr\u00e1s tu primera vista panor\u00e1mica e inolvidable de Machu Picchu desde las alturas.<\/p>\n\n\n\n<p><strong>Descenso a Aguas Calientes:<\/strong> Bajamos a la ciudadela (solo vista panor\u00e1mica este d\u00eda) y tomamos el bus hacia <strong>Aguas Calientes<\/strong>. Pasaremos la noche en un c\u00f3modo hotel y disfrutaremos de una cena a la carta.<\/p>\n\n\n\n<p><strong>DATOS CLAVE \u2013 D\u00cdA 3<\/strong><\/p>\n\n\n\n<ul class=\"wp-block-list\">\n<li><strong>Inicio Caminata:<\/strong> Km 104.<\/li>\n\n\n\n<li><strong>Sitios Visitados:<\/strong> Chachabamba, Wi\u00f1ay Wayna, Inti Punku.<\/li>\n\n\n\n<li><strong>Alojamiento:<\/strong> Hotel en Aguas Calientes.<\/li>\n\n\n\n<li><strong>Highlight:<\/strong> Entrada a Machu Picchu por la Puerta del Sol.<\/li>\n<\/ul>\n\n\n\n<figure class=\"wp-block-image size-full\"><img loading=\"lazy\" decoding=\"async\" width=\"1350\" height=\"450\" src=\"https:\/\/localtrekkersperu.com\/wp-content\/uploads\/2024\/09\/itin-3-10.webp\" alt=\"Camino Lares a Machu Picchu 4 D\u00edas\" class=\"wp-image-4373\" title=\"Lares Trek to Machu Picchu - Local Trekkers Peru\" srcset=\"https:\/\/localtrekkersperu.com\/wp-content\/uploads\/2024\/09\/itin-3-10.webp 1350w, https:\/\/localtrekkersperu.com\/wp-content\/uploads\/2024\/09\/itin-3-10-300x100.webp 300w, https:\/\/localtrekkersperu.com\/wp-content\/uploads\/2024\/09\/itin-3-10-1024x341.webp 1024w, https:\/\/localtrekkersperu.com\/wp-content\/uploads\/2024\/09\/itin-3-10-768x256.webp 768w\" sizes=\"auto, (max-width: 1350px) 100vw, 1350px\" \/><\/figure>\n\n\n\n<h2 class=\"wp-block-heading\" id=\"h-dia-04-machu-picchu-cusco\"><strong><strong>D\u00eda 04: Machu Picchu \u2013 Cusco<\/strong><\/strong><\/h2>\n\n\n\n<p><em><em>El encuentro definitivo con la Ciudadela Sagrada<\/em><\/em>.<\/p>\n\n\n\n<p><strong>Visita Principal:<\/strong> Desayunamos en el hotel y tomamos el bus temprano hacia el santuario. Pasamos el control e iniciamos nuestro <strong>tour privado guiado de m\u00e1s de 2 horas<\/strong>. Visitar\u00e1s los lugares m\u00e1s sagrados: la Plaza Principal, el Templo del Sol, el Intihuatana y el Templo de las Tres Ventanas.<\/p>\n\n\n\n<p><strong>Tiempo Libre:<\/strong> Despu\u00e9s del tour, tendr\u00e1s tiempo para explorar por tu cuenta.<\/p>\n\n\n\n<ul class=\"wp-block-list\">\n<li><em>Opcional:<\/em> Si reservaste con antelaci\u00f3n, puedes subir a la monta\u00f1a <strong>Huayna Picchu<\/strong> o <strong>Monta\u00f1a Machu Picchu<\/strong> (costo extra $25 USD).<\/li>\n<\/ul>\n\n\n\n<p><strong>Retorno a Cusco:<\/strong> A la hora coordinada, bajamos en bus a Aguas Calientes. Por la tarde, abordaremos el tren de retorno a Ollantaytambo, donde nuestro transporte privado te esperar\u00e1 para llevarte a tu hotel en Cusco.<\/p>\n\n\n\n<p><strong>DATOS CLAVE \u2013 D\u00cdA 4<\/strong><\/p>\n\n\n\n<ul class=\"wp-block-list\">\n<li><strong>Actividad:<\/strong> Tour Guiado en Machu Picchu.<\/li>\n\n\n\n<li><strong>Retorno:<\/strong> Tren + Transporte Privado.<\/li>\n\n\n\n<li><strong>Fin del servicio:<\/strong> Hotel en Cusco.<\/li>\n<\/ul>\n\n\n\n<figure class=\"wp-block-image size-full\"><img loading=\"lazy\" decoding=\"async\" width=\"1400\" height=\"450\" src=\"https:\/\/localtrekkersperu.com\/wp-content\/uploads\/2024\/09\/itin-4-5.webp\" alt=\"Camino Lares a Machu Picchu 4 D\u00edas y 3 Noches\" class=\"wp-image-4376\" title=\"Lares Trek to Machu Picchu - Local Trekkers Peru\" srcset=\"https:\/\/localtrekkersperu.com\/wp-content\/uploads\/2024\/09\/itin-4-5.webp 1400w, https:\/\/localtrekkersperu.com\/wp-content\/uploads\/2024\/09\/itin-4-5-300x96.webp 300w, https:\/\/localtrekkersperu.com\/wp-content\/uploads\/2024\/09\/itin-4-5-1024x329.webp 1024w, https:\/\/localtrekkersperu.com\/wp-content\/uploads\/2024\/09\/itin-4-5-768x247.webp 768w\" sizes=\"auto, (max-width: 1400px) 100vw, 1400px\" \/><\/figure>\n\n\n\n<h3 class=\"wp-block-heading\" id=\"h-por-que-elegir-este-tour-combinado\"><strong>\u00bfPor qu\u00e9 elegir este tour combinado?<\/strong><\/h3>\n\n\n\n<p id=\"h-\">El <strong>Lares Trek + Camino Inca a Machu Picchu 4 d\u00edas<\/strong> es la elecci\u00f3n perfecta para quienes lo quieren todo: la autenticidad cultural de <strong>Lares Cusco<\/strong> y la emoci\u00f3n hist\u00f3rica de llegar caminando por la Puerta del Sol.<\/p>\n\n\n\n<\/div><h2 class=\"tabtitle\">Map<\/h2>\n<div class=\"tabcontent\">\n\n\n\n\n<figure data-wp-context=\"{&quot;imageId&quot;:&quot;69f3e0045ad8d&quot;}\" data-wp-interactive=\"core\/image\" data-wp-key=\"69f3e0045ad8d\" class=\"wp-block-image size-full is-resized wp-lightbox-container\"><img loading=\"lazy\" decoding=\"async\" width=\"940\" height=\"714\" data-wp-class--hide=\"state.isContentHidden\" data-wp-class--show=\"state.isContentVisible\" data-wp-init=\"callbacks.setButtonStyles\" data-wp-on--click=\"actions.showLightbox\" data-wp-on--load=\"callbacks.setButtonStyles\" data-wp-on-window--resize=\"callbacks.setButtonStyles\" src=\"https:\/\/localtrekkersperu.com\/wp-content\/uploads\/2024\/09\/image-53.png\" alt=\"\" class=\"wp-image-603\" style=\"width:944px;height:auto\" srcset=\"https:\/\/localtrekkersperu.com\/wp-content\/uploads\/2024\/09\/image-53.png 940w, https:\/\/localtrekkersperu.com\/wp-content\/uploads\/2024\/09\/image-53-300x228.png 300w, https:\/\/localtrekkersperu.com\/wp-content\/uploads\/2024\/09\/image-53-768x583.png 768w\" sizes=\"auto, (max-width: 940px) 100vw, 940px\" \/><button\n\t\t\tclass=\"lightbox-trigger\"\n\t\t\ttype=\"button\"\n\t\t\taria-haspopup=\"dialog\"\n\t\t\taria-label=\"Agrandar\"\n\t\t\tdata-wp-init=\"callbacks.initTriggerButton\"\n\t\t\tdata-wp-on--click=\"actions.showLightbox\"\n\t\t\tdata-wp-style--right=\"state.imageButtonRight\"\n\t\t\tdata-wp-style--top=\"state.imageButtonTop\"\n\t\t>\n\t\t\t<svg xmlns=\"http:\/\/www.w3.org\/2000\/svg\" width=\"12\" height=\"12\" fill=\"none\" viewBox=\"0 0 12 12\">\n\t\t\t\t<path fill=\"#fff\" d=\"M2 0a2 2 0 0 0-2 2v2h1.5V2a.5.5 0 0 1 .5-.5h2V0H2Zm2 10.5H2a.5.5 0 0 1-.5-.5V8H0v2a2 2 0 0 0 2 2h2v-1.5ZM8 12v-1.5h2a.5.5 0 0 0 .5-.5V8H12v2a2 2 0 0 1-2 2H8Zm2-12a2 2 0 0 1 2 2v2h-1.5V2a.5.5 0 0 0-.5-.5H8V0h2Z\" \/>\n\t\t\t<\/svg>\n\t\t<\/button><\/figure>\n\n\n\n<\/div><h2 class=\"tabtitle\">Incluye<\/h2>\n<div class=\"tabcontent\">\n\n\n\n\n<h3 class=\"wp-block-heading\" id=\"h-incluye\">Incluye:<\/h3>\n\n\n\n<ul class=\"wp-block-list\">\n<li>Gu\u00eda tur\u00edstico biling\u00fce y certificado<\/li>\n\n\n\n<li>Una sesi\u00f3n informativa sobre la caminata con su gu\u00eda el d\u00eda anterior<\/li>\n\n\n\n<li>Recojo en su hotel (lo recogeremos en su hospedaje) de 6:30 a 7:00 a. m.<\/li>\n\n\n\n<li>Transporte privado al valle de Lares (inicio del sendero)<\/li>\n\n\n\n<li>Boletos de ingreso a Machu Picchu<\/li>\n\n\n\n<li>Una bolsa de lona donde puedes poner dentro 08 kilos de tus cosas personales (lo llevar\u00e1n los caballos o las mulas)<\/li>\n\n\n\n<li>Equipo de campamento (carpa de cocina, sillas port\u00e1tiles y mesa)<\/li>\n\n\n\n<li>Colchonetas autoinflables<\/li>\n\n\n\n<li>Carpas de cuatro estaciones (2 excursionistas en cada una) con suficiente espacio para guardar cosas <\/li>\n\n\n\n<li>Caballos o mulas y arriero para transportar equipos de campamento y utensilios de cocina Cocinero profesional<\/li>\n\n\n\n<li>Cocinero profesional<\/li>\n\n\n\n<li>3 comidas por d\u00eda durante la caminata (comida servida estilo buffet)<\/li>\n\n\n\n<li>Disponibilidad de comidas a su preferencia (vegetarianas, veganas, sin gluten, Pescador, etc.)<\/li>\n\n\n\n<li>Snack para cada d\u00eda de trekking<\/li>\n\n\n\n<li>1 noche de alojamiento en un hostal en Aguas Calientes <\/li>\n\n\n\n<li>Tren tur\u00edstico de Aguas Calientes a Ollantaytambo<\/li>\n\n\n\n<li>Transporte privado de Ollantaytambo a Cusco<\/li>\n\n\n\n<li>Agua hervida para beber durante el recorrido<\/li>\n\n\n\n<li>Botiqu\u00edn de primeros auxilios con bal\u00f3n de ox\u00edgeno<\/li>\n\n\n\n<li>Un Superviviente T \u2013 camiseta, para cada miembro del grupo<\/li>\n<\/ul>\n\n\n\n<h3 class=\"wp-block-heading\" id=\"h-no-incluye\">No Incluye:<\/h3>\n\n\n\n<ul class=\"wp-block-list\">\n<li>Gastos extra si quieres comprar cosas a lo largo del camino<\/li>\n\n\n\n<li>Entradas a la Monta\u00f1a Waynapicchu o Monta\u00f1a Machu Picchu. (tiene un costo extra de 25 d\u00f3lares por persona)<\/li>\n\n\n\n<li>Bolsas de dormir (puede alquilar con nosotros que cuestan 20 d\u00f3lares por una profesional, que puede soportar hasta -15 grados cent\u00edgrados o 5 grados Farenheit)<\/li>\n\n\n\n<li>Bastones (puede alquilar con nosotros, que cuestan 15 d\u00f3lares por un par profesional de diamantes negros)<\/li>\n\n\n\n<li>Agua mineral<\/li>\n\n\n\n<li>Primer desayuno y \u00faltimo almuerzo y cena<\/li>\n\n\n\n<li>Bus de subida y bajada de Aguas Calientes a Machu Pichu (El bus de ida y vuelta cuesta 24 d\u00f3lares pero el de ida cuesta 12 d\u00f3lares)<\/li>\n\n\n\n<li>Mejore su Tren Tur\u00edstico a un Tren Vistadome de Lujo a Ollantaytambo (70 $)<\/li>\n\n\n\n<li>Propinas para el equipo (No es obligatorio pero si dese\u00e1is hacerlo ser\u00e1 bienvenido).<\/li>\n<\/ul>\n\n\n\n<\/div><h2 class=\"tabtitle\">Lista de Empaque<\/h2>\n<div class=\"tabcontent\">\n\n\n\n\n<ul class=\"wp-block-list\">\n<li>Pasaporte original<\/li>\n\n\n\n<li>Una tarjeta de estudiante v\u00e1lida si reserva esta caminata como estudiante (25 a\u00f1os como m\u00e1ximo)<\/li>\n\n\n\n<li>Tarjeta de seguro de viaje (debe informar el nombre de su compa\u00f1\u00eda de seguro de viaje y su n\u00famero de seguro de viaje)<\/li>\n\n\n\n<li>Paquete de d\u00eda<\/li>\n\n\n\n<li>Chubasquero o Poncho de lluvia<\/li>\n\n\n\n<li>Ropa Fr\u00eda (Para el primer y Segundo d\u00eda)<\/li>\n\n\n\n<li>Camisas de trekking y pantalones de trekking<\/li>\n\n\n\n<li>zapatos de senderismo impermeables<\/li>\n\n\n\n<li>Botella de agua<\/li>\n\n\n\n<li>Linterna<\/li>\n\n\n\n<li>Papel higi\u00e9nico<\/li>\n\n\n\n<li>Bloqueador solar<\/li>\n\n\n\n<li>Gafas de sol<\/li>\n\n\n\n<li>Gorras o Sombreros<\/li>\n\n\n\n<li>Guantes (para el primer y segundo d\u00eda)<\/li>\n\n\n\n<li>Repelente de insectos (30% DEET recomendado)<\/li>\n\n\n\n<li>Bolsas de dormir<\/li>\n\n\n\n<li>Bastones<\/li>\n\n\n\n<li>C\u00e1mara con bater\u00edas adicionales<\/li>\n\n\n\n<li>Dinero extra especialmente en soles para comprar cosas a lo largo de la caminata.<\/li>\n<\/ul>\n\n\n\n<h3 class=\"wp-block-heading\" id=\"h-actitud-nbsp-mente-nbsp-positiva\">ACTITUD&nbsp;<strong>MENTE&nbsp;<\/strong>POSITIVA<\/h3>\n\n\n\n<\/div><h2 class=\"tabtitle\">Price<\/h2>\n<div class=\"tabcontent\">\n\n\n\n\n<h2 class=\"wp-block-heading has-text-align-center\" id=\"h-precio-2025-2026\" style=\"font-size:26px\">Precio 2025 &#8211; 2026<\/h2>\n\n\n\n<p><\/p>\n\n\n\n<figure class=\"wp-block-table\"><table class=\"has-fixed-layout\"><tbody><tr><th class=\"has-text-align-center\" data-align=\"center\" colspan=\"5\">N\u00famero de Personas para SERVICIO GRUPAL :<\/th><\/tr><tr><td class=\"has-text-align-center\" data-align=\"center\">2<\/td><td class=\"has-text-align-center\" data-align=\"center\">3<\/td><td class=\"has-text-align-center\" data-align=\"center\">4<\/td><td class=\"has-text-align-center\" data-align=\"center\">5-6<\/td><td class=\"has-text-align-center\" data-align=\"center\">7-10<\/td><\/tr><tr><th class=\"has-text-align-center\" data-align=\"center\" colspan=\"5\">Precio USD$ (por persona):<\/th><\/tr><tr><td class=\"has-text-align-center\" data-align=\"center\">650 USD$<\/td><td class=\"has-text-align-center\" data-align=\"center\">650 USD$<\/td><td class=\"has-text-align-center\" data-align=\"center\">650 USD$<\/td><td class=\"has-text-align-center\" data-align=\"center\">650 USD$<\/td><td class=\"has-text-align-center\" data-align=\"center\">650 USD$<\/td><\/tr><\/tbody><\/table><\/figure>\n\n\n\n<figure class=\"wp-block-table\"><table class=\"has-fixed-layout\"><tbody><tr><th class=\"has-text-align-center\" data-align=\"center\" colspan=\"5\">N\u00famero de Personas para SERVICIO PRIVADO:<\/th><\/tr><tr><td class=\"has-text-align-center\" data-align=\"center\">2<\/td><td class=\"has-text-align-center\" data-align=\"center\">3<\/td><td class=\"has-text-align-center\" data-align=\"center\">4<\/td><td class=\"has-text-align-center\" data-align=\"center\">5-6<\/td><td class=\"has-text-align-center\" data-align=\"center\">7-10<\/td><\/tr><tr><th class=\"has-text-align-center\" data-align=\"center\" colspan=\"5\">Precio USD$ (por persona):<\/th><\/tr><tr><td class=\"has-text-align-center\" data-align=\"center\">800 USD$<\/td><td class=\"has-text-align-center\" data-align=\"center\">780 USD$<\/td><td class=\"has-text-align-center\" data-align=\"center\">760 USD$<\/td><td class=\"has-text-align-center\" data-align=\"center\">740 USD$<\/td><td class=\"has-text-align-center\" data-align=\"center\">720 USD$<\/td><\/tr><\/tbody><\/table><\/figure>\n\n\n<\/div><\/div>\n\n\n\n<p><\/p>\n\n\n\n<p><\/p>\n","protected":false},"excerpt":{"rendered":"<p>Camino Lares a Machu Picchu 4 D\u00edas D\u00eda 01: Cusco \u2013 Calca \u2013 Ba\u00f1os de Lares \u2013 Wacahuasi Inmersi\u00f3n en los Andes: &#8230;<\/p>\n","protected":false},"author":1,"featured_media":2883,"comment_status":"open","ping_status":"open","sticky":false,"template":"","format":"standard","meta":{"_acf_changed":false,"advgb_blocks_editor_width":"","advgb_blocks_columns_visual_guide":"","footnotes":""},"categories":[3,21],"tags":[],"class_list":["post-317","post","type-post","status-publish","format-standard","has-post-thumbnail","hentry","category-camino-inca","category-salkantay-caminos-alternativos"],"acf":[],"yoast_head":"<!-- This site is optimized with the Yoast SEO Premium plugin v25.2 (Yoast SEO v27.4) - https:\/\/yoast.com\/product\/yoast-seo-premium-wordpress\/ -->\n<title>Camino Lares a Machu Picchu 4 D\u00edas y 3 Noches - Local Trekkers Peru<\/title>\n<meta name=\"description\" content=\"Vive el Camino Lares en 4 d\u00edas y 3 noches: paisajes impresionantes, comunidades andinas aut\u00e9nticas y la maravilla de Machu Picchu.\" \/>\n<meta name=\"robots\" content=\"index, follow, max-snippet:-1, max-image-preview:large, max-video-preview:-1\" \/>\n<link rel=\"canonical\" href=\"https:\/\/localtrekkersperu.com\/es\/camino-lares-a-machu-picchu-4-dias-y-3-noches\/\" \/>\n<meta property=\"og:locale\" content=\"es_ES\" \/>\n<meta property=\"og:type\" content=\"article\" \/>\n<meta property=\"og:title\" content=\"Camino Lares a Machu Picchu 4 D\u00edas y 3 Noches\" \/>\n<meta property=\"og:description\" content=\"Vive el Camino Lares en 4 d\u00edas y 3 noches: paisajes impresionantes, comunidades andinas aut\u00e9nticas y la maravilla de Machu Picchu.\" \/>\n<meta property=\"og:url\" content=\"https:\/\/localtrekkersperu.com\/es\/camino-lares-a-machu-picchu-4-dias-y-3-noches\/\" \/>\n<meta property=\"og:site_name\" content=\"Local Trekkers Peru\" \/>\n<meta property=\"article:published_time\" content=\"2024-09-18T05:13:53+00:00\" \/>\n<meta property=\"article:modified_time\" content=\"2026-01-26T23:53:09+00:00\" \/>\n<meta property=\"og:image\" content=\"https:\/\/localtrekkersperu.com\/wp-content\/uploads\/2024\/09\/Lares-Trek-4days-4-1500x1000-1.webp\" \/>\n\t<meta property=\"og:image:width\" content=\"1500\" \/>\n\t<meta property=\"og:image:height\" content=\"1000\" \/>\n\t<meta property=\"og:image:type\" content=\"image\/webp\" \/>\n<meta name=\"author\" content=\"admin_local\" \/>\n<meta name=\"twitter:card\" content=\"summary_large_image\" \/>\n<meta name=\"twitter:label1\" content=\"Escrito por\" \/>\n\t<meta name=\"twitter:data1\" content=\"admin_local\" \/>\n\t<meta name=\"twitter:label2\" content=\"Tiempo de lectura\" \/>\n\t<meta name=\"twitter:data2\" content=\"8 minutos\" \/>\n<script type=\"application\/ld+json\" class=\"yoast-schema-graph\">{\"@context\":\"https:\\\/\\\/schema.org\",\"@graph\":[{\"@type\":\"Article\",\"@id\":\"https:\\\/\\\/localtrekkersperu.com\\\/es\\\/camino-lares-a-machu-picchu-4-dias-y-3-noches\\\/#article\",\"isPartOf\":{\"@id\":\"https:\\\/\\\/localtrekkersperu.com\\\/es\\\/camino-lares-a-machu-picchu-4-dias-y-3-noches\\\/\"},\"author\":{\"name\":\"admin_local\",\"@id\":\"https:\\\/\\\/localtrekkersperu.com\\\/es\\\/#\\\/schema\\\/person\\\/babe2ac841b0da6e2402ca92d217bb6a\"},\"headline\":\"Camino Lares a Machu Picchu 4 D\u00edas y 3 Noches\",\"datePublished\":\"2024-09-18T05:13:53+00:00\",\"dateModified\":\"2026-01-26T23:53:09+00:00\",\"mainEntityOfPage\":{\"@id\":\"https:\\\/\\\/localtrekkersperu.com\\\/es\\\/camino-lares-a-machu-picchu-4-dias-y-3-noches\\\/\"},\"wordCount\":1517,\"commentCount\":0,\"publisher\":{\"@id\":\"https:\\\/\\\/localtrekkersperu.com\\\/es\\\/#organization\"},\"image\":{\"@id\":\"https:\\\/\\\/localtrekkersperu.com\\\/es\\\/camino-lares-a-machu-picchu-4-dias-y-3-noches\\\/#primaryimage\"},\"thumbnailUrl\":\"https:\\\/\\\/localtrekkersperu.com\\\/wp-content\\\/uploads\\\/2024\\\/09\\\/Lares-Trek-4days-4-1500x1000-1.webp\",\"articleSection\":[\"Camino Inca\",\"Salkantay &amp; Caminos Alternativos\"],\"inLanguage\":\"es\",\"potentialAction\":[{\"@type\":\"CommentAction\",\"name\":\"Comment\",\"target\":[\"https:\\\/\\\/localtrekkersperu.com\\\/es\\\/camino-lares-a-machu-picchu-4-dias-y-3-noches\\\/#respond\"]}]},{\"@type\":\"WebPage\",\"@id\":\"https:\\\/\\\/localtrekkersperu.com\\\/es\\\/camino-lares-a-machu-picchu-4-dias-y-3-noches\\\/\",\"url\":\"https:\\\/\\\/localtrekkersperu.com\\\/es\\\/camino-lares-a-machu-picchu-4-dias-y-3-noches\\\/\",\"name\":\"Camino Lares a Machu Picchu 4 D\u00edas y 3 Noches - Local Trekkers Peru\",\"isPartOf\":{\"@id\":\"https:\\\/\\\/localtrekkersperu.com\\\/es\\\/#website\"},\"primaryImageOfPage\":{\"@id\":\"https:\\\/\\\/localtrekkersperu.com\\\/es\\\/camino-lares-a-machu-picchu-4-dias-y-3-noches\\\/#primaryimage\"},\"image\":{\"@id\":\"https:\\\/\\\/localtrekkersperu.com\\\/es\\\/camino-lares-a-machu-picchu-4-dias-y-3-noches\\\/#primaryimage\"},\"thumbnailUrl\":\"https:\\\/\\\/localtrekkersperu.com\\\/wp-content\\\/uploads\\\/2024\\\/09\\\/Lares-Trek-4days-4-1500x1000-1.webp\",\"datePublished\":\"2024-09-18T05:13:53+00:00\",\"dateModified\":\"2026-01-26T23:53:09+00:00\",\"description\":\"Vive el Camino Lares en 4 d\u00edas y 3 noches: paisajes impresionantes, comunidades andinas aut\u00e9nticas y la maravilla de Machu Picchu.\",\"breadcrumb\":{\"@id\":\"https:\\\/\\\/localtrekkersperu.com\\\/es\\\/camino-lares-a-machu-picchu-4-dias-y-3-noches\\\/#breadcrumb\"},\"inLanguage\":\"es\",\"potentialAction\":[{\"@type\":\"ReadAction\",\"target\":[\"https:\\\/\\\/localtrekkersperu.com\\\/es\\\/camino-lares-a-machu-picchu-4-dias-y-3-noches\\\/\"]}]},{\"@type\":\"ImageObject\",\"inLanguage\":\"es\",\"@id\":\"https:\\\/\\\/localtrekkersperu.com\\\/es\\\/camino-lares-a-machu-picchu-4-dias-y-3-noches\\\/#primaryimage\",\"url\":\"https:\\\/\\\/localtrekkersperu.com\\\/wp-content\\\/uploads\\\/2024\\\/09\\\/Lares-Trek-4days-4-1500x1000-1.webp\",\"contentUrl\":\"https:\\\/\\\/localtrekkersperu.com\\\/wp-content\\\/uploads\\\/2024\\\/09\\\/Lares-Trek-4days-4-1500x1000-1.webp\",\"width\":1500,\"height\":1000,\"caption\":\"Lares Trek\"},{\"@type\":\"BreadcrumbList\",\"@id\":\"https:\\\/\\\/localtrekkersperu.com\\\/es\\\/camino-lares-a-machu-picchu-4-dias-y-3-noches\\\/#breadcrumb\",\"itemListElement\":[{\"@type\":\"ListItem\",\"position\":1,\"name\":\"Home\",\"item\":\"https:\\\/\\\/localtrekkersperu.com\\\/es\\\/\"},{\"@type\":\"ListItem\",\"position\":2,\"name\":\"Camino Inca\",\"item\":\"https:\\\/\\\/localtrekkersperu.com\\\/es\\\/category\\\/camino-inca\\\/\"},{\"@type\":\"ListItem\",\"position\":3,\"name\":\"Camino Lares a Machu Picchu 4 D\u00edas y 3 Noches\"}]},{\"@type\":\"WebSite\",\"@id\":\"https:\\\/\\\/localtrekkersperu.com\\\/es\\\/#website\",\"url\":\"https:\\\/\\\/localtrekkersperu.com\\\/es\\\/\",\"name\":\"Local Trekkers Peru\",\"description\":\"\",\"publisher\":{\"@id\":\"https:\\\/\\\/localtrekkersperu.com\\\/es\\\/#organization\"},\"potentialAction\":[{\"@type\":\"SearchAction\",\"target\":{\"@type\":\"EntryPoint\",\"urlTemplate\":\"https:\\\/\\\/localtrekkersperu.com\\\/es\\\/?s={search_term_string}\"},\"query-input\":{\"@type\":\"PropertyValueSpecification\",\"valueRequired\":true,\"valueName\":\"search_term_string\"}}],\"inLanguage\":\"es\"},{\"@type\":\"Organization\",\"@id\":\"https:\\\/\\\/localtrekkersperu.com\\\/es\\\/#organization\",\"name\":\"Local Trekkers Peru\",\"url\":\"https:\\\/\\\/localtrekkersperu.com\\\/es\\\/\",\"logo\":{\"@type\":\"ImageObject\",\"inLanguage\":\"es\",\"@id\":\"https:\\\/\\\/localtrekkersperu.com\\\/es\\\/#\\\/schema\\\/logo\\\/image\\\/\",\"url\":\"https:\\\/\\\/localtrekkersperu.com\\\/wp-content\\\/uploads\\\/2024\\\/08\\\/logo.png\",\"contentUrl\":\"https:\\\/\\\/localtrekkersperu.com\\\/wp-content\\\/uploads\\\/2024\\\/08\\\/logo.png\",\"width\":411,\"height\":122,\"caption\":\"Local Trekkers Peru\"},\"image\":{\"@id\":\"https:\\\/\\\/localtrekkersperu.com\\\/es\\\/#\\\/schema\\\/logo\\\/image\\\/\"}},{\"@type\":\"Person\",\"@id\":\"https:\\\/\\\/localtrekkersperu.com\\\/es\\\/#\\\/schema\\\/person\\\/babe2ac841b0da6e2402ca92d217bb6a\",\"name\":\"admin_local\",\"sameAs\":[\"https:\\\/\\\/localtrekkersperu.com\"]}]}<\/script>\n<!-- \/ Yoast SEO Premium plugin. -->","yoast_head_json":{"title":"Camino Lares a Machu Picchu 4 D\u00edas y 3 Noches - Local Trekkers Peru","description":"Vive el Camino Lares en 4 d\u00edas y 3 noches: paisajes impresionantes, comunidades andinas aut\u00e9nticas y la maravilla de Machu Picchu.","robots":{"index":"index","follow":"follow","max-snippet":"max-snippet:-1","max-image-preview":"max-image-preview:large","max-video-preview":"max-video-preview:-1"},"canonical":"https:\/\/localtrekkersperu.com\/es\/camino-lares-a-machu-picchu-4-dias-y-3-noches\/","og_locale":"es_ES","og_type":"article","og_title":"Camino Lares a Machu Picchu 4 D\u00edas y 3 Noches","og_description":"Vive el Camino Lares en 4 d\u00edas y 3 noches: paisajes impresionantes, comunidades andinas aut\u00e9nticas y la maravilla de Machu Picchu.","og_url":"https:\/\/localtrekkersperu.com\/es\/camino-lares-a-machu-picchu-4-dias-y-3-noches\/","og_site_name":"Local Trekkers Peru","article_published_time":"2024-09-18T05:13:53+00:00","article_modified_time":"2026-01-26T23:53:09+00:00","og_image":[{"width":1500,"height":1000,"url":"https:\/\/localtrekkersperu.com\/wp-content\/uploads\/2024\/09\/Lares-Trek-4days-4-1500x1000-1.webp","type":"image\/webp"}],"author":"admin_local","twitter_card":"summary_large_image","twitter_misc":{"Escrito por":"admin_local","Tiempo de lectura":"8 minutos"},"schema":{"@context":"https:\/\/schema.org","@graph":[{"@type":"Article","@id":"https:\/\/localtrekkersperu.com\/es\/camino-lares-a-machu-picchu-4-dias-y-3-noches\/#article","isPartOf":{"@id":"https:\/\/localtrekkersperu.com\/es\/camino-lares-a-machu-picchu-4-dias-y-3-noches\/"},"author":{"name":"admin_local","@id":"https:\/\/localtrekkersperu.com\/es\/#\/schema\/person\/babe2ac841b0da6e2402ca92d217bb6a"},"headline":"Camino Lares a Machu Picchu 4 D\u00edas y 3 Noches","datePublished":"2024-09-18T05:13:53+00:00","dateModified":"2026-01-26T23:53:09+00:00","mainEntityOfPage":{"@id":"https:\/\/localtrekkersperu.com\/es\/camino-lares-a-machu-picchu-4-dias-y-3-noches\/"},"wordCount":1517,"commentCount":0,"publisher":{"@id":"https:\/\/localtrekkersperu.com\/es\/#organization"},"image":{"@id":"https:\/\/localtrekkersperu.com\/es\/camino-lares-a-machu-picchu-4-dias-y-3-noches\/#primaryimage"},"thumbnailUrl":"https:\/\/localtrekkersperu.com\/wp-content\/uploads\/2024\/09\/Lares-Trek-4days-4-1500x1000-1.webp","articleSection":["Camino Inca","Salkantay &amp; Caminos Alternativos"],"inLanguage":"es","potentialAction":[{"@type":"CommentAction","name":"Comment","target":["https:\/\/localtrekkersperu.com\/es\/camino-lares-a-machu-picchu-4-dias-y-3-noches\/#respond"]}]},{"@type":"WebPage","@id":"https:\/\/localtrekkersperu.com\/es\/camino-lares-a-machu-picchu-4-dias-y-3-noches\/","url":"https:\/\/localtrekkersperu.com\/es\/camino-lares-a-machu-picchu-4-dias-y-3-noches\/","name":"Camino Lares a Machu Picchu 4 D\u00edas y 3 Noches - Local Trekkers Peru","isPartOf":{"@id":"https:\/\/localtrekkersperu.com\/es\/#website"},"primaryImageOfPage":{"@id":"https:\/\/localtrekkersperu.com\/es\/camino-lares-a-machu-picchu-4-dias-y-3-noches\/#primaryimage"},"image":{"@id":"https:\/\/localtrekkersperu.com\/es\/camino-lares-a-machu-picchu-4-dias-y-3-noches\/#primaryimage"},"thumbnailUrl":"https:\/\/localtrekkersperu.com\/wp-content\/uploads\/2024\/09\/Lares-Trek-4days-4-1500x1000-1.webp","datePublished":"2024-09-18T05:13:53+00:00","dateModified":"2026-01-26T23:53:09+00:00","description":"Vive el Camino Lares en 4 d\u00edas y 3 noches: paisajes impresionantes, comunidades andinas aut\u00e9nticas y la maravilla de Machu Picchu.","breadcrumb":{"@id":"https:\/\/localtrekkersperu.com\/es\/camino-lares-a-machu-picchu-4-dias-y-3-noches\/#breadcrumb"},"inLanguage":"es","potentialAction":[{"@type":"ReadAction","target":["https:\/\/localtrekkersperu.com\/es\/camino-lares-a-machu-picchu-4-dias-y-3-noches\/"]}]},{"@type":"ImageObject","inLanguage":"es","@id":"https:\/\/localtrekkersperu.com\/es\/camino-lares-a-machu-picchu-4-dias-y-3-noches\/#primaryimage","url":"https:\/\/localtrekkersperu.com\/wp-content\/uploads\/2024\/09\/Lares-Trek-4days-4-1500x1000-1.webp","contentUrl":"https:\/\/localtrekkersperu.com\/wp-content\/uploads\/2024\/09\/Lares-Trek-4days-4-1500x1000-1.webp","width":1500,"height":1000,"caption":"Lares Trek"},{"@type":"BreadcrumbList","@id":"https:\/\/localtrekkersperu.com\/es\/camino-lares-a-machu-picchu-4-dias-y-3-noches\/#breadcrumb","itemListElement":[{"@type":"ListItem","position":1,"name":"Home","item":"https:\/\/localtrekkersperu.com\/es\/"},{"@type":"ListItem","position":2,"name":"Camino Inca","item":"https:\/\/localtrekkersperu.com\/es\/category\/camino-inca\/"},{"@type":"ListItem","position":3,"name":"Camino Lares a Machu Picchu 4 D\u00edas y 3 Noches"}]},{"@type":"WebSite","@id":"https:\/\/localtrekkersperu.com\/es\/#website","url":"https:\/\/localtrekkersperu.com\/es\/","name":"Local Trekkers Peru","description":"","publisher":{"@id":"https:\/\/localtrekkersperu.com\/es\/#organization"},"potentialAction":[{"@type":"SearchAction","target":{"@type":"EntryPoint","urlTemplate":"https:\/\/localtrekkersperu.com\/es\/?s={search_term_string}"},"query-input":{"@type":"PropertyValueSpecification","valueRequired":true,"valueName":"search_term_string"}}],"inLanguage":"es"},{"@type":"Organization","@id":"https:\/\/localtrekkersperu.com\/es\/#organization","name":"Local Trekkers Peru","url":"https:\/\/localtrekkersperu.com\/es\/","logo":{"@type":"ImageObject","inLanguage":"es","@id":"https:\/\/localtrekkersperu.com\/es\/#\/schema\/logo\/image\/","url":"https:\/\/localtrekkersperu.com\/wp-content\/uploads\/2024\/08\/logo.png","contentUrl":"https:\/\/localtrekkersperu.com\/wp-content\/uploads\/2024\/08\/logo.png","width":411,"height":122,"caption":"Local Trekkers Peru"},"image":{"@id":"https:\/\/localtrekkersperu.com\/es\/#\/schema\/logo\/image\/"}},{"@type":"Person","@id":"https:\/\/localtrekkersperu.com\/es\/#\/schema\/person\/babe2ac841b0da6e2402ca92d217bb6a","name":"admin_local","sameAs":["https:\/\/localtrekkersperu.com"]}]}},"author_meta":{"display_name":"admin_local","author_link":"https:\/\/localtrekkersperu.com\/es\/author\/admin_local\/"},"featured_img":"https:\/\/localtrekkersperu.com\/wp-content\/uploads\/2024\/09\/Lares-Trek-4days-4-1500x1000-1-300x200.webp","coauthors":[],"tax_additional":{"categories":{"linked":["<a href=\"https:\/\/localtrekkersperu.com\/es\/category\/camino-inca\/\" class=\"advgb-post-tax-term\">Camino Inca<\/a>","<a href=\"https:\/\/localtrekkersperu.com\/es\/category\/salkantay-caminos-alternativos\/\" class=\"advgb-post-tax-term\">Salkantay &amp; Caminos Alternativos<\/a>"],"unlinked":["<span class=\"advgb-post-tax-term\">Camino Inca<\/span>","<span class=\"advgb-post-tax-term\">Salkantay &amp; Caminos Alternativos<\/span>"]}},"comment_count":"0","relative_dates":{"created":"Publicado 2 a\u00f1os hace","modified":"Actualizado 3 meses hace"},"absolute_dates":{"created":"Publicado el septiembre 18, 2024","modified":"Actualizado el enero 26, 2026"},"absolute_dates_time":{"created":"Publicado el septiembre 18, 2024 5:13 am","modified":"Actualizado el enero 26, 2026 11:53 pm"},"featured_img_caption":"Lares Trek","series_order":"","_links":{"self":[{"href":"https:\/\/localtrekkersperu.com\/es\/wp-json\/wp\/v2\/posts\/317","targetHints":{"allow":["GET"]}}],"collection":[{"href":"https:\/\/localtrekkersperu.com\/es\/wp-json\/wp\/v2\/posts"}],"about":[{"href":"https:\/\/localtrekkersperu.com\/es\/wp-json\/wp\/v2\/types\/post"}],"author":[{"embeddable":true,"href":"https:\/\/localtrekkersperu.com\/es\/wp-json\/wp\/v2\/users\/1"}],"replies":[{"embeddable":true,"href":"https:\/\/localtrekkersperu.com\/es\/wp-json\/wp\/v2\/comments?post=317"}],"version-history":[{"count":19,"href":"https:\/\/localtrekkersperu.com\/es\/wp-json\/wp\/v2\/posts\/317\/revisions"}],"predecessor-version":[{"id":10798,"href":"https:\/\/localtrekkersperu.com\/es\/wp-json\/wp\/v2\/posts\/317\/revisions\/10798"}],"wp:featuredmedia":[{"embeddable":true,"href":"https:\/\/localtrekkersperu.com\/es\/wp-json\/wp\/v2\/media\/2883"}],"wp:attachment":[{"href":"https:\/\/localtrekkersperu.com\/es\/wp-json\/wp\/v2\/media?parent=317"}],"wp:term":[{"taxonomy":"category","embeddable":true,"href":"https:\/\/localtrekkersperu.com\/es\/wp-json\/wp\/v2\/categories?post=317"},{"taxonomy":"post_tag","embeddable":true,"href":"https:\/\/localtrekkersperu.com\/es\/wp-json\/wp\/v2\/tags?post=317"}],"curies":[{"name":"wp","href":"https:\/\/api.w.org\/{rel}","templated":true}]}}