{"id":311,"date":"2024-09-18T04:13:00","date_gmt":"2024-09-18T04:13:00","guid":{"rendered":"https:\/\/localtrekkersperu.com\/lares-trek-camino-inca-a-machu-picchu-4-dias-3-noches-copy\/"},"modified":"2026-01-26T23:47:27","modified_gmt":"2026-01-26T23:47:27","slug":"lares-trek-camino-inca-a-machu-picchu-3-dias-2-noches","status":"publish","type":"post","link":"https:\/\/localtrekkersperu.com\/es\/lares-trek-camino-inca-a-machu-picchu-3-dias-2-noches\/","title":{"rendered":"Camino Lares Machu Picchu 3 d\u00edas \/ 2  noches"},"content":{"rendered":"\n<div class=\"wp-block-columns is-layout-flex wp-container-core-columns-is-layout-9d6595d7 wp-block-columns-is-layout-flex\">\n<div class=\"wp-block-column is-layout-flow wp-block-column-is-layout-flow\" style=\"flex-basis:75%\">\n<h2 class=\"wp-block-heading\" id=\"h-camino-lares-machu-picchu-3-dias\"><strong>Camino Lares Machu Picchu 3 d\u00edas<\/strong><\/h2>\n\n\n    <div class=\"leer-mas-box\">\n        <!-- Escritorio: siempre texto completo -->\n        <div class=\"hidden md:block\">\n            <\/p>\n\n\n\n<p>\u00bfBuscas una ruta aut\u00e9ntica donde el tiempo parece haberse detenido? El <strong>Camino Lares Machu Picchu 3 D\u00edas<\/strong> es la alternativa cultural por excelencia al Camino Inca. Olvida las multitudes y sum\u00e9rgete en el coraz\u00f3n de los Andes, donde la cultura viva permanece intacta.<\/p>\n\n\n\n<p>A diferencia de otras rutas, el <strong>Lares trek<\/strong> te permite convivir con comunidades quechuas que a\u00fan visten sus trajes tradicionales de coloridos ponchos rojos y pastorean llamas y alpacas como lo hac\u00edan sus antepasados.Este viaje combina el desaf\u00edo de los pasos de altura con la relajaci\u00f3n en los <strong>Lares ba\u00f1os termales<\/strong>. Con <strong>Local Trekkers Per\u00fa<\/strong>, vivir\u00e1s una experiencia inmersiva: acampar\u00e1s bajo las estrellas en Wacahuasi, caminar\u00e1s por bosques de Queu\u00f1as y culminar\u00e1s tu aventura explorando la maravilla de Machu Picchu.<\/p>\n\n\n<p>        <\/div>\n\n        <!-- M\u00f3vil: con ver m\u00e1s \/ ver menos -->\n        <div class=\"block md:hidden mb-6 xl:mb-0\">\n            <p class=\"text-gray-700 text-justify font-nunito mb-3 text-base\">\n                <span class=\"texto-corto\">\n\n\n\n\u00bfBuscas una ruta aut\u00e9ntica donde el tiempo parece haberse detenido? El Camino Lares Machu Picchu 3 D\u00edas es la alternativa cultural por excelencia al Camino Inca. Olvida las multitudes y sum\u00e9rgete en el coraz\u00f3n de los Andes, donde la cultura viva permanece intacta.\n\n\n\nA diferencia de otras rutas, el Lares trek te permite convivir con comunidades quechuas que a\u00fan visten sus trajes tradicionales de coloridos ponchos rojos y pastorean llamas y alpacas como lo hac\u00edan sus antep<\/span>\n                <span class=\"texto-extra hidden\">asados.Este viaje combina el desaf\u00edo de los pasos de altura con la relajaci\u00f3n en los Lares ba\u00f1os termales. Con Local Trekkers Per\u00fa, vivir\u00e1s una experiencia inmersiva: acampar\u00e1s bajo las estrellas en Wacahuasi, caminar\u00e1s por bosques de Queu\u00f1as y culminar\u00e1s tu aventura explorando la maravilla de Machu Picchu.\n\n\n<\/span>\n                <span class=\"ver-mas-toggle cursor-pointer text-blue-600 hover:underline ml-1\">\n                    Ver M\u00e1s                <\/span>\n            <\/p>\n\n        <\/div>\n    <\/div>\n\n    <script>\n    document.addEventListener(\"DOMContentLoaded\", function() {\n        document.querySelectorAll(\".leer-mas-box\").forEach(function(box) {\n            let toggle = box.querySelector(\".ver-mas-toggle\");\n            let extra = box.querySelector(\".texto-extra\");\n\n            if (toggle) {\n                let seeMore = \"Ver M\u00e1s\";\n                let seeLess = \"Ver Menos\";\n\n                toggle.addEventListener(\"click\", function() {\n                    if (extra.classList.contains(\"hidden\")) {\n                        extra.classList.remove(\"hidden\");\n                        toggle.textContent = seeLess;\n                    } else {\n                        extra.classList.add(\"hidden\");\n                        toggle.textContent = seeMore;\n                    }\n                });\n            }\n        });\n    });\n    <\/script>\n    \n\n\n\n<div class=\"bg-gray-300 border-t border-x border-gray-400 py-1\">\n\n\n                                <span class=\"block text-center text-black\">Informaci\u00f3n \u00datil<\/span>\n                \n\n<\/div>\n<div class=\"flex\">\n    <div class=\"flex-1 border-y py-3 border-gray-400 border\">\n            <img decoding=\"async\" src=\"https:\/\/localtrekkersperu.com\/wp-content\/themes\/localtrekkers\/img\/icons\/location.svg\" class=\"mx-auto h-auto w-8\" alt=\"\">\n\n                                        <span class=\"block text-center mt-1 font-nunito font-semibold text-sm\">Lugares Visitados:<\/span>\n                \n            <span class=\"block text-center text-sm font-nunito text-gray-600\">Valle de Lares, Ollamtaytambo, Machu Picchu<\/span>\n    <\/div>\n    <div class=\"flex-1 border-y py-3 border-gray-400 border-r\">\n            <img decoding=\"async\" src=\"https:\/\/localtrekkersperu.com\/wp-content\/themes\/localtrekkers\/img\/icons\/altitude.svg\" class=\"mx-auto h-auto w-9 -mt-1\" alt=\"\">\n\n                                         <span class=\"block text-center mt-1 font-nunito font-semibold text-sm\">Altitud Inicial:<\/span>\n                \n            <span class=\"block text-center text-sm font-nunito text-gray-600\">3250 msnm = 10662 Pies<\/span>\n    <\/div>\n    <div class=\"flex-1 border-y py-3 border-gray-400 border-r\">\n            <img decoding=\"async\" src=\"https:\/\/localtrekkersperu.com\/wp-content\/themes\/localtrekkers\/img\/icons\/point.svg\" class=\"mx-auto h-auto w-8\" alt=\"\">\n\n                                          <span class=\"block text-center mt-1 font-nunito font-semibold text-sm\">Punto m\u00e1s Alto:<\/span>\n                \n            <span class=\"block text-center text-sm font-nunito text-gray-600\">4450 msnm = 14599 Pies<\/span>\n    <\/div>\n    <div class=\"flex-1 border-y py-3 border-gray-400 border-r\">\n            <img decoding=\"async\" src=\"https:\/\/localtrekkersperu.com\/wp-content\/themes\/localtrekkers\/img\/icons\/group.svg\" class=\"mx-auto h-auto w-8\" alt=\"\">\n\n                                       <span class=\"block text-center mt-1 font-nunito font-semibold text-sm\">Grupo de Personas:<\/span>\n                \n            <span class=\"block text-center text-sm font-nunito text-gray-600\">M\u00ednimo 2 pasajeros y M\u00e1ximo 10 pasajeros<\/span>\n    <\/div>\n    <div class=\"flex-1 border-y py-3 border-gray-400 border-r\">\n            <img decoding=\"async\" src=\"https:\/\/localtrekkersperu.com\/wp-content\/themes\/localtrekkers\/img\/icons\/level.svg\" class=\"mx-auto h-auto w-8\" alt=\"\">\n\n                                      <span class=\"block text-center mt-1 font-nunito font-semibold text-sm\">Nivel de Dificultad:<\/span>\n                \n            <span class=\"block text-center text-sm font-nunito text-gray-600\">3\/5<\/span>\n    <\/div>\n<\/div><\/div>\n\n\n\n<div class=\"wp-block-column is-layout-flow wp-block-column-is-layout-flow\" style=\"flex-basis:25%\">    \n    <div class=\"pl-1\">\n                    <div class=\"border bg-gray-100 py-4 rounded-md\">\n                <span class=\"block text-xl text-ltk2 font-extrabold text-center mb-2 uppercase font-nunito\">Camino Lares Machu Picchu 3 d\u00edas \/ 2  noches<\/span>\n                <hr>\n                <div class=\"px-3 text-center py-2\">\n                    <span>From <\/span><span class=\"text-3xl font-semibold text-gray-800\">$ 550 <\/span><span>USD<\/span>\n                <\/div>\n\n                <div class=\"bg-white py-2 my-6 px-4 mx-4 border\">\n                    <span class=\"block text-gray-800 mb-2 font-bold font-nunito\">\u00bfPor qu\u00e9 reservar con nosotros?<\/span>\n                    <ul class=\"list-disc list-inside\">\n                        <li class=\"mb-2 text-sm border-b border-gray-100 pb-1\">Tenemos precios competitivos<\/li>\n                        <li class=\"mb-2 text-sm border-b border-gray-100 pb-1\">Servicio al cliente r\u00e1pido en todo momento<\/li>\n                        <li class=\"mb-2 text-sm border-b border-gray-100 pb-1\">Experiencia garantizada de por vida<\/li>\n                        <li class=\"mb-2 text-sm border-b border-gray-100 pb-1\">Tenemos responsabilidad social, realizamos trabajo social<\/li>\n                    <\/ul>\n                <\/div>\n\n                <a href=\"\/es\/formulario-de-reserva?tour=Camino+Lares+Machu+Picchu+3+d%C3%ADas+%2F+2++noches\" class=\"bg-red-600 px-8 text-center mx-4 py-2 rounded-md text-white text-xl block font-bold hover:bg-red-700 uppercase transition-all delay-150\">Reservar ahora<\/a>\n            <\/div>\n            <div class=\"mt-8\">\n                <a href=\"\/es\/contactos\/\" class=\"bg-ltk2 uppercase px-8 text-center mx-4 py-2 rounded-md text-white text-xl block font-bold hover:bg-red-700 transition-all delay-150\">CONT\u00c1CTENOS<\/a>\n            <\/div>\n\n            <\/div>\n    \n    \n<\/div>\n<\/div>\n\n\n\n                        \n\n<section>\n    <div class=\"swiper box-tours-swiper\">\n        <div class=\"swiper-wrapper pb-5\">\n                            <div class=\"swiper-slide\">\n                    <div class=\"bg-white p-2 border rounded-lg shadow-lg h-full\">\n                                                    <img decoding=\"async\" src=\"https:\/\/localtrekkersperu.com\/wp-content\/uploads\/2025\/09\/camping-equipment.webp\" class=\"w-full object-cover h-60 rounded-lg\" alt=\"Equipo de campamento\">\n                                                <div>\n                            <h3 class=\"text-base text-center font-semibold uppercase mt-2\">Equipo de campamento<\/h3>\n                            <a href=\"https:\/\/localtrekkersperu.com\/es\/nuestro-equipo-campamento\/\" class=\"bg-ltk hover:bg-gray-800 transition-all text-white py-1 rounded table mx-auto my-3 font-semibold px-8\">Ver M\u00e1s<\/a>\n                        <\/div>\n                    <\/div>\n                <\/div>\n                                <div class=\"swiper-slide\">\n                    <div class=\"bg-white p-2 border rounded-lg shadow-lg h-full\">\n                                                    <img decoding=\"async\" src=\"https:\/\/localtrekkersperu.com\/wp-content\/uploads\/2025\/09\/chefs-gastronomy.webp\" class=\"w-full object-cover h-60 rounded-lg\" alt=\"Cocineros &amp; Gastronom\u00eda\">\n                                                <div>\n                            <h3 class=\"text-base text-center font-semibold uppercase mt-2\">Cocineros &amp; Gastronom\u00eda<\/h3>\n                            <a href=\"https:\/\/localtrekkersperu.com\/es\/cocineros-gastronomia\/\" class=\"bg-ltk hover:bg-gray-800 transition-all text-white py-1 rounded table mx-auto my-3 font-semibold px-8\">Ver M\u00e1s<\/a>\n                        <\/div>\n                    <\/div>\n                <\/div>\n                                <div class=\"swiper-slide\">\n                    <div class=\"bg-white p-2 border rounded-lg shadow-lg h-full\">\n                                                    <img decoding=\"async\" src=\"https:\/\/localtrekkersperu.com\/wp-content\/uploads\/2025\/09\/our-team.webp\" class=\"w-full object-cover h-60 rounded-lg\" alt=\"Nuestro equipo\">\n                                                <div>\n                            <h3 class=\"text-base text-center font-semibold uppercase mt-2\">Nuestro equipo<\/h3>\n                            <a href=\"https:\/\/localtrekkersperu.com\/es\/porteros-y-guias\/\" class=\"bg-ltk hover:bg-gray-800 transition-all text-white py-1 rounded table mx-auto my-3 font-semibold px-8\">Ver M\u00e1s<\/a>\n                        <\/div>\n                    <\/div>\n                <\/div>\n                                <div class=\"swiper-slide\">\n                    <div class=\"bg-white p-2 border rounded-lg shadow-lg h-full\">\n                                                    <img decoding=\"async\" src=\"https:\/\/localtrekkersperu.com\/wp-content\/uploads\/2025\/09\/social-projects-scaled.webp\" class=\"w-full object-cover h-60 rounded-lg\" alt=\"Proyectos sociales\">\n                                                <div>\n                            <h3 class=\"text-base text-center font-semibold uppercase mt-2\">Proyectos sociales<\/h3>\n                            <a href=\"https:\/\/localtrekkersperu.com\/es\/responsabilidades-sociales\/\" class=\"bg-ltk hover:bg-gray-800 transition-all text-white py-1 rounded table mx-auto my-3 font-semibold px-8\">Ver M\u00e1s<\/a>\n                        <\/div>\n                    <\/div>\n                <\/div>\n                        <\/div>\n        \n        <!-- Navigation buttons -->\n        <div class=\"swiper-button-next\"><\/div>\n        <div class=\"swiper-button-prev\"><\/div>\n        \n        <!-- Pagination -->\n        <!-- <div class=\"swiper-pagination\"><\/div> -->\n    <\/div>\n<\/section>\n\n<div class=\"responsive-tabs\">\n<h2 class=\"tabtitle\">Itinerario<\/h2>\n<div class=\"tabcontent\">\n\n\n\n\n<h2 class=\"wp-block-heading\" id=\"h-dia-01-cusco-calca-banos-termales-de-lares-wacahuasi\"><strong>D\u00eda 01: Cusco \u2013 Calca \u2013 Ba\u00f1os Termales de Lares \u2013 Wacahuasi<\/strong><\/h2>\n\n\n\n<p><em>Relajaci\u00f3n termal y encuentro con la cultura andina.<\/em><\/p>\n\n\n\n<p><strong>05:30 AM \u2013 Recojo y Salida:<\/strong> Comenzamos temprano. Te recogemos en el lobby de tu hotel en Cusco para viajar durante 1 hora hacia el <strong>Valle Sagrado<\/strong>. Haremos una parada en un mirador panor\u00e1mico para fotos espectaculares antes de continuar hacia <strong>Calca<\/strong>.<\/p>\n\n\n\n<p><strong>Visita al Mercado de Calca:<\/strong> Haremos una breve parada en el mercado local de Calca, un lugar vibrante donde podr\u00e1s ver y comprar productos t\u00edpicos de la zona.<\/p>\n\n\n\n<p><strong>Llegada a Lares y Ba\u00f1os Termales:<\/strong> Viajamos 2 horas m\u00e1s hasta el pueblo de <strong>Lares<\/strong> (3,100 msnm). Aqu\u00ed conoceremos a nuestro equipo de apoyo (chef y arrieros). Antes de caminar, tendr\u00e1s la oportunidad perfecta para relajarte en los famosos <strong>Lares ba\u00f1os termales<\/strong> (3,250 msnm), cuyas aguas medicinales oscilan entre 28\u00b0C y 34\u00b0C.<\/p>\n\n\n\n<p><strong>Inicio de la Caminata:<\/strong> Comenzamos nuestra aventura caminando por terreno llano durante 2 horas para aclimatar el cuerpo hasta el puente de Vilcabamba, donde almorzaremos.<\/p>\n\n\n\n<p><strong>Ascenso a Wacahuasi:<\/strong> Despu\u00e9s del almuerzo, caminamos 3 horas m\u00e1s hasta la comunidad de <strong>Wacahuasi<\/strong> (3,750 msnm). En el camino, ser\u00e1s recibido por ni\u00f1os locales en sus trajes t\u00edpicos, una oportunidad \u00fanica para compartir momentos y sonrisas.<\/p>\n\n\n\n<p><strong>Campamento y Cena:<\/strong> Llegamos a nuestro campamento en Wacahuasi. <em>Nota: La noche ser\u00e1 fr\u00eda, lleva ropa abrigadora.<\/em> Disfrutaremos de la hora del t\u00e9 para compartir historias, seguida de una cena reparadora bajo el cielo andino.<\/p>\n\n\n\n<p><strong>DATOS CLAVE \u2013 D\u00cdA 1<\/strong><\/p>\n\n\n\n<ul class=\"wp-block-list\">\n<li><strong>Distancia Total:<\/strong> 11 km (6.84 millas).<\/li>\n\n\n\n<li><strong>Tiempo de caminata:<\/strong> 4 a 5 horas.<\/li>\n\n\n\n<li><strong>Punto m\u00e1s alto:<\/strong> Wacahuasi (3,750 msnm).<\/li>\n\n\n\n<li><strong>Highlight:<\/strong><strong>Lares Cusco ba\u00f1os termales<\/strong> y cultura viva.<\/li>\n<\/ul>\n\n\n\n<figure class=\"wp-block-image size-full\"><img loading=\"lazy\" decoding=\"async\" width=\"1400\" height=\"450\" src=\"https:\/\/localtrekkersperu.com\/wp-content\/uploads\/2024\/09\/image-400.webp\" alt=\"Camino Lares Machu Picchu 3 d\u00edas\" class=\"wp-image-5903\" title=\"Camino Lares Machu Picchu - Local Trekkers Peru\" srcset=\"https:\/\/localtrekkersperu.com\/wp-content\/uploads\/2024\/09\/image-400.webp 1400w, https:\/\/localtrekkersperu.com\/wp-content\/uploads\/2024\/09\/image-400-300x96.webp 300w, https:\/\/localtrekkersperu.com\/wp-content\/uploads\/2024\/09\/image-400-1024x329.webp 1024w, https:\/\/localtrekkersperu.com\/wp-content\/uploads\/2024\/09\/image-400-768x247.webp 768w\" sizes=\"auto, (max-width: 1400px) 100vw, 1400px\" \/><\/figure>\n\n\n\n<h2 class=\"wp-block-heading\" id=\"h-dia-02-wacahuasi-paso-sacsallaully-yanahuara-aguas-calientes\"><strong>D\u00eda 02: Wacahuasi \u2013 Paso Sacsallaully \u2013 Yanahuara \u2013 Aguas Calientes<\/strong><\/h2>\n\n\n\n<p><em>Lagos alpinos, bosques nativos y tren a la selva.<\/em><\/p>\n\n\n\n<p><strong>06:00 AM \u2013 Desaf\u00edo de Altura:<\/strong> Despertamos temprano con las mejores vistas de los Andes. Tras el desayuno, iniciamos un ascenso de 3 horas hacia el punto m\u00e1s alto: el <strong>Paso Sacsallaully<\/strong> (4,646 msnm).<\/p>\n\n\n\n<p><strong>Vistas y Fauna:<\/strong> Desde la cima, disfrutar\u00e1s de vistas gratificantes de valles, nevados y el lago Aruraycocha. Mant\u00e9n los ojos abiertos para ver aves nativas como el Cara Cara, patos andinos, y reba\u00f1os de llamas, alpacas y vicu\u00f1as.<\/p>\n\n\n\n<p><strong>Descenso por los Lagos:<\/strong> Descendemos hacia las lagunas <strong>Aruraycocha<\/strong> y <strong>Yuraccoha<\/strong>, atravesando un bosque de <strong>Queu\u00f1as<\/strong> (\u00e1rbol nativo de los Incas). Almorzaremos a orillas de un lago con un paisaje de ensue\u00f1o.<\/p>\n\n\n\n<p><strong>Llegada al Valle Sagrado:<\/strong> El paisaje cambia dr\u00e1sticamente mientras descendemos hacia el valle de Mantanay y finalmente llegamos a <strong>Yanahuara<\/strong> (2,780 msnm), un pueblo de clima c\u00e1lido y acogedor en el Valle de Urubamba.<\/p>\n\n\n\n<p><strong>Tren a Aguas Calientes:<\/strong> Nuestro veh\u00edculo nos llevar\u00e1 a la estaci\u00f3n de <strong>Ollantaytambo<\/strong>, donde abordaremos el tren (1 hora 40 min) hacia <strong>Aguas Calientes<\/strong>.<\/p>\n\n\n\n<p><strong>Noche de Hotel:<\/strong> Cenaremos y pasaremos la noche en un c\u00f3modo hotel con ba\u00f1o privado, TV y Wifi, prepar\u00e1ndonos para el gran d\u00eda.<\/p>\n\n\n\n<p><strong>DATOS CLAVE \u2013 D\u00cdA 2<\/strong><\/p>\n\n\n\n<ul class=\"wp-block-list\">\n<li><strong>Distancia Total:<\/strong> 18 km (11.18 millas).<\/li>\n\n\n\n<li><strong>Tiempo de caminata:<\/strong> 8 a 9 horas.<\/li>\n\n\n\n<li><strong>Punto m\u00e1s alto:<\/strong> Paso Sacsallaully (4,646 msnm).<\/li>\n\n\n\n<li><strong>Highlight:<\/strong> Bosques de Queu\u00f1as y lagunas altoandinas.<\/li>\n<\/ul>\n\n\n\n<figure class=\"wp-block-image size-full\"><img loading=\"lazy\" decoding=\"async\" width=\"1400\" height=\"450\" src=\"https:\/\/localtrekkersperu.com\/wp-content\/uploads\/2024\/09\/image-401.webp\" alt=\"Camino Lares Machu Picchu 3 d\u00edas\" class=\"wp-image-5906\" title=\"Camino Lares Machu Picchu - Local Trekkers Peru\" srcset=\"https:\/\/localtrekkersperu.com\/wp-content\/uploads\/2024\/09\/image-401.webp 1400w, https:\/\/localtrekkersperu.com\/wp-content\/uploads\/2024\/09\/image-401-300x96.webp 300w, https:\/\/localtrekkersperu.com\/wp-content\/uploads\/2024\/09\/image-401-1024x329.webp 1024w, https:\/\/localtrekkersperu.com\/wp-content\/uploads\/2024\/09\/image-401-768x247.webp 768w\" sizes=\"auto, (max-width: 1400px) 100vw, 1400px\" \/><\/figure>\n\n\n\n<h2 class=\"wp-block-heading\" id=\"h-dia-03-aguas-calientes-machu-picchu-cusco\"><strong>D\u00eda 03: Aguas Calientes \u2013 Machu Picchu \u2013 Cusco<\/strong><\/h2>\n\n\n\n<p><em>El encuentro con la Maravilla del Mundo.<\/em><\/p>\n\n\n\n<p><strong>Visita a la Ciudadela:<\/strong> Despu\u00e9s del desayuno, tu gu\u00eda te recibir\u00e1 en el hotel para tomar el bus (30 min) hacia la entrada de <strong>Machu Picchu<\/strong>.<\/p>\n\n\n\n<p><strong>Tour Guiado Privado:<\/strong> Pasaremos el control e iniciaremos un tour guiado de <strong>m\u00e1s de 2 horas<\/strong>. Descubrir\u00e1s los secretos de la Plaza Principal, el Templo del Sol, el Intihuatana, los Cuartos Reales y el Templo de las Tres Ventanas.<\/p>\n\n\n\n<p><strong>Tiempo Libre:<\/strong> Tras el tour, tendr\u00e1s tiempo para explorar por tu cuenta.<\/p>\n\n\n\n<ul class=\"wp-block-list\">\n<li><em>Opcional:<\/em> Puedes caminar a la Puerta del Sol o al Puente Inca (sin costo extra).<\/li>\n\n\n\n<li><em>Adicional:<\/em> Si reservaste con antelaci\u00f3n, puedes subir a <strong>Huayna Picchu<\/strong> o <strong>Monta\u00f1a Machu Picchu<\/strong> (Costo extra $25 USD).<\/li>\n<\/ul>\n\n\n\n<p><strong>Retorno a Cusco:<\/strong> A la hora apropiada, tomaremos el bus de bajada a <strong>Aguas Calientes<\/strong>. Por la tarde, abordaremos el tren de retorno a Ollantaytambo, seguido de un viaje en bus privado de 2 horas hasta la puerta de tu hotel en Cusco.<\/p>\n\n\n\n<p><strong>DATOS CLAVE \u2013 D\u00cdA 3<\/strong><\/p>\n\n\n\n<ul class=\"wp-block-list\">\n<li><strong>Actividad Principal:<\/strong> Tour guiado en Machu Picchu.<\/li>\n\n\n\n<li><strong>Retorno:<\/strong> Tren + Bus Privado.<\/li>\n\n\n\n<li><strong>Fin del servicio:<\/strong> Hotel en Cusco.<\/li>\n<\/ul>\n\n\n\n<figure class=\"wp-block-image size-full\"><img loading=\"lazy\" decoding=\"async\" width=\"1400\" height=\"450\" src=\"https:\/\/localtrekkersperu.com\/wp-content\/uploads\/2024\/09\/image-402.webp\" alt=\"Camino Lares Machu Picchu 3 d\u00edas\" class=\"wp-image-5909\" title=\"Camino Lares Machu Picchu - Local Trekkers Peru\" srcset=\"https:\/\/localtrekkersperu.com\/wp-content\/uploads\/2024\/09\/image-402.webp 1400w, https:\/\/localtrekkersperu.com\/wp-content\/uploads\/2024\/09\/image-402-300x96.webp 300w, https:\/\/localtrekkersperu.com\/wp-content\/uploads\/2024\/09\/image-402-1024x329.webp 1024w, https:\/\/localtrekkersperu.com\/wp-content\/uploads\/2024\/09\/image-402-768x247.webp 768w\" sizes=\"auto, (max-width: 1400px) 100vw, 1400px\" \/><\/figure>\n\n\n\n<h3 class=\"wp-block-heading\"><strong>\u00bfPor qu\u00e9 elegir el Camino Lares?<\/strong><\/h3>\n\n\n\n<p>El <strong>Camino Lares Machu Picchu 3 D\u00edas<\/strong> es mucho m\u00e1s que una caminata; es un viaje en el tiempo. Es la oportunidad perfecta para conectar con la gente real de los Andes, disfrutar de la naturaleza virgen y desafiarte a ti mismo en la altura.<\/p>\n\n\n\n<\/div><h2 class=\"tabtitle\">Map<\/h2>\n<div class=\"tabcontent\">\n\n\n\n\n<figure data-wp-context=\"{&quot;imageId&quot;:&quot;69f3148d5c8a1&quot;}\" data-wp-interactive=\"core\/image\" data-wp-key=\"69f3148d5c8a1\" class=\"wp-block-image size-full wp-lightbox-container\"><img loading=\"lazy\" decoding=\"async\" width=\"940\" height=\"714\" data-wp-class--hide=\"state.isContentHidden\" data-wp-class--show=\"state.isContentVisible\" data-wp-init=\"callbacks.setButtonStyles\" data-wp-on--click=\"actions.showLightbox\" data-wp-on--load=\"callbacks.setButtonStyles\" data-wp-on-window--resize=\"callbacks.setButtonStyles\" src=\"https:\/\/localtrekkersperu.com\/wp-content\/uploads\/2024\/09\/image-25.png\" alt=\"\" class=\"wp-image-312\" srcset=\"https:\/\/localtrekkersperu.com\/wp-content\/uploads\/2024\/09\/image-25.png 940w, https:\/\/localtrekkersperu.com\/wp-content\/uploads\/2024\/09\/image-25-300x228.png 300w, https:\/\/localtrekkersperu.com\/wp-content\/uploads\/2024\/09\/image-25-768x583.png 768w\" sizes=\"auto, (max-width: 940px) 100vw, 940px\" \/><button\n\t\t\tclass=\"lightbox-trigger\"\n\t\t\ttype=\"button\"\n\t\t\taria-haspopup=\"dialog\"\n\t\t\taria-label=\"Agrandar\"\n\t\t\tdata-wp-init=\"callbacks.initTriggerButton\"\n\t\t\tdata-wp-on--click=\"actions.showLightbox\"\n\t\t\tdata-wp-style--right=\"state.imageButtonRight\"\n\t\t\tdata-wp-style--top=\"state.imageButtonTop\"\n\t\t>\n\t\t\t<svg xmlns=\"http:\/\/www.w3.org\/2000\/svg\" width=\"12\" height=\"12\" fill=\"none\" viewBox=\"0 0 12 12\">\n\t\t\t\t<path fill=\"#fff\" d=\"M2 0a2 2 0 0 0-2 2v2h1.5V2a.5.5 0 0 1 .5-.5h2V0H2Zm2 10.5H2a.5.5 0 0 1-.5-.5V8H0v2a2 2 0 0 0 2 2h2v-1.5ZM8 12v-1.5h2a.5.5 0 0 0 .5-.5V8H12v2a2 2 0 0 1-2 2H8Zm2-12a2 2 0 0 1 2 2v2h-1.5V2a.5.5 0 0 0-.5-.5H8V0h2Z\" \/>\n\t\t\t<\/svg>\n\t\t<\/button><\/figure>\n\n\n\n<\/div><h2 class=\"tabtitle\">Incluye<\/h2>\n<div class=\"tabcontent\">\n\n\n\n\n<h3 class=\"wp-block-heading\" id=\"h-incluye\">Incluye:<\/h3>\n\n\n\n<ul class=\"wp-block-list\">\n<li>Gu\u00eda tur\u00edstico biling\u00fce y certificado<\/li>\n\n\n\n<li>Una sesi\u00f3n informativa sobre la caminata con su gu\u00eda el d\u00eda anterior<\/li>\n\n\n\n<li>Recogida en tu hotel (te recogemos donde te alojes) de 6:30 a 7:00 am<\/li>\n\n\n\n<li>Transporte privado Van al valle de Lares (sendero)<\/li>\n\n\n\n<li>Boletos de ingreso a Machu Picchu<\/li>\n\n\n\n<li>Una bolsa de lona donde puedes poner dentro 08 kilos de tus cosas personales (lo llevar\u00e1n los caballos o las mulas)<\/li>\n\n\n\n<li>Equipo de campamento (Carpa cocina, sillas port\u00e1tiles y mesa)<\/li>\n\n\n\n<li>Colchones de aire autoinflables THERM-A-REST (una nueva forma de dormir con comodidad)<\/li>\n\n\n\n<li>Carpas de cuatro estaciones (2 trekkers en cada una) tendr\u00e1s suficiente espacio para poner cosas dentro<\/li>\n\n\n\n<li>Colchones<\/li>\n\n\n\n<li>Caballos o mulas y arriero para llevar equipos de campamento y utensilios de cocina<\/li>\n\n\n\n<li>1 caballo de emergencia para montar cada 3 personas, los d\u00edas 1 a 2<\/li>\n\n\n\n<li>Cocinero Profesional<\/li>\n\n\n\n<li>3 comidas por d\u00eda durante la caminata (comida servida en forma de buffet)<\/li>\n\n\n\n<li>Disponibilidad de comidas a su preferencia (vegetariana, vegana, sin gluten, pesquetariana, etc)<\/li>\n\n\n\n<li>Snack para cada d\u00eda de trekking<\/li>\n\n\n\n<li>1 noche de alojamiento en un hostal de Aguas Calientes y si desea actualizar d\u00e9jenos<\/li>\n\n\n\n<li>Tren tur\u00edstico de Aguas Calientes a Ollantaytambo<\/li>\n\n\n\n<li>Transporte Privado de Ollantaytambo a Cusco<\/li>\n\n\n\n<li>Agua hervida para beber durante el recorrido<\/li>\n\n\n\n<li>Botiqu\u00edn de primeros auxilios, con bal\u00f3n de ox\u00edgeno.<\/li>\n\n\n\n<li>Un Superviviente T \u2013 camiseta, para cada miembro del grupo<\/li>\n<\/ul>\n\n\n\n<h3 class=\"wp-block-heading\" id=\"h-no-incluyes\">No Incluyes:<\/h3>\n\n\n\n<ul class=\"wp-block-list\">\n<li>Gastos extra si quieres comprar cosas a lo largo del camino<\/li>\n\n\n\n<li>Entradas a la Monta\u00f1a Waynapicchu o Monta\u00f1a Machu Picchu. (tiene un costo extra de 70 d\u00f3lares por persona)<\/li>\n\n\n\n<li>Bolsas de dormir (puede alquilar con nosotros que cuestan 20 d\u00f3lares por una profesional, que puede soportar hasta -15 grados cent\u00edgrados o 5 grados Farenheit)<\/li>\n\n\n\n<li>Bastones (puede alquilar con nosotros, que cuestan 15 d\u00f3lares por un par profesional de diamantes negros)<\/li>\n\n\n\n<li>Agua mineral (puede comprar botella de agua mineral en Ollantaytambo)<\/li>\n\n\n\n<li>Primer desayuno y \u00faltimo almuerzo y cena<\/li>\n\n\n\n<li>Bus de subida y bajada de Aguas Calientes a Machu Pichu (El bus de ida y vuelta cuesta 24 d\u00f3lares pero el de ida cuesta 12 d\u00f3lares)<\/li>\n\n\n\n<li>Cambia tu Tren Tur\u00edstico a un Tren Vistadome de Lujo a&nbsp;<strong><a href=\"https:\/\/localtrekkersperu.com\/blog\/valle-sagrado\/ollantaytambo\">Ollantaytambo<\/a><\/strong>&nbsp;(70 $ )<\/li>\n\n\n\n<li>Extra caballo o mula para llevar mochilas extra o para montar hasta el segundo campamento (150 d\u00f3lares por caballo o mula)<\/li>\n\n\n\n<li>Consejos para el equipo (No es obligatorio pero si deseas hacerlo ser\u00e1 bienvenido)<\/li>\n<\/ul>\n\n\n\n<\/div><h2 class=\"tabtitle\">Lista de Empaque<\/h2>\n<div class=\"tabcontent\">\n\n\n\n\n<ul class=\"wp-block-list\">\n<li>Pasaporte original<\/li>\n\n\n\n<li>Una tarjeta de estudiante v\u00e1lida si reserva esta caminata como estudiante (25 a\u00f1os como m\u00e1ximo)<\/li>\n\n\n\n<li>Tarjeta de seguro de viaje (debe informar el nombre de su compa\u00f1\u00eda de seguro de viaje y su n\u00famero de seguro de viaje)<\/li>\n\n\n\n<li>Paquete de d\u00eda<\/li>\n\n\n\n<li>Chubasquero o Poncho de lluvia<\/li>\n\n\n\n<li>Ropa Fr\u00eda (Para el primer y Segundo d\u00eda)<\/li>\n\n\n\n<li>Camisas de trekking y pantalones de trekking<\/li>\n\n\n\n<li>zapatos de senderismo impermeables<\/li>\n\n\n\n<li>Botella de agua<\/li>\n\n\n\n<li>Linterna<\/li>\n\n\n\n<li>Papel higi\u00e9nico<\/li>\n\n\n\n<li>Bloqueador solar<\/li>\n\n\n\n<li>Gafas de sol<\/li>\n\n\n\n<li>Gorras o Sombreros<\/li>\n\n\n\n<li>Guantes (para el primer y segundo d\u00eda)<\/li>\n\n\n\n<li>Repelente de insectos (30% DEET recomendado)<\/li>\n\n\n\n<li>Bolsas de dormir<\/li>\n\n\n\n<li>Bastones<\/li>\n\n\n\n<li>C\u00e1mara con bater\u00edas adicionales<\/li>\n\n\n\n<li>Dinero extra especialmente en soles para comprar cosas a lo largo de la caminata.<\/li>\n<\/ul>\n\n\n\n<h3 class=\"wp-block-heading\" id=\"h-actitud-nbsp-mente-nbsp-positiva\">ACTITUD&nbsp;<strong>MENTE&nbsp;<\/strong>POSITIVA<\/h3>\n\n\n\n<\/div><h2 class=\"tabtitle\">Price<\/h2>\n<div class=\"tabcontent\">\n\n\n\n\n<h2 class=\"wp-block-heading has-text-align-center\" id=\"h-precio-2025-2026\" style=\"font-size:26px\">Precio 2025 &#8211; 2026<\/h2>\n\n\n\n<figure class=\"wp-block-table\"><table class=\"has-fixed-layout\"><tbody><tr><th class=\"has-text-align-center\" data-align=\"center\" colspan=\"5\">N\u00famero de Personas para SERVICIO GRUPAL:<\/th><\/tr><tr><td class=\"has-text-align-center\" data-align=\"center\">2<\/td><td class=\"has-text-align-center\" data-align=\"center\">3<\/td><td class=\"has-text-align-center\" data-align=\"center\">4<\/td><td class=\"has-text-align-center\" data-align=\"center\">5-6<\/td><td class=\"has-text-align-center\" data-align=\"center\">7-10<\/td><\/tr><tr><th class=\"has-text-align-center\" data-align=\"center\" colspan=\"5\">Precio USD$ (por persona):<\/th><\/tr><tr><td class=\"has-text-align-center\" data-align=\"center\">550 USD$<\/td><td class=\"has-text-align-center\" data-align=\"center\">550 USD$<\/td><td class=\"has-text-align-center\" data-align=\"center\">550 USD$<\/td><td class=\"has-text-align-center\" data-align=\"center\">550 USD$<\/td><td class=\"has-text-align-center\" data-align=\"center\">550 USD$<\/td><\/tr><\/tbody><\/table><\/figure>\n\n\n\n<figure class=\"wp-block-table\"><table class=\"has-fixed-layout\"><tbody><tr><th class=\"has-text-align-center\" data-align=\"center\" colspan=\"5\">N\u00famero de Personas para SERVICIO PRIVADO :<\/th><\/tr><tr><td class=\"has-text-align-center\" data-align=\"center\">2<\/td><td class=\"has-text-align-center\" data-align=\"center\">3<\/td><td class=\"has-text-align-center\" data-align=\"center\">4<\/td><td class=\"has-text-align-center\" data-align=\"center\">5-6<\/td><td class=\"has-text-align-center\" data-align=\"center\">7-10<\/td><\/tr><tr><th class=\"has-text-align-center\" data-align=\"center\" colspan=\"5\">Precio USD$ (por persona):<\/th><\/tr><tr><td class=\"has-text-align-center\" data-align=\"center\">700 USD$<\/td><td class=\"has-text-align-center\" data-align=\"center\">680 USD$<\/td><td class=\"has-text-align-center\" data-align=\"center\">660 USD$<\/td><td class=\"has-text-align-center\" data-align=\"center\">640 USD$<\/td><td class=\"has-text-align-center\" data-align=\"center\">620 USD$<\/td><\/tr><\/tbody><\/table><\/figure>\n\n\n<\/div><\/div>\n\n\n\n<p><\/p>\n\n\n\n<p><\/p>\n","protected":false},"excerpt":{"rendered":"<p>Camino Lares Machu Picchu 3 d\u00edas D\u00eda 01: Cusco \u2013 Calca \u2013 Ba\u00f1os Termales de Lares \u2013 Wacahuasi Relajaci\u00f3n termal&#8230;<\/p>\n","protected":false},"author":1,"featured_media":1195,"comment_status":"closed","ping_status":"open","sticky":false,"template":"","format":"standard","meta":{"_acf_changed":false,"advgb_blocks_editor_width":"","advgb_blocks_columns_visual_guide":"","footnotes":""},"categories":[21],"tags":[],"class_list":["post-311","post","type-post","status-publish","format-standard","has-post-thumbnail","hentry","category-salkantay-caminos-alternativos"],"acf":[],"yoast_head":"<!-- This site is optimized with the Yoast SEO Premium plugin v25.2 (Yoast SEO v27.4) - https:\/\/yoast.com\/product\/yoast-seo-premium-wordpress\/ -->\n<title>Camino Lares Machu Picchu 3 d\u00edas \/ 2 noches - Local Trekkers Peru<\/title>\n<meta name=\"description\" content=\"Explora el Camino Lares Machu Picchu 3 d\u00edas de trekking. Glaciares, lagunas, cultura andina y paisajes \u00fanicos del Per\u00fa te esperan.\" \/>\n<meta name=\"robots\" content=\"index, follow, max-snippet:-1, max-image-preview:large, max-video-preview:-1\" \/>\n<link rel=\"canonical\" href=\"https:\/\/localtrekkersperu.com\/es\/lares-trek-camino-inca-a-machu-picchu-3-dias-2-noches\/\" \/>\n<meta property=\"og:locale\" content=\"es_ES\" \/>\n<meta property=\"og:type\" content=\"article\" \/>\n<meta property=\"og:title\" content=\"Camino Lares Machu Picchu 3 d\u00edas \/ 2 noches\" \/>\n<meta property=\"og:description\" content=\"Explora el Camino Lares Machu Picchu 3 d\u00edas de trekking. Glaciares, lagunas, cultura andina y paisajes \u00fanicos del Per\u00fa te esperan.\" \/>\n<meta property=\"og:url\" content=\"https:\/\/localtrekkersperu.com\/es\/lares-trek-camino-inca-a-machu-picchu-3-dias-2-noches\/\" \/>\n<meta property=\"og:site_name\" content=\"Local Trekkers Peru\" \/>\n<meta property=\"article:published_time\" content=\"2024-09-18T04:13:00+00:00\" \/>\n<meta property=\"article:modified_time\" content=\"2026-01-26T23:47:27+00:00\" \/>\n<meta property=\"og:image\" content=\"https:\/\/localtrekkersperu.com\/wp-content\/uploads\/2024\/09\/Lares-Trek-3days-1.webp\" \/>\n\t<meta property=\"og:image:width\" content=\"1920\" \/>\n\t<meta property=\"og:image:height\" content=\"1080\" \/>\n\t<meta property=\"og:image:type\" content=\"image\/webp\" \/>\n<meta name=\"author\" content=\"admin_local\" \/>\n<meta name=\"twitter:card\" content=\"summary_large_image\" \/>\n<meta name=\"twitter:label1\" content=\"Escrito por\" \/>\n\t<meta name=\"twitter:data1\" content=\"admin_local\" \/>\n\t<meta name=\"twitter:label2\" content=\"Tiempo de lectura\" \/>\n\t<meta name=\"twitter:data2\" content=\"8 minutos\" \/>\n<script type=\"application\/ld+json\" class=\"yoast-schema-graph\">{\"@context\":\"https:\\\/\\\/schema.org\",\"@graph\":[{\"@type\":\"Article\",\"@id\":\"https:\\\/\\\/localtrekkersperu.com\\\/es\\\/lares-trek-camino-inca-a-machu-picchu-3-dias-2-noches\\\/#article\",\"isPartOf\":{\"@id\":\"https:\\\/\\\/localtrekkersperu.com\\\/es\\\/lares-trek-camino-inca-a-machu-picchu-3-dias-2-noches\\\/\"},\"author\":{\"name\":\"admin_local\",\"@id\":\"https:\\\/\\\/localtrekkersperu.com\\\/es\\\/#\\\/schema\\\/person\\\/babe2ac841b0da6e2402ca92d217bb6a\"},\"headline\":\"Camino Lares Machu Picchu 3 d\u00edas \\\/ 2 noches\",\"datePublished\":\"2024-09-18T04:13:00+00:00\",\"dateModified\":\"2026-01-26T23:47:27+00:00\",\"mainEntityOfPage\":{\"@id\":\"https:\\\/\\\/localtrekkersperu.com\\\/es\\\/lares-trek-camino-inca-a-machu-picchu-3-dias-2-noches\\\/\"},\"wordCount\":1489,\"publisher\":{\"@id\":\"https:\\\/\\\/localtrekkersperu.com\\\/es\\\/#organization\"},\"image\":{\"@id\":\"https:\\\/\\\/localtrekkersperu.com\\\/es\\\/lares-trek-camino-inca-a-machu-picchu-3-dias-2-noches\\\/#primaryimage\"},\"thumbnailUrl\":\"https:\\\/\\\/localtrekkersperu.com\\\/wp-content\\\/uploads\\\/2024\\\/09\\\/Lares-Trek-3days-1.webp\",\"articleSection\":[\"Salkantay &amp; Caminos Alternativos\"],\"inLanguage\":\"es\"},{\"@type\":\"WebPage\",\"@id\":\"https:\\\/\\\/localtrekkersperu.com\\\/es\\\/lares-trek-camino-inca-a-machu-picchu-3-dias-2-noches\\\/\",\"url\":\"https:\\\/\\\/localtrekkersperu.com\\\/es\\\/lares-trek-camino-inca-a-machu-picchu-3-dias-2-noches\\\/\",\"name\":\"Camino Lares Machu Picchu 3 d\u00edas \\\/ 2 noches - Local Trekkers Peru\",\"isPartOf\":{\"@id\":\"https:\\\/\\\/localtrekkersperu.com\\\/es\\\/#website\"},\"primaryImageOfPage\":{\"@id\":\"https:\\\/\\\/localtrekkersperu.com\\\/es\\\/lares-trek-camino-inca-a-machu-picchu-3-dias-2-noches\\\/#primaryimage\"},\"image\":{\"@id\":\"https:\\\/\\\/localtrekkersperu.com\\\/es\\\/lares-trek-camino-inca-a-machu-picchu-3-dias-2-noches\\\/#primaryimage\"},\"thumbnailUrl\":\"https:\\\/\\\/localtrekkersperu.com\\\/wp-content\\\/uploads\\\/2024\\\/09\\\/Lares-Trek-3days-1.webp\",\"datePublished\":\"2024-09-18T04:13:00+00:00\",\"dateModified\":\"2026-01-26T23:47:27+00:00\",\"description\":\"Explora el Camino Lares Machu Picchu 3 d\u00edas de trekking. Glaciares, lagunas, cultura andina y paisajes \u00fanicos del Per\u00fa te esperan.\",\"breadcrumb\":{\"@id\":\"https:\\\/\\\/localtrekkersperu.com\\\/es\\\/lares-trek-camino-inca-a-machu-picchu-3-dias-2-noches\\\/#breadcrumb\"},\"inLanguage\":\"es\",\"potentialAction\":[{\"@type\":\"ReadAction\",\"target\":[\"https:\\\/\\\/localtrekkersperu.com\\\/es\\\/lares-trek-camino-inca-a-machu-picchu-3-dias-2-noches\\\/\"]}]},{\"@type\":\"ImageObject\",\"inLanguage\":\"es\",\"@id\":\"https:\\\/\\\/localtrekkersperu.com\\\/es\\\/lares-trek-camino-inca-a-machu-picchu-3-dias-2-noches\\\/#primaryimage\",\"url\":\"https:\\\/\\\/localtrekkersperu.com\\\/wp-content\\\/uploads\\\/2024\\\/09\\\/Lares-Trek-3days-1.webp\",\"contentUrl\":\"https:\\\/\\\/localtrekkersperu.com\\\/wp-content\\\/uploads\\\/2024\\\/09\\\/Lares-Trek-3days-1.webp\",\"width\":1920,\"height\":1080,\"caption\":\"Machu Picchu\"},{\"@type\":\"BreadcrumbList\",\"@id\":\"https:\\\/\\\/localtrekkersperu.com\\\/es\\\/lares-trek-camino-inca-a-machu-picchu-3-dias-2-noches\\\/#breadcrumb\",\"itemListElement\":[{\"@type\":\"ListItem\",\"position\":1,\"name\":\"Home\",\"item\":\"https:\\\/\\\/localtrekkersperu.com\\\/es\\\/\"},{\"@type\":\"ListItem\",\"position\":2,\"name\":\"Salkantay &amp; Caminos Alternativos\",\"item\":\"https:\\\/\\\/localtrekkersperu.com\\\/es\\\/category\\\/salkantay-caminos-alternativos\\\/\"},{\"@type\":\"ListItem\",\"position\":3,\"name\":\"Camino Lares Machu Picchu 3 d\u00edas \\\/ 2 noches\"}]},{\"@type\":\"WebSite\",\"@id\":\"https:\\\/\\\/localtrekkersperu.com\\\/es\\\/#website\",\"url\":\"https:\\\/\\\/localtrekkersperu.com\\\/es\\\/\",\"name\":\"Local Trekkers Peru\",\"description\":\"\",\"publisher\":{\"@id\":\"https:\\\/\\\/localtrekkersperu.com\\\/es\\\/#organization\"},\"potentialAction\":[{\"@type\":\"SearchAction\",\"target\":{\"@type\":\"EntryPoint\",\"urlTemplate\":\"https:\\\/\\\/localtrekkersperu.com\\\/es\\\/?s={search_term_string}\"},\"query-input\":{\"@type\":\"PropertyValueSpecification\",\"valueRequired\":true,\"valueName\":\"search_term_string\"}}],\"inLanguage\":\"es\"},{\"@type\":\"Organization\",\"@id\":\"https:\\\/\\\/localtrekkersperu.com\\\/es\\\/#organization\",\"name\":\"Local Trekkers Peru\",\"url\":\"https:\\\/\\\/localtrekkersperu.com\\\/es\\\/\",\"logo\":{\"@type\":\"ImageObject\",\"inLanguage\":\"es\",\"@id\":\"https:\\\/\\\/localtrekkersperu.com\\\/es\\\/#\\\/schema\\\/logo\\\/image\\\/\",\"url\":\"https:\\\/\\\/localtrekkersperu.com\\\/wp-content\\\/uploads\\\/2024\\\/08\\\/logo.png\",\"contentUrl\":\"https:\\\/\\\/localtrekkersperu.com\\\/wp-content\\\/uploads\\\/2024\\\/08\\\/logo.png\",\"width\":411,\"height\":122,\"caption\":\"Local Trekkers Peru\"},\"image\":{\"@id\":\"https:\\\/\\\/localtrekkersperu.com\\\/es\\\/#\\\/schema\\\/logo\\\/image\\\/\"}},{\"@type\":\"Person\",\"@id\":\"https:\\\/\\\/localtrekkersperu.com\\\/es\\\/#\\\/schema\\\/person\\\/babe2ac841b0da6e2402ca92d217bb6a\",\"name\":\"admin_local\",\"sameAs\":[\"https:\\\/\\\/localtrekkersperu.com\"]}]}<\/script>\n<!-- \/ Yoast SEO Premium plugin. -->","yoast_head_json":{"title":"Camino Lares Machu Picchu 3 d\u00edas \/ 2 noches - Local Trekkers Peru","description":"Explora el Camino Lares Machu Picchu 3 d\u00edas de trekking. Glaciares, lagunas, cultura andina y paisajes \u00fanicos del Per\u00fa te esperan.","robots":{"index":"index","follow":"follow","max-snippet":"max-snippet:-1","max-image-preview":"max-image-preview:large","max-video-preview":"max-video-preview:-1"},"canonical":"https:\/\/localtrekkersperu.com\/es\/lares-trek-camino-inca-a-machu-picchu-3-dias-2-noches\/","og_locale":"es_ES","og_type":"article","og_title":"Camino Lares Machu Picchu 3 d\u00edas \/ 2 noches","og_description":"Explora el Camino Lares Machu Picchu 3 d\u00edas de trekking. Glaciares, lagunas, cultura andina y paisajes \u00fanicos del Per\u00fa te esperan.","og_url":"https:\/\/localtrekkersperu.com\/es\/lares-trek-camino-inca-a-machu-picchu-3-dias-2-noches\/","og_site_name":"Local Trekkers Peru","article_published_time":"2024-09-18T04:13:00+00:00","article_modified_time":"2026-01-26T23:47:27+00:00","og_image":[{"width":1920,"height":1080,"url":"https:\/\/localtrekkersperu.com\/wp-content\/uploads\/2024\/09\/Lares-Trek-3days-1.webp","type":"image\/webp"}],"author":"admin_local","twitter_card":"summary_large_image","twitter_misc":{"Escrito por":"admin_local","Tiempo de lectura":"8 minutos"},"schema":{"@context":"https:\/\/schema.org","@graph":[{"@type":"Article","@id":"https:\/\/localtrekkersperu.com\/es\/lares-trek-camino-inca-a-machu-picchu-3-dias-2-noches\/#article","isPartOf":{"@id":"https:\/\/localtrekkersperu.com\/es\/lares-trek-camino-inca-a-machu-picchu-3-dias-2-noches\/"},"author":{"name":"admin_local","@id":"https:\/\/localtrekkersperu.com\/es\/#\/schema\/person\/babe2ac841b0da6e2402ca92d217bb6a"},"headline":"Camino Lares Machu Picchu 3 d\u00edas \/ 2 noches","datePublished":"2024-09-18T04:13:00+00:00","dateModified":"2026-01-26T23:47:27+00:00","mainEntityOfPage":{"@id":"https:\/\/localtrekkersperu.com\/es\/lares-trek-camino-inca-a-machu-picchu-3-dias-2-noches\/"},"wordCount":1489,"publisher":{"@id":"https:\/\/localtrekkersperu.com\/es\/#organization"},"image":{"@id":"https:\/\/localtrekkersperu.com\/es\/lares-trek-camino-inca-a-machu-picchu-3-dias-2-noches\/#primaryimage"},"thumbnailUrl":"https:\/\/localtrekkersperu.com\/wp-content\/uploads\/2024\/09\/Lares-Trek-3days-1.webp","articleSection":["Salkantay &amp; Caminos Alternativos"],"inLanguage":"es"},{"@type":"WebPage","@id":"https:\/\/localtrekkersperu.com\/es\/lares-trek-camino-inca-a-machu-picchu-3-dias-2-noches\/","url":"https:\/\/localtrekkersperu.com\/es\/lares-trek-camino-inca-a-machu-picchu-3-dias-2-noches\/","name":"Camino Lares Machu Picchu 3 d\u00edas \/ 2 noches - Local Trekkers Peru","isPartOf":{"@id":"https:\/\/localtrekkersperu.com\/es\/#website"},"primaryImageOfPage":{"@id":"https:\/\/localtrekkersperu.com\/es\/lares-trek-camino-inca-a-machu-picchu-3-dias-2-noches\/#primaryimage"},"image":{"@id":"https:\/\/localtrekkersperu.com\/es\/lares-trek-camino-inca-a-machu-picchu-3-dias-2-noches\/#primaryimage"},"thumbnailUrl":"https:\/\/localtrekkersperu.com\/wp-content\/uploads\/2024\/09\/Lares-Trek-3days-1.webp","datePublished":"2024-09-18T04:13:00+00:00","dateModified":"2026-01-26T23:47:27+00:00","description":"Explora el Camino Lares Machu Picchu 3 d\u00edas de trekking. Glaciares, lagunas, cultura andina y paisajes \u00fanicos del Per\u00fa te esperan.","breadcrumb":{"@id":"https:\/\/localtrekkersperu.com\/es\/lares-trek-camino-inca-a-machu-picchu-3-dias-2-noches\/#breadcrumb"},"inLanguage":"es","potentialAction":[{"@type":"ReadAction","target":["https:\/\/localtrekkersperu.com\/es\/lares-trek-camino-inca-a-machu-picchu-3-dias-2-noches\/"]}]},{"@type":"ImageObject","inLanguage":"es","@id":"https:\/\/localtrekkersperu.com\/es\/lares-trek-camino-inca-a-machu-picchu-3-dias-2-noches\/#primaryimage","url":"https:\/\/localtrekkersperu.com\/wp-content\/uploads\/2024\/09\/Lares-Trek-3days-1.webp","contentUrl":"https:\/\/localtrekkersperu.com\/wp-content\/uploads\/2024\/09\/Lares-Trek-3days-1.webp","width":1920,"height":1080,"caption":"Machu Picchu"},{"@type":"BreadcrumbList","@id":"https:\/\/localtrekkersperu.com\/es\/lares-trek-camino-inca-a-machu-picchu-3-dias-2-noches\/#breadcrumb","itemListElement":[{"@type":"ListItem","position":1,"name":"Home","item":"https:\/\/localtrekkersperu.com\/es\/"},{"@type":"ListItem","position":2,"name":"Salkantay &amp; Caminos Alternativos","item":"https:\/\/localtrekkersperu.com\/es\/category\/salkantay-caminos-alternativos\/"},{"@type":"ListItem","position":3,"name":"Camino Lares Machu Picchu 3 d\u00edas \/ 2 noches"}]},{"@type":"WebSite","@id":"https:\/\/localtrekkersperu.com\/es\/#website","url":"https:\/\/localtrekkersperu.com\/es\/","name":"Local Trekkers Peru","description":"","publisher":{"@id":"https:\/\/localtrekkersperu.com\/es\/#organization"},"potentialAction":[{"@type":"SearchAction","target":{"@type":"EntryPoint","urlTemplate":"https:\/\/localtrekkersperu.com\/es\/?s={search_term_string}"},"query-input":{"@type":"PropertyValueSpecification","valueRequired":true,"valueName":"search_term_string"}}],"inLanguage":"es"},{"@type":"Organization","@id":"https:\/\/localtrekkersperu.com\/es\/#organization","name":"Local Trekkers Peru","url":"https:\/\/localtrekkersperu.com\/es\/","logo":{"@type":"ImageObject","inLanguage":"es","@id":"https:\/\/localtrekkersperu.com\/es\/#\/schema\/logo\/image\/","url":"https:\/\/localtrekkersperu.com\/wp-content\/uploads\/2024\/08\/logo.png","contentUrl":"https:\/\/localtrekkersperu.com\/wp-content\/uploads\/2024\/08\/logo.png","width":411,"height":122,"caption":"Local Trekkers Peru"},"image":{"@id":"https:\/\/localtrekkersperu.com\/es\/#\/schema\/logo\/image\/"}},{"@type":"Person","@id":"https:\/\/localtrekkersperu.com\/es\/#\/schema\/person\/babe2ac841b0da6e2402ca92d217bb6a","name":"admin_local","sameAs":["https:\/\/localtrekkersperu.com"]}]}},"author_meta":{"display_name":"admin_local","author_link":"https:\/\/localtrekkersperu.com\/es\/author\/admin_local\/"},"featured_img":"https:\/\/localtrekkersperu.com\/wp-content\/uploads\/2024\/09\/Lares-Trek-3days-1-300x169.webp","coauthors":[],"tax_additional":{"categories":{"linked":["<a href=\"https:\/\/localtrekkersperu.com\/es\/category\/salkantay-caminos-alternativos\/\" class=\"advgb-post-tax-term\">Salkantay &amp; Caminos Alternativos<\/a>"],"unlinked":["<span class=\"advgb-post-tax-term\">Salkantay &amp; Caminos Alternativos<\/span>"]}},"comment_count":"0","relative_dates":{"created":"Publicado 2 a\u00f1os hace","modified":"Actualizado 3 meses hace"},"absolute_dates":{"created":"Publicado el septiembre 18, 2024","modified":"Actualizado el enero 26, 2026"},"absolute_dates_time":{"created":"Publicado el septiembre 18, 2024 4:13 am","modified":"Actualizado el enero 26, 2026 11:47 pm"},"featured_img_caption":"Machu Picchu","series_order":"","_links":{"self":[{"href":"https:\/\/localtrekkersperu.com\/es\/wp-json\/wp\/v2\/posts\/311","targetHints":{"allow":["GET"]}}],"collection":[{"href":"https:\/\/localtrekkersperu.com\/es\/wp-json\/wp\/v2\/posts"}],"about":[{"href":"https:\/\/localtrekkersperu.com\/es\/wp-json\/wp\/v2\/types\/post"}],"author":[{"embeddable":true,"href":"https:\/\/localtrekkersperu.com\/es\/wp-json\/wp\/v2\/users\/1"}],"replies":[{"embeddable":true,"href":"https:\/\/localtrekkersperu.com\/es\/wp-json\/wp\/v2\/comments?post=311"}],"version-history":[{"count":6,"href":"https:\/\/localtrekkersperu.com\/es\/wp-json\/wp\/v2\/posts\/311\/revisions"}],"predecessor-version":[{"id":10793,"href":"https:\/\/localtrekkersperu.com\/es\/wp-json\/wp\/v2\/posts\/311\/revisions\/10793"}],"wp:featuredmedia":[{"embeddable":true,"href":"https:\/\/localtrekkersperu.com\/es\/wp-json\/wp\/v2\/media\/1195"}],"wp:attachment":[{"href":"https:\/\/localtrekkersperu.com\/es\/wp-json\/wp\/v2\/media?parent=311"}],"wp:term":[{"taxonomy":"category","embeddable":true,"href":"https:\/\/localtrekkersperu.com\/es\/wp-json\/wp\/v2\/categories?post=311"},{"taxonomy":"post_tag","embeddable":true,"href":"https:\/\/localtrekkersperu.com\/es\/wp-json\/wp\/v2\/tags?post=311"}],"curies":[{"name":"wp","href":"https:\/\/api.w.org\/{rel}","templated":true}]}}