{"id":299,"date":"2024-09-18T04:19:48","date_gmt":"2024-09-18T04:19:48","guid":{"rendered":"https:\/\/localtrekkersperu.com\/ausangate-mas-caminata-montana-arcoiris4-dias-y-3-noches-copy\/"},"modified":"2026-01-07T15:46:22","modified_gmt":"2026-01-07T15:46:22","slug":"ausangate-mas-caminata-montana-arcoiris-6-dias-y-5-noches","status":"publish","type":"post","link":"https:\/\/localtrekkersperu.com\/es\/ausangate-mas-caminata-montana-arcoiris-6-dias-y-5-noches\/","title":{"rendered":"Ausangate m\u00e1s Caminata Monta\u00f1a Arcoiris 6 D\u00edas y 5 Noches"},"content":{"rendered":"\n<div class=\"wp-block-columns is-layout-flex wp-container-core-columns-is-layout-9d6595d7 wp-block-columns-is-layout-flex\">\n<div class=\"wp-block-column is-layout-flow wp-block-column-is-layout-flow\" style=\"flex-basis:75%\">\n<h2 class=\"wp-block-heading\" id=\"h-ausangate-mas-caminata-montana-arcoiris-6-dias\"><strong>Ausangate m\u00e1s Caminata Monta\u00f1a Arcoiris 6 D\u00edas<\/strong><\/h2>\n\n\n    <div class=\"leer-mas-box\">\n        <!-- Escritorio: siempre texto completo -->\n        <div class=\"hidden md:block\">\n            <\/p>\n\n\n\n<p>\u00bfEst\u00e1s listo para el desaf\u00edo m\u00e1s gratificante de tu vida? La <strong>Ausangate Caminata Monta\u00f1a Arcoiris 6 D\u00edas<\/strong> es una expedici\u00f3n dise\u00f1ada para verdaderos exploradores que desean desconectarse del mundo moderno y sumergirse en la energ\u00eda pura de los Andes.<\/p>\n\n\n\n<p>A diferencia de las rutas comerciales, este recorrido te lleva por caminos intactos y paisajes que parecen no haber sido descubiertos. Con <strong>Local Trekkers Per\u00fa<\/strong>, vivir\u00e1s una experiencia exclusiva: grupos peque\u00f1os (m\u00e1ximo 7 invitados), servicio privado y un compromiso real con las comunidades locales.<\/p>\n\n\n\n<p>Prep\u00e1rate para noches bajo la V\u00eda L\u00e1ctea m\u00e1s brillante que jam\u00e1s hayas visto y d\u00edas desafiantes cruzando pasos de monta\u00f1a a m\u00e1s de 5,000 metros. Este <strong>Ausangate trek Cusco<\/strong> combina la majestuosidad del Apu Ausangate con la vibrante belleza de la Monta\u00f1a de Colores, todo lejos de las multitudes.<\/p>\n\n\n\n<p class=\"has-black-color has-text-color has-link-color has-medium-font-size wp-elements-b2b27f0debc5feef74bd57bcce1faec5\"><strong>Consideraciones Importantes<\/strong><\/p>\n\n\n\n<p><em>Antes de reservar, lee con atenci\u00f3n:<\/em><\/p>\n\n\n\n<ul class=\"wp-block-list\">\n<li><strong>Desaf\u00edo F\u00edsico:<\/strong> Esta ruta es exigente (Nivel 4-5\/5). Estar\u00e1s caminando constantemente por encima de los <strong>4,200 m (14,000 pies)<\/strong>.<\/li>\n\n\n\n<li><strong>Salud:<\/strong> Se requiere estar en buena forma f\u00edsica y saludable.<\/li>\n\n\n\n<li><strong>Aclimataci\u00f3n Obligatoria:<\/strong> Recomendamos encarecidamente pasar al menos <strong>2 a 3 d\u00edas en Cusco<\/strong> antes de iniciar para aclimatar el cuerpo. Bebe mucha agua los d\u00edas previos.<\/li>\n<\/ul>\n\n\n<p>        <\/div>\n\n        <!-- M\u00f3vil: con ver m\u00e1s \/ ver menos -->\n        <div class=\"block md:hidden mb-6 xl:mb-0\">\n            <p class=\"text-gray-700 text-justify font-nunito mb-3 text-base\">\n                <span class=\"texto-corto\">\n\n\n\n\u00bfEst\u00e1s listo para el desaf\u00edo m\u00e1s gratificante de tu vida? La Ausangate Caminata Monta\u00f1a Arcoiris 6 D\u00edas es una expedici\u00f3n dise\u00f1ada para verdaderos exploradores que desean desconectarse del mundo moderno y sumergirse en la energ\u00eda pura de los Andes.\n\n\n\nA diferencia de las rutas comerciales, este recorrido te lleva por caminos intactos y paisajes que parecen no haber sido descubiertos. Con Local Trekkers Per\u00fa, vivir\u00e1s una experiencia exclusiva: grupos peque\u00f1os (m\u00e1ximo 7 inv<\/span>\n                <span class=\"texto-extra hidden\">itados), servicio privado y un compromiso real con las comunidades locales.\n\n\n\nPrep\u00e1rate para noches bajo la V\u00eda L\u00e1ctea m\u00e1s brillante que jam\u00e1s hayas visto y d\u00edas desafiantes cruzando pasos de monta\u00f1a a m\u00e1s de 5,000 metros. Este Ausangate trek Cusco combina la majestuosidad del Apu Ausangate con la vibrante belleza de la Monta\u00f1a de Colores, todo lejos de las multitudes.\n\n\n\nConsideraciones Importantes\n\n\n\nAntes de reservar, lee con atenci\u00f3n:\n\n\n\n\nDesaf\u00edo F\u00edsico: Esta ruta es exigente (Nivel 4-5\/5). Estar\u00e1s caminando constantemente por encima de los 4,200 m (14,000 pies).\n\n\n\nSalud: Se requiere estar en buena forma f\u00edsica y saludable.\n\n\n\nAclimataci\u00f3n Obligatoria: Recomendamos encarecidamente pasar al menos 2 a 3 d\u00edas en Cusco antes de iniciar para aclimatar el cuerpo. Bebe mucha agua los d\u00edas previos.\n\n\n\n<\/span>\n                <span class=\"ver-mas-toggle cursor-pointer text-blue-600 hover:underline ml-1\">\n                    Ver M\u00e1s                <\/span>\n            <\/p>\n\n        <\/div>\n    <\/div>\n\n    <script>\n    document.addEventListener(\"DOMContentLoaded\", function() {\n        document.querySelectorAll(\".leer-mas-box\").forEach(function(box) {\n            let toggle = box.querySelector(\".ver-mas-toggle\");\n            let extra = box.querySelector(\".texto-extra\");\n\n            if (toggle) {\n                let seeMore = \"Ver M\u00e1s\";\n                let seeLess = \"Ver Menos\";\n\n                toggle.addEventListener(\"click\", function() {\n                    if (extra.classList.contains(\"hidden\")) {\n                        extra.classList.remove(\"hidden\");\n                        toggle.textContent = seeLess;\n                    } else {\n                        extra.classList.add(\"hidden\");\n                        toggle.textContent = seeMore;\n                    }\n                });\n            }\n        });\n    });\n    <\/script>\n    \n\n\n\n<div class=\"bg-gray-300 border-t border-x border-gray-400 py-1\">\n\n\n                                <span class=\"block text-center text-black\">Informaci\u00f3n \u00datil<\/span>\n                \n\n<\/div>\n<div class=\"flex\">\n    <div class=\"flex-1 border-y py-3 border-gray-400 border\">\n            <img decoding=\"async\" src=\"https:\/\/localtrekkersperu.com\/wp-content\/themes\/localtrekkers\/img\/icons\/location.svg\" class=\"mx-auto h-auto w-8\" alt=\"\">\n\n                                        <span class=\"block text-center mt-1 font-nunito font-semibold text-sm\">Lugares Visitados:<\/span>\n                \n            <span class=\"block text-center text-sm font-nunito text-gray-600\">Monta\u00f1a Ausangate, Lago Pucacocha, Monta\u00f1a Arcoiris<\/span>\n    <\/div>\n    <div class=\"flex-1 border-y py-3 border-gray-400 border-r\">\n            <img decoding=\"async\" src=\"https:\/\/localtrekkersperu.com\/wp-content\/themes\/localtrekkers\/img\/icons\/altitude.svg\" class=\"mx-auto h-auto w-9 -mt-1\" alt=\"\">\n\n                                         <span class=\"block text-center mt-1 font-nunito font-semibold text-sm\">Altitud Inicial:<\/span>\n                \n            <span class=\"block text-center text-sm font-nunito text-gray-600\">4400 msnm = 14435 Pies<\/span>\n    <\/div>\n    <div class=\"flex-1 border-y py-3 border-gray-400 border-r\">\n            <img decoding=\"async\" src=\"https:\/\/localtrekkersperu.com\/wp-content\/themes\/localtrekkers\/img\/icons\/point.svg\" class=\"mx-auto h-auto w-8\" alt=\"\">\n\n                                          <span class=\"block text-center mt-1 font-nunito font-semibold text-sm\">Punto m\u00e1s Alto:<\/span>\n                \n            <span class=\"block text-center text-sm font-nunito text-gray-600\">5100 msnm = 16732 Pies<\/span>\n    <\/div>\n    <div class=\"flex-1 border-y py-3 border-gray-400 border-r\">\n            <img decoding=\"async\" src=\"https:\/\/localtrekkersperu.com\/wp-content\/themes\/localtrekkers\/img\/icons\/group.svg\" class=\"mx-auto h-auto w-8\" alt=\"\">\n\n                                       <span class=\"block text-center mt-1 font-nunito font-semibold text-sm\">Grupo de Personas:<\/span>\n                \n            <span class=\"block text-center text-sm font-nunito text-gray-600\">2 pax min, max 10 paxs<\/span>\n    <\/div>\n    <div class=\"flex-1 border-y py-3 border-gray-400 border-r\">\n            <img decoding=\"async\" src=\"https:\/\/localtrekkersperu.com\/wp-content\/themes\/localtrekkers\/img\/icons\/level.svg\" class=\"mx-auto h-auto w-8\" alt=\"\">\n\n                                      <span class=\"block text-center mt-1 font-nunito font-semibold text-sm\">Nivel de Dificultad:<\/span>\n                \n            <span class=\"block text-center text-sm font-nunito text-gray-600\">5\/5<\/span>\n    <\/div>\n<\/div><\/div>\n\n\n\n<div class=\"wp-block-column is-layout-flow wp-block-column-is-layout-flow\" style=\"flex-basis:25%\">    \n    <div class=\"pl-1\">\n                    <div class=\"border bg-gray-100 py-4 rounded-md\">\n                <span class=\"block text-xl text-ltk2 font-extrabold text-center mb-2 uppercase font-nunito\">Ausangate m\u00e1s Caminata Monta\u00f1a Arcoiris 6 D\u00edas y 5 Noches<\/span>\n                <hr>\n                <div class=\"px-3 text-center py-2\">\n                    <span>From <\/span><span class=\"text-3xl font-semibold text-gray-800\">$ 650 <\/span><span>USD<\/span>\n                <\/div>\n\n                <div class=\"bg-white py-2 my-6 px-4 mx-4 border\">\n                    <span class=\"block text-gray-800 mb-2 font-bold font-nunito\">\u00bfPor qu\u00e9 reservar con nosotros?<\/span>\n                    <ul class=\"list-disc list-inside\">\n                        <li class=\"mb-2 text-sm border-b border-gray-100 pb-1\">Tenemos precios competitivos<\/li>\n                        <li class=\"mb-2 text-sm border-b border-gray-100 pb-1\">Servicio al cliente r\u00e1pido en todo momento<\/li>\n                        <li class=\"mb-2 text-sm border-b border-gray-100 pb-1\">Experiencia garantizada de por vida<\/li>\n                        <li class=\"mb-2 text-sm border-b border-gray-100 pb-1\">Tenemos responsabilidad social, realizamos trabajo social<\/li>\n                    <\/ul>\n                <\/div>\n\n                <a href=\"\/es\/formulario-de-reserva?tour=Ausangate+m%C3%A1s+Caminata+Monta%C3%B1a+Arcoiris+6+D%C3%ADas+y+5+Noches\" class=\"bg-red-600 px-8 text-center mx-4 py-2 rounded-md text-white text-xl block font-bold hover:bg-red-700 uppercase transition-all delay-150\">Reservar ahora<\/a>\n            <\/div>\n            <div class=\"mt-8\">\n                <a href=\"\/es\/contactos\/\" class=\"bg-ltk2 uppercase px-8 text-center mx-4 py-2 rounded-md text-white text-xl block font-bold hover:bg-red-700 transition-all delay-150\">CONT\u00c1CTENOS<\/a>\n            <\/div>\n\n            <\/div>\n    \n    \n<\/div>\n<\/div>\n\n\n\n                        \n\n<section>\n    <div class=\"swiper box-tours-swiper\">\n        <div class=\"swiper-wrapper pb-5\">\n                            <div class=\"swiper-slide\">\n                    <div class=\"bg-white p-2 border rounded-lg shadow-lg h-full\">\n                                                    <img decoding=\"async\" src=\"https:\/\/localtrekkersperu.com\/wp-content\/uploads\/2025\/09\/camping-equipment.webp\" class=\"w-full object-cover h-60 rounded-lg\" alt=\"Equipo de campamento\">\n                                                <div>\n                            <h3 class=\"text-base text-center font-semibold uppercase mt-2\">Equipo de campamento<\/h3>\n                            <a href=\"https:\/\/localtrekkersperu.com\/es\/nuestro-equipo-campamento\/\" class=\"bg-ltk hover:bg-gray-800 transition-all text-white py-1 rounded table mx-auto my-3 font-semibold px-8\">Ver M\u00e1s<\/a>\n                        <\/div>\n                    <\/div>\n                <\/div>\n                                <div class=\"swiper-slide\">\n                    <div class=\"bg-white p-2 border rounded-lg shadow-lg h-full\">\n                                                    <img decoding=\"async\" src=\"https:\/\/localtrekkersperu.com\/wp-content\/uploads\/2025\/09\/chefs-gastronomy.webp\" class=\"w-full object-cover h-60 rounded-lg\" alt=\"Cocineros &amp; Gastronom\u00eda\">\n                                                <div>\n                            <h3 class=\"text-base text-center font-semibold uppercase mt-2\">Cocineros &amp; Gastronom\u00eda<\/h3>\n                            <a href=\"https:\/\/localtrekkersperu.com\/es\/cocineros-gastronomia\/\" class=\"bg-ltk hover:bg-gray-800 transition-all text-white py-1 rounded table mx-auto my-3 font-semibold px-8\">Ver M\u00e1s<\/a>\n                        <\/div>\n                    <\/div>\n                <\/div>\n                                <div class=\"swiper-slide\">\n                    <div class=\"bg-white p-2 border rounded-lg shadow-lg h-full\">\n                                                    <img decoding=\"async\" src=\"https:\/\/localtrekkersperu.com\/wp-content\/uploads\/2025\/09\/our-team.webp\" class=\"w-full object-cover h-60 rounded-lg\" alt=\"Nuestro equipo\">\n                                                <div>\n                            <h3 class=\"text-base text-center font-semibold uppercase mt-2\">Nuestro equipo<\/h3>\n                            <a href=\"https:\/\/localtrekkersperu.com\/es\/porteros-y-guias\/\" class=\"bg-ltk hover:bg-gray-800 transition-all text-white py-1 rounded table mx-auto my-3 font-semibold px-8\">Ver M\u00e1s<\/a>\n                        <\/div>\n                    <\/div>\n                <\/div>\n                                <div class=\"swiper-slide\">\n                    <div class=\"bg-white p-2 border rounded-lg shadow-lg h-full\">\n                                                    <img decoding=\"async\" src=\"https:\/\/localtrekkersperu.com\/wp-content\/uploads\/2025\/09\/social-projects-scaled.webp\" class=\"w-full object-cover h-60 rounded-lg\" alt=\"Proyectos sociales\">\n                                                <div>\n                            <h3 class=\"text-base text-center font-semibold uppercase mt-2\">Proyectos sociales<\/h3>\n                            <a href=\"https:\/\/localtrekkersperu.com\/es\/responsabilidades-sociales\/\" class=\"bg-ltk hover:bg-gray-800 transition-all text-white py-1 rounded table mx-auto my-3 font-semibold px-8\">Ver M\u00e1s<\/a>\n                        <\/div>\n                    <\/div>\n                <\/div>\n                        <\/div>\n        \n        <!-- Navigation buttons -->\n        <div class=\"swiper-button-next\"><\/div>\n        <div class=\"swiper-button-prev\"><\/div>\n        \n        <!-- Pagination -->\n        <!-- <div class=\"swiper-pagination\"><\/div> -->\n    <\/div>\n<\/section>\n\n<div class=\"responsive-tabs\">\n<h2 class=\"tabtitle\">Itinerario<\/h2>\n<div class=\"tabcontent\">\n\n\n\n\n<h2 class=\"wp-block-heading\" id=\"h-dia-01-cusco-tinki-aguas-termales-de-upis\"><strong>D\u00eda 01: Cusco \u2013 Tinki \u2013 Aguas Termales de Upis<\/strong><\/h2>\n\n\n\n<p><em>El inicio del viaje hacia el Apu Ausangate.<\/em><\/p>\n\n\n\n<p><strong>7:00 AM \u2013 Partida:<\/strong> Salimos temprano de Cusco en nuestro bus privado hacia el sur. Durante el viaje hacia <strong>Ocongate<\/strong>, ver\u00e1s c\u00f3mo la ciudad queda atr\u00e1s y se impone la majestuosa Cadena de la Cordillera Vilcanota.<\/p>\n\n\n\n<p><strong>Encuentro en Tinki:<\/strong> Llegamos al pueblo de <strong>Tinki<\/strong>, donde conoceremos a nuestros jinetes y caballos, parte esencial de nuestro equipo de expedici\u00f3n.<\/p>\n\n\n\n<p><strong>Caminata a Upis:<\/strong> Iniciamos la caminata hacia la comunidad de <strong>Upis<\/strong> (4,400 msnm). Aqu\u00ed almorzaremos con una vista privilegiada de la cara norte del Ausangate, rodeados de flora y fauna andina.<\/p>\n\n\n\n<p><strong>Relax Termal:<\/strong> Al llegar a nuestro primer campamento, tendr\u00e1s la recompensa perfecta: disfrutar de las <strong>Aguas Termales de Upis<\/strong>. Relaja los m\u00fasculos antes de una cena reparadora bajo las estrellas.<\/p>\n\n\n\n<p><strong>DATOS CLAVE \u2013 D\u00cdA 1<\/strong><\/p>\n\n\n\n<ul class=\"wp-block-list\">\n<li><strong>Destino:<\/strong> Upis (4,400 msnm).<\/li>\n\n\n\n<li><strong>Actividad:<\/strong> Caminata + Termas.<\/li>\n\n\n\n<li><strong>Comidas:<\/strong> Almuerzo y Cena.<\/li>\n<\/ul>\n\n\n\n<figure class=\"wp-block-image size-full\"><img loading=\"lazy\" decoding=\"async\" width=\"1400\" height=\"450\" src=\"https:\/\/localtrekkersperu.com\/wp-content\/uploads\/2024\/09\/image-386.webp\" alt=\"Ausangate m\u00e1s Caminata Monta\u00f1a Arcoiris 6 D\u00edas\" class=\"wp-image-5856\" title=\"Ausangate m\u00e1s Caminata Monta\u00f1a Arcoiris - Local Trekkers Peru\" srcset=\"https:\/\/localtrekkersperu.com\/wp-content\/uploads\/2024\/09\/image-386.webp 1400w, https:\/\/localtrekkersperu.com\/wp-content\/uploads\/2024\/09\/image-386-300x96.webp 300w, https:\/\/localtrekkersperu.com\/wp-content\/uploads\/2024\/09\/image-386-1024x329.webp 1024w, https:\/\/localtrekkersperu.com\/wp-content\/uploads\/2024\/09\/image-386-768x247.webp 768w\" sizes=\"auto, (max-width: 1400px) 100vw, 1400px\" \/><\/figure>\n\n\n\n<h2 class=\"wp-block-heading\" id=\"h-dia-02-upis-paso-arapa-laguna-ausangate\"><strong>D\u00eda 02: Upis \u2013 Paso Arapa \u2013 Laguna Ausangate<\/strong><\/h2>\n\n\n\n<p><em>Turquesas andinos y pasos de monta\u00f1a.<\/em><\/p>\n\n\n\n<p><strong>Desayuno y Ascenso:<\/strong> Despertamos temprano para cruzar el <strong>Paso Arapa<\/strong> (4,850 msnm). Las vistas desde la cima son espectaculares.<\/p>\n\n\n\n<p><strong>Ruta de las Lagunas:<\/strong> Descendemos por el valle durante tres horas, pasando por la hermosa laguna <strong>Pucaqocha<\/strong> hasta llegar a <strong>Hatun Pucaqocha<\/strong>.<\/p>\n\n\n\n<p><strong>Segundo Paso y Campamento:<\/strong> Subimos nuevamente hacia el <strong>Paso Laguna<\/strong> (4,850 msnm). Desde aqu\u00ed, la vista de la <strong>Laguna Ausangate Qocha<\/strong> y sus aguas azules alimentadas por el deshielo es impresionante. Acamparemos cerca de esta maravilla natural.<\/p>\n\n\n\n<p><strong>DATOS CLAVE \u2013 D\u00cdA 2<\/strong><\/p>\n\n\n\n<ul class=\"wp-block-list\">\n<li><strong>Punto m\u00e1s alto:<\/strong> Pasos Arapa y Laguna (4,850 msnm).<\/li>\n\n\n\n<li><strong>Alojamiento:<\/strong> Campamento en Ausangate Qocha.<\/li>\n\n\n\n<li><strong>Highlight:<\/strong> Lagunas glaciares.<\/li>\n<\/ul>\n\n\n\n<figure class=\"wp-block-image size-full\"><img loading=\"lazy\" decoding=\"async\" width=\"1350\" height=\"450\" src=\"https:\/\/localtrekkersperu.com\/wp-content\/uploads\/2024\/09\/image-387.webp\" alt=\"\" class=\"wp-image-5859\" title=\"Ausangate m\u00e1s Caminata Monta\u00f1a Arcoiris - Local Trekkers Peru\" srcset=\"https:\/\/localtrekkersperu.com\/wp-content\/uploads\/2024\/09\/image-387.webp 1350w, https:\/\/localtrekkersperu.com\/wp-content\/uploads\/2024\/09\/image-387-300x100.webp 300w, https:\/\/localtrekkersperu.com\/wp-content\/uploads\/2024\/09\/image-387-1024x341.webp 1024w, https:\/\/localtrekkersperu.com\/wp-content\/uploads\/2024\/09\/image-387-768x256.webp 768w\" sizes=\"auto, (max-width: 1350px) 100vw, 1350px\" \/><\/figure>\n\n\n\n<h2 class=\"wp-block-heading\" id=\"h-dia-03-laguna-ausangate-paso-palomani-vinicunca\"><strong>D\u00eda 03: Laguna Ausangate \u2013 Paso Palomani \u2013 Vinicunca<\/strong><\/h2>\n\n\n\n<p><em>El techo de la expedici\u00f3n y la Monta\u00f1a Roja.<\/em><\/p>\n\n\n\n<p><strong>El Gran Desaf\u00edo:<\/strong> Desayunamos con los primeros rayos del sol. Hoy enfrentamos el reto mayor: ascender al <strong>Paso Palomani<\/strong> (5,100 msnm), el punto m\u00e1s alto donde obtendr\u00e1s la verdadera vista panor\u00e1mica de <strong>the Ausangate trek<\/strong>.<\/p>\n\n\n\n<p><strong>Rumbo a Vinicunca:<\/strong> Descendemos por una ruta impresionante hasta llegar a la zona de <strong>Vinicunca<\/strong>. Aqu\u00ed ser\u00e1s testigo del magn\u00edfico Cerro Colorado (Monta\u00f1a Roja), un paisaje marciano formado por sedimentos minerales.<\/p>\n\n\n\n<p><strong>Campamento Exclusivo:<\/strong> Instalamos nuestro tercer campamento en esta zona, lo que nos permite disfrutar de estos paisajes sin las prisas de los tours de un d\u00eda.<\/p>\n\n\n\n<p><strong>DATOS CLAVE \u2013 D\u00cdA 3<\/strong><\/p>\n\n\n\n<ul class=\"wp-block-list\">\n<li><strong>Punto m\u00e1s alto:<\/strong> Paso Palomani (5,100 msnm \/ 16,732 pies).<\/li>\n\n\n\n<li><strong>Destino:<\/strong> Vinicunca.<\/li>\n\n\n\n<li><strong>Highlight:<\/strong> Paso m\u00e1s alto y Monta\u00f1a Roja.<\/li>\n<\/ul>\n\n\n\n<figure class=\"wp-block-image size-full\"><img loading=\"lazy\" decoding=\"async\" width=\"1400\" height=\"450\" src=\"https:\/\/localtrekkersperu.com\/wp-content\/uploads\/2024\/09\/image-388.webp\" alt=\"\" class=\"wp-image-5862\" title=\"Ausangate m\u00e1s Caminata Monta\u00f1a Arcoiris - Local Trekkers Peru\" srcset=\"https:\/\/localtrekkersperu.com\/wp-content\/uploads\/2024\/09\/image-388.webp 1400w, https:\/\/localtrekkersperu.com\/wp-content\/uploads\/2024\/09\/image-388-300x96.webp 300w, https:\/\/localtrekkersperu.com\/wp-content\/uploads\/2024\/09\/image-388-1024x329.webp 1024w, https:\/\/localtrekkersperu.com\/wp-content\/uploads\/2024\/09\/image-388-768x247.webp 768w\" sizes=\"auto, (max-width: 1400px) 100vw, 1400px\" \/><\/figure>\n\n\n\n<h2 class=\"wp-block-heading\" id=\"h-dia-04-vinicunca-paso-apacheta-ticllaqocha\"><strong>D\u00eda 04: Vinicunca \u2013 Paso Apacheta \u2013 Ticllaqocha<\/strong><\/h2>\n\n\n\n<p><em>Senderos colorados y valles solitarios.<\/em><\/p>\n\n\n\n<p><strong>Caminata por el Valle Rojo:<\/strong> Hoy exploramos la zona de <strong>Ticllaqocha<\/strong>, acompa\u00f1ados por senderos de tierra roja y mineralizada. Ascendemos hasta el <strong>Paso Apacheta<\/strong>.<\/p>\n\n\n\n<p><strong>Descenso Esc\u00e9nico:<\/strong> Bajamos hacia <strong>Huchuy Jampa<\/strong> y seguimos por un sendero m\u00e1s ligero y contemplativo hasta llegar a la laguna de <strong>Ticllaqocha<\/strong>.<\/p>\n\n\n\n<p><strong>Noche en los Andes:<\/strong> Nuestro campamento nos espera en este paraje solitario y hermoso. Disfruta de la cena y el silencio absoluto de la monta\u00f1a.<\/p>\n\n\n\n<p><strong>DATOS CLAVE \u2013 D\u00cdA 4<\/strong><\/p>\n\n\n\n<ul class=\"wp-block-list\">\n<li><strong>Actividad:<\/strong> Exploraci\u00f3n de valles rojos y pasos.<\/li>\n\n\n\n<li><strong>Alojamiento:<\/strong> Campamento en Ticllaqocha.<\/li>\n\n\n\n<li><strong>Comidas:<\/strong> Desayuno, Almuerzo y Cena.<\/li>\n<\/ul>\n\n\n\n<figure class=\"wp-block-image size-full\"><img loading=\"lazy\" decoding=\"async\" width=\"1400\" height=\"500\" src=\"https:\/\/localtrekkersperu.com\/wp-content\/uploads\/2024\/09\/image-389.webp\" alt=\"Ausangate m\u00e1s Caminata Monta\u00f1a Arcoiris 6 D\u00edas\" class=\"wp-image-5865\" title=\"Ausangate m\u00e1s Caminata Monta\u00f1a Arcoiris - Local Trekkers Peru\" srcset=\"https:\/\/localtrekkersperu.com\/wp-content\/uploads\/2024\/09\/image-389.webp 1400w, https:\/\/localtrekkersperu.com\/wp-content\/uploads\/2024\/09\/image-389-300x107.webp 300w, https:\/\/localtrekkersperu.com\/wp-content\/uploads\/2024\/09\/image-389-1024x366.webp 1024w, https:\/\/localtrekkersperu.com\/wp-content\/uploads\/2024\/09\/image-389-768x274.webp 768w\" sizes=\"auto, (max-width: 1400px) 100vw, 1400px\" \/><\/figure>\n\n\n\n<h2 class=\"wp-block-heading\" id=\"h-dia-05-ticllaqocha-paso-jampa-pacchanta\"><strong>D\u00eda 05: Ticllaqocha \u2013 Paso Jampa \u2013 Pacchanta<\/strong><\/h2>\n\n\n\n<p><em>La \u00faltima cumbre y el merecido descanso.<\/em><\/p>\n\n\n\n<p><strong>Amanecer Andino:<\/strong> Nos levantamos temprano, recibidos por la inmensidad de los Andes. Iniciamos el ascenso al <strong>Paso Jampa<\/strong> (5,100 msnm).<\/p>\n\n\n\n<p><strong>Descenso a las Lagunas:<\/strong> Desde la cima, descendemos observando una cadena de lagos brillantes. El sendero se suaviza mientras apreciamos los paisajes cambiantes hasta llegar al pueblo de <strong>Pacchanta<\/strong> (4,200 msnm).<\/p>\n\n\n\n<p><strong>Celebraci\u00f3n en Aguas Termales:<\/strong> Este es nuestro \u00faltimo campamento. Para celebrar el \u00e9xito de la caminata, tendr\u00e1s la oportunidad de relajar tus m\u00fasculos cansados en las famosas <strong>Aguas Termales de Pacchanta<\/strong>.<\/p>\n\n\n\n<p><strong>DATOS CLAVE \u2013 D\u00cdA 5<\/strong><\/p>\n\n\n\n<ul class=\"wp-block-list\">\n<li><strong>Punto m\u00e1s alto:<\/strong> Paso Jampa (5,100 msnm).<\/li>\n\n\n\n<li><strong>Destino:<\/strong> Pacchanta (4,200 msnm).<\/li>\n\n\n\n<li><strong>Highlight:<\/strong> Termas de Pacchanta.<\/li>\n<\/ul>\n\n\n\n<figure class=\"wp-block-image size-full\"><img loading=\"lazy\" decoding=\"async\" width=\"1400\" height=\"450\" src=\"https:\/\/localtrekkersperu.com\/wp-content\/uploads\/2024\/09\/image-390.webp\" alt=\"Ausangate m\u00e1s Caminata Monta\u00f1a Arcoiris 6 D\u00edas\" class=\"wp-image-5868\" title=\"Ausangate m\u00e1s Caminata Monta\u00f1a Arcoiris - Local Trekkers Peru\" srcset=\"https:\/\/localtrekkersperu.com\/wp-content\/uploads\/2024\/09\/image-390.webp 1400w, https:\/\/localtrekkersperu.com\/wp-content\/uploads\/2024\/09\/image-390-300x96.webp 300w, https:\/\/localtrekkersperu.com\/wp-content\/uploads\/2024\/09\/image-390-1024x329.webp 1024w, https:\/\/localtrekkersperu.com\/wp-content\/uploads\/2024\/09\/image-390-768x247.webp 768w\" sizes=\"auto, (max-width: 1400px) 100vw, 1400px\" \/><\/figure>\n\n\n\n<h2 class=\"wp-block-heading\" id=\"h-dia-06-pacchanta-tinki-cusco\"><strong>D\u00eda 06: Pacchanta \u2013 Tinki \u2013 Cusco<\/strong><\/h2>\n\n\n\n<p><em>El retorno a casa con el esp\u00edritu renovado.<\/em><\/p>\n\n\n\n<p><strong>Despedida:<\/strong> Hoy es el \u00faltimo d\u00eda de nuestra traves\u00eda. Desayunamos con calma, atesorando los recuerdos y paisajes que hemos explorado.<\/p>\n\n\n\n<p><strong>Caminata Final:<\/strong> Descendemos hacia el pueblo de <strong>Tinki<\/strong> (3,950 m), donde nuestro transporte nos estar\u00e1 esperando.<\/p>\n\n\n\n<p><strong>Retorno a la Ciudad Imperial:<\/strong> Emprendemos el viaje de regreso a <strong>Cusco<\/strong>, llegando con la satisfacci\u00f3n de haber completado una de las caminatas m\u00e1s bellas y exigentes del mundo.<\/p>\n\n\n\n<p><strong>DATOS CLAVE \u2013 D\u00cdA 6<\/strong><\/p>\n\n\n\n<ul class=\"wp-block-list\">\n<li><strong>Actividad:<\/strong> Caminata final y traslado en bus.<\/li>\n\n\n\n<li><strong>Fin del servicio:<\/strong> Cusco.<\/li>\n<\/ul>\n\n\n\n<figure class=\"wp-block-image size-full\"><img loading=\"lazy\" decoding=\"async\" width=\"1350\" height=\"450\" src=\"https:\/\/localtrekkersperu.com\/wp-content\/uploads\/2024\/09\/image-391.webp\" alt=\"Ausangate m\u00e1s Caminata Monta\u00f1a Arcoiris 6 D\u00edas\" class=\"wp-image-5871\" title=\"Ausangate m\u00e1s Caminata Monta\u00f1a Arcoiris - Local Trekkers Peru\" srcset=\"https:\/\/localtrekkersperu.com\/wp-content\/uploads\/2024\/09\/image-391.webp 1350w, https:\/\/localtrekkersperu.com\/wp-content\/uploads\/2024\/09\/image-391-300x100.webp 300w, https:\/\/localtrekkersperu.com\/wp-content\/uploads\/2024\/09\/image-391-1024x341.webp 1024w, https:\/\/localtrekkersperu.com\/wp-content\/uploads\/2024\/09\/image-391-768x256.webp 768w\" sizes=\"auto, (max-width: 1350px) 100vw, 1350px\" \/><\/figure>\n\n\n\n<h3 class=\"wp-block-heading\"><strong>\u00bfPor qu\u00e9 elegir esta expedici\u00f3n de 6 d\u00edas?<\/strong><\/h3>\n\n\n\n<p>La <strong>Ausangate Caminata Monta\u00f1a Arcoiris 6 D\u00edas<\/strong> es mucho m\u00e1s que turismo; es un viaje interior. Al elegir esta ruta extendida, te das el regalo del tiempo: tiempo para admirar, tiempo para respirar y tiempo para conectar profundamente con el <strong>ausangate trek<\/strong>.<\/p>\n\n\n\n<p><strong>\u00bfEst\u00e1s listo para tocar el cielo de los Andes?<\/strong> Reserva ahora tu lugar en esta aventura exclusiva.<\/p>\n\n\n\n<\/div><h2 class=\"tabtitle\">Map<\/h2>\n<div class=\"tabcontent\">\n\n\n\n\n<figure data-wp-context=\"{&quot;imageId&quot;:&quot;69f3dc52b209c&quot;}\" data-wp-interactive=\"core\/image\" data-wp-key=\"69f3dc52b209c\" class=\"wp-block-image size-full wp-lightbox-container\"><img decoding=\"async\" data-wp-class--hide=\"state.isContentHidden\" data-wp-class--show=\"state.isContentVisible\" data-wp-init=\"callbacks.setButtonStyles\" data-wp-on--click=\"actions.showLightbox\" data-wp-on--load=\"callbacks.setButtonStyles\" data-wp-on-window--resize=\"callbacks.setButtonStyles\" src=\"https:\/\/localtrekkersperu.com\/wp-content\/uploads\/2024\/09\/Mapa-Ausangate-Trek-6d-LTP-scaled.png\" alt=\"\" class=\"wp-image-10218\"\/><button\n\t\t\tclass=\"lightbox-trigger\"\n\t\t\ttype=\"button\"\n\t\t\taria-haspopup=\"dialog\"\n\t\t\taria-label=\"Agrandar\"\n\t\t\tdata-wp-init=\"callbacks.initTriggerButton\"\n\t\t\tdata-wp-on--click=\"actions.showLightbox\"\n\t\t\tdata-wp-style--right=\"state.imageButtonRight\"\n\t\t\tdata-wp-style--top=\"state.imageButtonTop\"\n\t\t>\n\t\t\t<svg xmlns=\"http:\/\/www.w3.org\/2000\/svg\" width=\"12\" height=\"12\" fill=\"none\" viewBox=\"0 0 12 12\">\n\t\t\t\t<path fill=\"#fff\" d=\"M2 0a2 2 0 0 0-2 2v2h1.5V2a.5.5 0 0 1 .5-.5h2V0H2Zm2 10.5H2a.5.5 0 0 1-.5-.5V8H0v2a2 2 0 0 0 2 2h2v-1.5ZM8 12v-1.5h2a.5.5 0 0 0 .5-.5V8H12v2a2 2 0 0 1-2 2H8Zm2-12a2 2 0 0 1 2 2v2h-1.5V2a.5.5 0 0 0-.5-.5H8V0h2Z\" \/>\n\t\t\t<\/svg>\n\t\t<\/button><\/figure>\n\n\n\n<\/div><h2 class=\"tabtitle\">Incluye<\/h2>\n<div class=\"tabcontent\">\n\n\n\n\n<h3 class=\"wp-block-heading\" id=\"h-incluye\">Incluye:<\/h3>\n\n\n\n<ul class=\"wp-block-list\">\n<li>Gu\u00eda tur\u00edstico biling\u00fce y certificado<\/li>\n\n\n\n<li>Una sesi\u00f3n informativa sobre la caminata con su gu\u00eda el d\u00eda anterior<\/li>\n\n\n\n<li>Recogida desde su alojamiento en Cusco<\/li>\n\n\n\n<li>Transporte privado para ir al Trail Head<\/li>\n\n\n\n<li>Ceremonia andina, ofrenda a la madre tierra en el Paso Ausangate<\/li>\n\n\n\n<li>Entradas al Parque Ausangate, Monta\u00f1a Arco\u00edris y Valle Rojo&nbsp;<\/li>\n\n\n\n<li>Una bolsa de lona donde puedes poner dentro 08 kilos de tus cosas personales (lo llevar\u00e1n los caballos o las mulas)<\/li>\n\n\n\n<li>Caballos o mulas y arriero para llevar equipos de campamento y utensilios de cocina<\/li>\n\n\n\n<li>Transporte privado de regreso a Cusco.<\/li>\n\n\n\n<li>Carpas de cuatro estaciones (2 trekkers en cada una) tendr\u00e1s suficiente espacio para poner cosas dentro<\/li>\n\n\n\n<li>Equipo de campamento (Carpa cocina, sillas port\u00e1tiles y mesa)<\/li>\n\n\n\n<li>Colchones<\/li>\n\n\n\n<li>3 comidas por d\u00eda durante la caminata (comida servida en forma de buffet)<\/li>\n\n\n\n<li>Cocinero Profesional<\/li>\n\n\n\n<li>Snack para cada d\u00eda de trekking<\/li>\n\n\n\n<li>Agua hervida para beber durante la caminata<\/li>\n\n\n\n<li>Disponibilidad de comidas a su preferencia (vegetariana, vegana, sin gluten, pesquetariana, etc)<\/li>\n\n\n\n<li>Botiqu\u00edn de primeros auxilios, con bal\u00f3n de ox\u00edgeno.<\/li>\n\n\n\n<li>Un Superviviente T \u2013 camiseta, para cada miembro del grupo<\/li>\n<\/ul>\n\n\n\n<h3 class=\"wp-block-heading\" id=\"h-no-incluyes\">No Incluyes:<\/h3>\n\n\n\n<ul class=\"wp-block-list\">\n<li>Gastos extra si quieres comprar cosas a lo largo del camino<\/li>\n\n\n\n<li>Bolsas de dormir (puede alquilar con nosotros que cuestan 20 d\u00f3lares por una profesional, que puede soportar hasta -15 grados cent\u00edgrados o 5 grados Farenheit)<\/li>\n\n\n\n<li>Bastones (puede alquilar con nosotros, que cuestan 20 d\u00f3lares por un par profesional de diamantes negros)<\/li>\n\n\n\n<li>Agua mineral (puedes comprar una botella de agua mineral en algunos campings)<\/li>\n\n\n\n<li>Primer desayuno y \u00faltimo almuerzo y cena<\/li>\n\n\n\n<li>Caballo o mula extra para llevar mochilas extra o para montar, cada caballo cuesta (150 d\u00f3lares por Caballo o mula)<\/li>\n\n\n\n<li>Consejos para el equipo (No es obligatorio pero si deseas hacerlo ser\u00e1 bienvenido).<\/li>\n<\/ul>\n\n\n\n<\/div><h2 class=\"tabtitle\">Lista de Empaque<\/h2>\n<div class=\"tabcontent\">\n\n\n\n\n<h3 class=\"wp-block-heading\" id=\"h-lista-de-empaque\"><strong>LISTA DE EMPAQUE<\/strong><\/h3>\n\n\n\n<ul class=\"wp-block-list\">\n<li>Pasaporte original<\/li>\n\n\n\n<li>Una tarjeta de estudiante v\u00e1lida si reserva esta caminata como estudiante (25 a\u00f1os como m\u00e1ximo)<\/li>\n\n\n\n<li>Tarjeta de seguro de viaje (debe informar el nombre de su compa\u00f1\u00eda de seguro de viaje y su n\u00famero de seguro de viaje)<\/li>\n\n\n\n<li>Un paquete de d\u00eda peque\u00f1o<\/li>\n\n\n\n<li>Capa de lluvia o Poncho de lluvia<\/li>\n\n\n\n<li>Ropa Fr\u00eda (Para el primer y Segundo d\u00eda)<\/li>\n\n\n\n<li>Camisetas y pantalones de trekking<\/li>\n\n\n\n<li>Zapatos de senderismo impermeables<\/li>\n\n\n\n<li>Botella de agua<\/li>\n\n\n\n<li>Luz de destello<\/li>\n\n\n\n<li>Toalla<\/li>\n\n\n\n<li>Papel higi\u00e9nico<\/li>\n\n\n\n<li>Bloqueador solar<\/li>\n\n\n\n<li>Gafas de sol<\/li>\n\n\n\n<li>Gorras o Sombreros<\/li>\n\n\n\n<li>Guantes (para el primer y segundo d\u00eda)<\/li>\n\n\n\n<li>Repelente de insectos (30% DEET recomendado)<\/li>\n\n\n\n<li>Bolsas de dormir<\/li>\n\n\n\n<li>Bastones<\/li>\n\n\n\n<li>Cosas de uso personal (crema hidratante facial, desinfectante de manos, cepillo y pasta de dientes, etc.)<\/li>\n\n\n\n<li>C\u00e1mara con bater\u00edas adicionales<\/li>\n\n\n\n<li>Dinero extra, especialmente en soles, para comprar art\u00edculos de primera necesidad durante el trekking, tambi\u00e9n para dar propina al equipo. (opcional)<\/li>\n<\/ul>\n\n\n\n<h3 class=\"wp-block-heading\" id=\"h-actitud-nbsp-mente-nbsp-positiva\">ACTITUD&nbsp;<strong>MENTE&nbsp;<\/strong>POSITIVA<\/h3>\n\n\n\n<\/div><h2 class=\"tabtitle\">Price<\/h2>\n<div class=\"tabcontent\">\n\n\n\n\n<h2 class=\"wp-block-heading has-text-align-center\" id=\"h-precio-2025-2026\" style=\"font-size:26px\">Precio 2025 &#8211; 2026<\/h2>\n\n\n\n<figure class=\"wp-block-table\"><table class=\"has-fixed-layout\"><tbody><tr><th class=\"has-text-align-center\" data-align=\"center\" colspan=\"5\">N\u00famero de Personas para SERVICIO PRIVADO:<\/th><\/tr><tr><td class=\"has-text-align-center\" data-align=\"center\">2<\/td><td class=\"has-text-align-center\" data-align=\"center\">3<\/td><td class=\"has-text-align-center\" data-align=\"center\">4<\/td><td class=\"has-text-align-center\" data-align=\"center\">5-6<\/td><td class=\"has-text-align-center\" data-align=\"center\">7-10<\/td><\/tr><tr><th class=\"has-text-align-center\" data-align=\"center\" colspan=\"5\">Precio USD$ (por persona):<\/th><\/tr><tr><td class=\"has-text-align-center\" data-align=\"center\">730 USD$<\/td><td class=\"has-text-align-center\" data-align=\"center\">720 USD$<\/td><td class=\"has-text-align-center\" data-align=\"center\">700 USD$<\/td><td class=\"has-text-align-center\" data-align=\"center\">680 USD$<\/td><td class=\"has-text-align-center\" data-align=\"center\">650 USD$<\/td><\/tr><\/tbody><\/table><\/figure>\n\n\n\n<figure class=\"wp-block-table\"><table class=\"has-fixed-layout\"><tbody><tr><th class=\"has-text-align-center\" data-align=\"center\" colspan=\"5\">N\u00famero de Personas para SERVICIO PRIVADO:<\/th><\/tr><tr><td class=\"has-text-align-center\" data-align=\"center\">2<\/td><td class=\"has-text-align-center\" data-align=\"center\">3<\/td><td class=\"has-text-align-center\" data-align=\"center\">4<\/td><td class=\"has-text-align-center\" data-align=\"center\">5-6<\/td><td class=\"has-text-align-center\" data-align=\"center\">7-10<\/td><\/tr><tr><th class=\"has-text-align-center\" data-align=\"center\" colspan=\"5\">Precio USD$ (por persona):<\/th><\/tr><tr><td class=\"has-text-align-center\" data-align=\"center\">850 USD$<\/td><td class=\"has-text-align-center\" data-align=\"center\">830 USD$<\/td><td class=\"has-text-align-center\" data-align=\"center\">800 USD$<\/td><td class=\"has-text-align-center\" data-align=\"center\">780 USD$<\/td><td class=\"has-text-align-center\" data-align=\"center\">750 USD$<\/td><\/tr><\/tbody><\/table><\/figure>\n\n\n<\/div><\/div>\n\n\n\n<p><\/p>\n\n\n\n<p><\/p>\n","protected":false},"excerpt":{"rendered":"<p>Ausangate m\u00e1s Caminata Monta\u00f1a Arcoiris 6 D\u00edas D\u00eda 01: Cusco \u2013 Tinki \u2013 Aguas Termales de Upis El inicio del viaj&#8230;<\/p>\n","protected":false},"author":1,"featured_media":1150,"comment_status":"closed","ping_status":"open","sticky":false,"template":"","format":"standard","meta":{"_acf_changed":false,"advgb_blocks_editor_width":"","advgb_blocks_columns_visual_guide":"","footnotes":""},"categories":[21],"tags":[],"class_list":["post-299","post","type-post","status-publish","format-standard","has-post-thumbnail","hentry","category-salkantay-caminos-alternativos"],"acf":[],"yoast_head":"<!-- This site is optimized with the Yoast SEO Premium plugin v25.2 (Yoast SEO v27.4) - https:\/\/yoast.com\/product\/yoast-seo-premium-wordpress\/ -->\n<title>Ausangate m\u00e1s Caminata Monta\u00f1a Arcoiris 6 D\u00edas y 5 Noches - Local Trekkers Peru<\/title>\n<meta name=\"description\" content=\"Vive un trekking inolvidable conel tour Ausangate m\u00e1s Caminata Monta\u00f1a Arcoiris 6 D\u00edas Aventura, cultura andina y paisajes \u00fanicos te esperan.\" \/>\n<meta name=\"robots\" content=\"index, follow, max-snippet:-1, max-image-preview:large, max-video-preview:-1\" \/>\n<link rel=\"canonical\" href=\"https:\/\/localtrekkersperu.com\/es\/ausangate-mas-caminata-montana-arcoiris-6-dias-y-5-noches\/\" \/>\n<meta property=\"og:locale\" content=\"es_ES\" \/>\n<meta property=\"og:type\" content=\"article\" \/>\n<meta property=\"og:title\" content=\"Ausangate m\u00e1s Caminata Monta\u00f1a Arcoiris 6 D\u00edas y 5 Noches\" \/>\n<meta property=\"og:description\" content=\"Vive un trekking inolvidable conel tour Ausangate m\u00e1s Caminata Monta\u00f1a Arcoiris 6 D\u00edas Aventura, cultura andina y paisajes \u00fanicos te esperan.\" \/>\n<meta property=\"og:url\" content=\"https:\/\/localtrekkersperu.com\/es\/ausangate-mas-caminata-montana-arcoiris-6-dias-y-5-noches\/\" \/>\n<meta property=\"og:site_name\" content=\"Local Trekkers Peru\" \/>\n<meta property=\"article:published_time\" content=\"2024-09-18T04:19:48+00:00\" \/>\n<meta property=\"article:modified_time\" content=\"2026-01-07T15:46:22+00:00\" \/>\n<meta property=\"og:image\" content=\"https:\/\/localtrekkersperu.com\/wp-content\/uploads\/2024\/09\/Ausangate-Trek-Rainbow-Mountain-6days-4.webp\" \/>\n\t<meta property=\"og:image:width\" content=\"2000\" \/>\n\t<meta property=\"og:image:height\" content=\"1200\" \/>\n\t<meta property=\"og:image:type\" content=\"image\/webp\" \/>\n<meta name=\"author\" content=\"admin_local\" \/>\n<meta name=\"twitter:card\" content=\"summary_large_image\" \/>\n<meta name=\"twitter:label1\" content=\"Escrito por\" \/>\n\t<meta name=\"twitter:data1\" content=\"admin_local\" \/>\n\t<meta name=\"twitter:label2\" content=\"Tiempo de lectura\" \/>\n\t<meta name=\"twitter:data2\" content=\"8 minutos\" \/>\n<script type=\"application\/ld+json\" class=\"yoast-schema-graph\">{\"@context\":\"https:\\\/\\\/schema.org\",\"@graph\":[{\"@type\":\"Article\",\"@id\":\"https:\\\/\\\/localtrekkersperu.com\\\/es\\\/ausangate-mas-caminata-montana-arcoiris-6-dias-y-5-noches\\\/#article\",\"isPartOf\":{\"@id\":\"https:\\\/\\\/localtrekkersperu.com\\\/es\\\/ausangate-mas-caminata-montana-arcoiris-6-dias-y-5-noches\\\/\"},\"author\":{\"name\":\"admin_local\",\"@id\":\"https:\\\/\\\/localtrekkersperu.com\\\/es\\\/#\\\/schema\\\/person\\\/babe2ac841b0da6e2402ca92d217bb6a\"},\"headline\":\"Ausangate m\u00e1s Caminata Monta\u00f1a Arcoiris 6 D\u00edas y 5 Noches\",\"datePublished\":\"2024-09-18T04:19:48+00:00\",\"dateModified\":\"2026-01-07T15:46:22+00:00\",\"mainEntityOfPage\":{\"@id\":\"https:\\\/\\\/localtrekkersperu.com\\\/es\\\/ausangate-mas-caminata-montana-arcoiris-6-dias-y-5-noches\\\/\"},\"wordCount\":1552,\"publisher\":{\"@id\":\"https:\\\/\\\/localtrekkersperu.com\\\/es\\\/#organization\"},\"image\":{\"@id\":\"https:\\\/\\\/localtrekkersperu.com\\\/es\\\/ausangate-mas-caminata-montana-arcoiris-6-dias-y-5-noches\\\/#primaryimage\"},\"thumbnailUrl\":\"https:\\\/\\\/localtrekkersperu.com\\\/wp-content\\\/uploads\\\/2024\\\/09\\\/Ausangate-Trek-Rainbow-Mountain-6days-4.webp\",\"articleSection\":[\"Salkantay &amp; Caminos Alternativos\"],\"inLanguage\":\"es\"},{\"@type\":\"WebPage\",\"@id\":\"https:\\\/\\\/localtrekkersperu.com\\\/es\\\/ausangate-mas-caminata-montana-arcoiris-6-dias-y-5-noches\\\/\",\"url\":\"https:\\\/\\\/localtrekkersperu.com\\\/es\\\/ausangate-mas-caminata-montana-arcoiris-6-dias-y-5-noches\\\/\",\"name\":\"Ausangate m\u00e1s Caminata Monta\u00f1a Arcoiris 6 D\u00edas y 5 Noches - Local Trekkers Peru\",\"isPartOf\":{\"@id\":\"https:\\\/\\\/localtrekkersperu.com\\\/es\\\/#website\"},\"primaryImageOfPage\":{\"@id\":\"https:\\\/\\\/localtrekkersperu.com\\\/es\\\/ausangate-mas-caminata-montana-arcoiris-6-dias-y-5-noches\\\/#primaryimage\"},\"image\":{\"@id\":\"https:\\\/\\\/localtrekkersperu.com\\\/es\\\/ausangate-mas-caminata-montana-arcoiris-6-dias-y-5-noches\\\/#primaryimage\"},\"thumbnailUrl\":\"https:\\\/\\\/localtrekkersperu.com\\\/wp-content\\\/uploads\\\/2024\\\/09\\\/Ausangate-Trek-Rainbow-Mountain-6days-4.webp\",\"datePublished\":\"2024-09-18T04:19:48+00:00\",\"dateModified\":\"2026-01-07T15:46:22+00:00\",\"description\":\"Vive un trekking inolvidable conel tour Ausangate m\u00e1s Caminata Monta\u00f1a Arcoiris 6 D\u00edas Aventura, cultura andina y paisajes \u00fanicos te esperan.\",\"breadcrumb\":{\"@id\":\"https:\\\/\\\/localtrekkersperu.com\\\/es\\\/ausangate-mas-caminata-montana-arcoiris-6-dias-y-5-noches\\\/#breadcrumb\"},\"inLanguage\":\"es\",\"potentialAction\":[{\"@type\":\"ReadAction\",\"target\":[\"https:\\\/\\\/localtrekkersperu.com\\\/es\\\/ausangate-mas-caminata-montana-arcoiris-6-dias-y-5-noches\\\/\"]}]},{\"@type\":\"ImageObject\",\"inLanguage\":\"es\",\"@id\":\"https:\\\/\\\/localtrekkersperu.com\\\/es\\\/ausangate-mas-caminata-montana-arcoiris-6-dias-y-5-noches\\\/#primaryimage\",\"url\":\"https:\\\/\\\/localtrekkersperu.com\\\/wp-content\\\/uploads\\\/2024\\\/09\\\/Ausangate-Trek-Rainbow-Mountain-6days-4.webp\",\"contentUrl\":\"https:\\\/\\\/localtrekkersperu.com\\\/wp-content\\\/uploads\\\/2024\\\/09\\\/Ausangate-Trek-Rainbow-Mountain-6days-4.webp\",\"width\":2000,\"height\":1200,\"caption\":\"Rainbow Mountain\"},{\"@type\":\"BreadcrumbList\",\"@id\":\"https:\\\/\\\/localtrekkersperu.com\\\/es\\\/ausangate-mas-caminata-montana-arcoiris-6-dias-y-5-noches\\\/#breadcrumb\",\"itemListElement\":[{\"@type\":\"ListItem\",\"position\":1,\"name\":\"Home\",\"item\":\"https:\\\/\\\/localtrekkersperu.com\\\/es\\\/\"},{\"@type\":\"ListItem\",\"position\":2,\"name\":\"Salkantay &amp; Caminos Alternativos\",\"item\":\"https:\\\/\\\/localtrekkersperu.com\\\/es\\\/category\\\/salkantay-caminos-alternativos\\\/\"},{\"@type\":\"ListItem\",\"position\":3,\"name\":\"Ausangate m\u00e1s Caminata Monta\u00f1a Arcoiris 6 D\u00edas y 5 Noches\"}]},{\"@type\":\"WebSite\",\"@id\":\"https:\\\/\\\/localtrekkersperu.com\\\/es\\\/#website\",\"url\":\"https:\\\/\\\/localtrekkersperu.com\\\/es\\\/\",\"name\":\"Local Trekkers Peru\",\"description\":\"\",\"publisher\":{\"@id\":\"https:\\\/\\\/localtrekkersperu.com\\\/es\\\/#organization\"},\"potentialAction\":[{\"@type\":\"SearchAction\",\"target\":{\"@type\":\"EntryPoint\",\"urlTemplate\":\"https:\\\/\\\/localtrekkersperu.com\\\/es\\\/?s={search_term_string}\"},\"query-input\":{\"@type\":\"PropertyValueSpecification\",\"valueRequired\":true,\"valueName\":\"search_term_string\"}}],\"inLanguage\":\"es\"},{\"@type\":\"Organization\",\"@id\":\"https:\\\/\\\/localtrekkersperu.com\\\/es\\\/#organization\",\"name\":\"Local Trekkers Peru\",\"url\":\"https:\\\/\\\/localtrekkersperu.com\\\/es\\\/\",\"logo\":{\"@type\":\"ImageObject\",\"inLanguage\":\"es\",\"@id\":\"https:\\\/\\\/localtrekkersperu.com\\\/es\\\/#\\\/schema\\\/logo\\\/image\\\/\",\"url\":\"https:\\\/\\\/localtrekkersperu.com\\\/wp-content\\\/uploads\\\/2024\\\/08\\\/logo.png\",\"contentUrl\":\"https:\\\/\\\/localtrekkersperu.com\\\/wp-content\\\/uploads\\\/2024\\\/08\\\/logo.png\",\"width\":411,\"height\":122,\"caption\":\"Local Trekkers Peru\"},\"image\":{\"@id\":\"https:\\\/\\\/localtrekkersperu.com\\\/es\\\/#\\\/schema\\\/logo\\\/image\\\/\"}},{\"@type\":\"Person\",\"@id\":\"https:\\\/\\\/localtrekkersperu.com\\\/es\\\/#\\\/schema\\\/person\\\/babe2ac841b0da6e2402ca92d217bb6a\",\"name\":\"admin_local\",\"sameAs\":[\"https:\\\/\\\/localtrekkersperu.com\"]}]}<\/script>\n<!-- \/ Yoast SEO Premium plugin. -->","yoast_head_json":{"title":"Ausangate m\u00e1s Caminata Monta\u00f1a Arcoiris 6 D\u00edas y 5 Noches - Local Trekkers Peru","description":"Vive un trekking inolvidable conel tour Ausangate m\u00e1s Caminata Monta\u00f1a Arcoiris 6 D\u00edas Aventura, cultura andina y paisajes \u00fanicos te esperan.","robots":{"index":"index","follow":"follow","max-snippet":"max-snippet:-1","max-image-preview":"max-image-preview:large","max-video-preview":"max-video-preview:-1"},"canonical":"https:\/\/localtrekkersperu.com\/es\/ausangate-mas-caminata-montana-arcoiris-6-dias-y-5-noches\/","og_locale":"es_ES","og_type":"article","og_title":"Ausangate m\u00e1s Caminata Monta\u00f1a Arcoiris 6 D\u00edas y 5 Noches","og_description":"Vive un trekking inolvidable conel tour Ausangate m\u00e1s Caminata Monta\u00f1a Arcoiris 6 D\u00edas Aventura, cultura andina y paisajes \u00fanicos te esperan.","og_url":"https:\/\/localtrekkersperu.com\/es\/ausangate-mas-caminata-montana-arcoiris-6-dias-y-5-noches\/","og_site_name":"Local Trekkers Peru","article_published_time":"2024-09-18T04:19:48+00:00","article_modified_time":"2026-01-07T15:46:22+00:00","og_image":[{"width":2000,"height":1200,"url":"https:\/\/localtrekkersperu.com\/wp-content\/uploads\/2024\/09\/Ausangate-Trek-Rainbow-Mountain-6days-4.webp","type":"image\/webp"}],"author":"admin_local","twitter_card":"summary_large_image","twitter_misc":{"Escrito por":"admin_local","Tiempo de lectura":"8 minutos"},"schema":{"@context":"https:\/\/schema.org","@graph":[{"@type":"Article","@id":"https:\/\/localtrekkersperu.com\/es\/ausangate-mas-caminata-montana-arcoiris-6-dias-y-5-noches\/#article","isPartOf":{"@id":"https:\/\/localtrekkersperu.com\/es\/ausangate-mas-caminata-montana-arcoiris-6-dias-y-5-noches\/"},"author":{"name":"admin_local","@id":"https:\/\/localtrekkersperu.com\/es\/#\/schema\/person\/babe2ac841b0da6e2402ca92d217bb6a"},"headline":"Ausangate m\u00e1s Caminata Monta\u00f1a Arcoiris 6 D\u00edas y 5 Noches","datePublished":"2024-09-18T04:19:48+00:00","dateModified":"2026-01-07T15:46:22+00:00","mainEntityOfPage":{"@id":"https:\/\/localtrekkersperu.com\/es\/ausangate-mas-caminata-montana-arcoiris-6-dias-y-5-noches\/"},"wordCount":1552,"publisher":{"@id":"https:\/\/localtrekkersperu.com\/es\/#organization"},"image":{"@id":"https:\/\/localtrekkersperu.com\/es\/ausangate-mas-caminata-montana-arcoiris-6-dias-y-5-noches\/#primaryimage"},"thumbnailUrl":"https:\/\/localtrekkersperu.com\/wp-content\/uploads\/2024\/09\/Ausangate-Trek-Rainbow-Mountain-6days-4.webp","articleSection":["Salkantay &amp; Caminos Alternativos"],"inLanguage":"es"},{"@type":"WebPage","@id":"https:\/\/localtrekkersperu.com\/es\/ausangate-mas-caminata-montana-arcoiris-6-dias-y-5-noches\/","url":"https:\/\/localtrekkersperu.com\/es\/ausangate-mas-caminata-montana-arcoiris-6-dias-y-5-noches\/","name":"Ausangate m\u00e1s Caminata Monta\u00f1a Arcoiris 6 D\u00edas y 5 Noches - Local Trekkers Peru","isPartOf":{"@id":"https:\/\/localtrekkersperu.com\/es\/#website"},"primaryImageOfPage":{"@id":"https:\/\/localtrekkersperu.com\/es\/ausangate-mas-caminata-montana-arcoiris-6-dias-y-5-noches\/#primaryimage"},"image":{"@id":"https:\/\/localtrekkersperu.com\/es\/ausangate-mas-caminata-montana-arcoiris-6-dias-y-5-noches\/#primaryimage"},"thumbnailUrl":"https:\/\/localtrekkersperu.com\/wp-content\/uploads\/2024\/09\/Ausangate-Trek-Rainbow-Mountain-6days-4.webp","datePublished":"2024-09-18T04:19:48+00:00","dateModified":"2026-01-07T15:46:22+00:00","description":"Vive un trekking inolvidable conel tour Ausangate m\u00e1s Caminata Monta\u00f1a Arcoiris 6 D\u00edas Aventura, cultura andina y paisajes \u00fanicos te esperan.","breadcrumb":{"@id":"https:\/\/localtrekkersperu.com\/es\/ausangate-mas-caminata-montana-arcoiris-6-dias-y-5-noches\/#breadcrumb"},"inLanguage":"es","potentialAction":[{"@type":"ReadAction","target":["https:\/\/localtrekkersperu.com\/es\/ausangate-mas-caminata-montana-arcoiris-6-dias-y-5-noches\/"]}]},{"@type":"ImageObject","inLanguage":"es","@id":"https:\/\/localtrekkersperu.com\/es\/ausangate-mas-caminata-montana-arcoiris-6-dias-y-5-noches\/#primaryimage","url":"https:\/\/localtrekkersperu.com\/wp-content\/uploads\/2024\/09\/Ausangate-Trek-Rainbow-Mountain-6days-4.webp","contentUrl":"https:\/\/localtrekkersperu.com\/wp-content\/uploads\/2024\/09\/Ausangate-Trek-Rainbow-Mountain-6days-4.webp","width":2000,"height":1200,"caption":"Rainbow Mountain"},{"@type":"BreadcrumbList","@id":"https:\/\/localtrekkersperu.com\/es\/ausangate-mas-caminata-montana-arcoiris-6-dias-y-5-noches\/#breadcrumb","itemListElement":[{"@type":"ListItem","position":1,"name":"Home","item":"https:\/\/localtrekkersperu.com\/es\/"},{"@type":"ListItem","position":2,"name":"Salkantay &amp; Caminos Alternativos","item":"https:\/\/localtrekkersperu.com\/es\/category\/salkantay-caminos-alternativos\/"},{"@type":"ListItem","position":3,"name":"Ausangate m\u00e1s Caminata Monta\u00f1a Arcoiris 6 D\u00edas y 5 Noches"}]},{"@type":"WebSite","@id":"https:\/\/localtrekkersperu.com\/es\/#website","url":"https:\/\/localtrekkersperu.com\/es\/","name":"Local Trekkers Peru","description":"","publisher":{"@id":"https:\/\/localtrekkersperu.com\/es\/#organization"},"potentialAction":[{"@type":"SearchAction","target":{"@type":"EntryPoint","urlTemplate":"https:\/\/localtrekkersperu.com\/es\/?s={search_term_string}"},"query-input":{"@type":"PropertyValueSpecification","valueRequired":true,"valueName":"search_term_string"}}],"inLanguage":"es"},{"@type":"Organization","@id":"https:\/\/localtrekkersperu.com\/es\/#organization","name":"Local Trekkers Peru","url":"https:\/\/localtrekkersperu.com\/es\/","logo":{"@type":"ImageObject","inLanguage":"es","@id":"https:\/\/localtrekkersperu.com\/es\/#\/schema\/logo\/image\/","url":"https:\/\/localtrekkersperu.com\/wp-content\/uploads\/2024\/08\/logo.png","contentUrl":"https:\/\/localtrekkersperu.com\/wp-content\/uploads\/2024\/08\/logo.png","width":411,"height":122,"caption":"Local Trekkers Peru"},"image":{"@id":"https:\/\/localtrekkersperu.com\/es\/#\/schema\/logo\/image\/"}},{"@type":"Person","@id":"https:\/\/localtrekkersperu.com\/es\/#\/schema\/person\/babe2ac841b0da6e2402ca92d217bb6a","name":"admin_local","sameAs":["https:\/\/localtrekkersperu.com"]}]}},"author_meta":{"display_name":"admin_local","author_link":"https:\/\/localtrekkersperu.com\/es\/author\/admin_local\/"},"featured_img":"https:\/\/localtrekkersperu.com\/wp-content\/uploads\/2024\/09\/Ausangate-Trek-Rainbow-Mountain-6days-4-300x180.webp","coauthors":[],"tax_additional":{"categories":{"linked":["<a href=\"https:\/\/localtrekkersperu.com\/es\/category\/salkantay-caminos-alternativos\/\" class=\"advgb-post-tax-term\">Salkantay &amp; Caminos Alternativos<\/a>"],"unlinked":["<span class=\"advgb-post-tax-term\">Salkantay &amp; Caminos Alternativos<\/span>"]}},"comment_count":"0","relative_dates":{"created":"Publicado 2 a\u00f1os hace","modified":"Actualizado 4 meses hace"},"absolute_dates":{"created":"Publicado el septiembre 18, 2024","modified":"Actualizado el enero 7, 2026"},"absolute_dates_time":{"created":"Publicado el septiembre 18, 2024 4:19 am","modified":"Actualizado el enero 7, 2026 3:46 pm"},"featured_img_caption":"Rainbow Mountain","series_order":"","_links":{"self":[{"href":"https:\/\/localtrekkersperu.com\/es\/wp-json\/wp\/v2\/posts\/299","targetHints":{"allow":["GET"]}}],"collection":[{"href":"https:\/\/localtrekkersperu.com\/es\/wp-json\/wp\/v2\/posts"}],"about":[{"href":"https:\/\/localtrekkersperu.com\/es\/wp-json\/wp\/v2\/types\/post"}],"author":[{"embeddable":true,"href":"https:\/\/localtrekkersperu.com\/es\/wp-json\/wp\/v2\/users\/1"}],"replies":[{"embeddable":true,"href":"https:\/\/localtrekkersperu.com\/es\/wp-json\/wp\/v2\/comments?post=299"}],"version-history":[{"count":11,"href":"https:\/\/localtrekkersperu.com\/es\/wp-json\/wp\/v2\/posts\/299\/revisions"}],"predecessor-version":[{"id":10584,"href":"https:\/\/localtrekkersperu.com\/es\/wp-json\/wp\/v2\/posts\/299\/revisions\/10584"}],"wp:featuredmedia":[{"embeddable":true,"href":"https:\/\/localtrekkersperu.com\/es\/wp-json\/wp\/v2\/media\/1150"}],"wp:attachment":[{"href":"https:\/\/localtrekkersperu.com\/es\/wp-json\/wp\/v2\/media?parent=299"}],"wp:term":[{"taxonomy":"category","embeddable":true,"href":"https:\/\/localtrekkersperu.com\/es\/wp-json\/wp\/v2\/categories?post=299"},{"taxonomy":"post_tag","embeddable":true,"href":"https:\/\/localtrekkersperu.com\/es\/wp-json\/wp\/v2\/tags?post=299"}],"curies":[{"name":"wp","href":"https:\/\/api.w.org\/{rel}","templated":true}]}}