{"id":183,"date":"2024-09-18T03:44:36","date_gmt":"2024-09-18T03:44:36","guid":{"rendered":"https:\/\/localtrekkersperu.com\/cuatrimotos-a-maras-moray-medio-dia-copy\/"},"modified":"2026-02-25T21:42:50","modified_gmt":"2026-02-25T21:42:50","slug":"montana-arcoiris-con-valle-rojo","status":"publish","type":"post","link":"https:\/\/localtrekkersperu.com\/es\/montana-arcoiris-con-valle-rojo\/","title":{"rendered":"Monta\u00f1a Arco\u00edris con Valle Rojo"},"content":{"rendered":"\n<div class=\"wp-block-columns is-layout-flex wp-container-core-columns-is-layout-9d6595d7 wp-block-columns-is-layout-flex\">\n<div class=\"wp-block-column is-layout-flow wp-block-column-is-layout-flow\" style=\"flex-basis:75%\">\n<h2 class=\"wp-block-heading\" id=\"h-aventura-inolvidable-tu-montana-arcoiris-con-valle-rojo-tour\"><strong>Aventura Inolvidable: Tu monta\u00f1a arco\u00edris con valle rojo tour<\/strong><\/h2>\n\n\n\n<p>\u00bfSue\u00f1as con caminar sobre paisajes que parecen sacados de otro planeta? Emb\u00e1rcate en nuestro <strong>monta\u00f1a arco\u00edris con valle rojo tour<\/strong> y descubre uno de los destinos m\u00e1s espectaculares y vibrantes de los Andes peruanos.<\/p>\n\n\n\n<p>Ubicado en la majestuosa Cordillera del Vilcabamba, este viaje te conectar\u00e1 \u00edntimamente con la fuerza de la naturaleza. Prep\u00e1rate para maravillarte con cumbres nevadas, lagunas formadas por deshielos y la aut\u00e9ntica vida de los criadores de alpacas y llamas.<\/p>\n\n\n\n<p>Disfruta de la genuina hospitalidad peruana mientras conquistas alturas asombrosas. Es tu momento de vivir un incre\u00edble <strong>tour vinicunca con valle rojo<\/strong> que transformar\u00e1 tu visi\u00f3n del mundo y recargar\u00e1 tu esp\u00edritu.<\/p>\n\n\n\n<h2 class=\"wp-block-heading\" id=\"h-por-que-elegir-nuestro-tour-montana-arcoiris-valle-rojo-cusco\"><strong>\u00bfPor qu\u00e9 elegir nuestro tour monta\u00f1a arco\u00edris valle rojo Cusco?<\/strong><\/h2>\n\n\n\n<p>Este exclusivo <strong>tour monta\u00f1a arco\u00edris valle rojo Cusco<\/strong> te aleja de la rutina para sumergirte en un para\u00edso altoandino lleno de contrastes. Siente la emoci\u00f3n de recorrer senderos \u00fanicos donde los minerales han pintado la tierra de colores que desaf\u00edan la imaginaci\u00f3n.<\/p>\n\n\n\n<p>Al elegir esta expedici\u00f3n, disfrutar\u00e1s de una <strong>ruta corta<\/strong> y mucho m\u00e1s exclusiva. Seremos de los pocos afortunados en presenciar la intensa pigmentaci\u00f3n rojiza del impresionante Valle Rojo en total tranquilidad y conexi\u00f3n con el entorno.<\/p>\n\n\n\n<p><strong>Consideraci\u00f3n Importante:<\/strong> Ascender a 5,020 msnm (16,470 pies) es un reto f\u00edsico que premia tu esfuerzo con vistas majestuosas. Te recomendamos aclimatarte en Cusco al menos 3 d\u00edas, estar en buena forma y consultar con tu m\u00e9dico para disfrutar al m\u00e1ximo esta aventura.<\/p>\n\n\n\n<div class=\"bg-gray-300 border-t border-x border-gray-400 py-1\">\n\n\n                                <span class=\"block text-center text-black\">Informaci\u00f3n \u00datil<\/span>\n                \n\n<\/div>\n<div class=\"flex\">\n    <div class=\"flex-1 border-y py-3 border-gray-400 border\">\n            <img decoding=\"async\" src=\"https:\/\/localtrekkersperu.com\/wp-content\/themes\/localtrekkers\/img\/icons\/location.svg\" class=\"mx-auto h-auto w-8\" alt=\"\">\n\n                                        <span class=\"block text-center mt-1 font-nunito font-semibold text-sm\">Lugares Visitados:<\/span>\n                \n            <span class=\"block text-center text-sm font-nunito text-gray-600\">Monta\u00f1a del Arco iris<\/span>\n    <\/div>\n    <div class=\"flex-1 border-y py-3 border-gray-400 border-r\">\n            <img decoding=\"async\" src=\"https:\/\/localtrekkersperu.com\/wp-content\/themes\/localtrekkers\/img\/icons\/altitude.svg\" class=\"mx-auto h-auto w-9 -mt-1\" alt=\"\">\n\n                                         <span class=\"block text-center mt-1 font-nunito font-semibold text-sm\">Altitud Inicial:<\/span>\n                \n            <span class=\"block text-center text-sm font-nunito text-gray-600\">4200 msnm = 13779 Pies.<\/span>\n    <\/div>\n    <div class=\"flex-1 border-y py-3 border-gray-400 border-r\">\n            <img decoding=\"async\" src=\"https:\/\/localtrekkersperu.com\/wp-content\/themes\/localtrekkers\/img\/icons\/point.svg\" class=\"mx-auto h-auto w-8\" alt=\"\">\n\n                                          <span class=\"block text-center mt-1 font-nunito font-semibold text-sm\">Punto m\u00e1s Alto:<\/span>\n                \n            <span class=\"block text-center text-sm font-nunito text-gray-600\">5200 msnm = 17060 Pies.<\/span>\n    <\/div>\n    <div class=\"flex-1 border-y py-3 border-gray-400 border-r\">\n            <img decoding=\"async\" src=\"https:\/\/localtrekkersperu.com\/wp-content\/themes\/localtrekkers\/img\/icons\/group.svg\" class=\"mx-auto h-auto w-8\" alt=\"\">\n\n                                       <span class=\"block text-center mt-1 font-nunito font-semibold text-sm\">Grupo de Personas:<\/span>\n                \n            <span class=\"block text-center text-sm font-nunito text-gray-600\">A petici\u00f3n.<\/span>\n    <\/div>\n    <div class=\"flex-1 border-y py-3 border-gray-400 border-r\">\n            <img decoding=\"async\" src=\"https:\/\/localtrekkersperu.com\/wp-content\/themes\/localtrekkers\/img\/icons\/level.svg\" class=\"mx-auto h-auto w-8\" alt=\"\">\n\n                                      <span class=\"block text-center mt-1 font-nunito font-semibold text-sm\">Nivel de Dificultad:<\/span>\n                \n            <span class=\"block text-center text-sm font-nunito text-gray-600\">4\/5<\/span>\n    <\/div>\n<\/div><\/div>\n\n\n\n<div class=\"wp-block-column is-layout-flow wp-block-column-is-layout-flow\" style=\"flex-basis:25%\">    \n    <div class=\"pl-1\">\n                    <div class=\"border bg-gray-100 py-4 rounded-md\">\n                <span class=\"block text-xl text-ltk2 font-extrabold text-center mb-2 uppercase font-nunito\">Monta\u00f1a Arco\u00edris con Valle Rojo<\/span>\n                <hr>\n                <div class=\"px-3 text-center py-2\">\n                    <span>From <\/span><span class=\"text-3xl font-semibold text-gray-800\">$ 33 <\/span><span>USD<\/span>\n                <\/div>\n\n                <div class=\"bg-white py-2 my-6 px-4 mx-4 border\">\n                    <span class=\"block text-gray-800 mb-2 font-bold font-nunito\">\u00bfPor qu\u00e9 reservar con nosotros?<\/span>\n                    <ul class=\"list-disc list-inside\">\n                        <li class=\"mb-2 text-sm border-b border-gray-100 pb-1\">Tenemos precios competitivos<\/li>\n                        <li class=\"mb-2 text-sm border-b border-gray-100 pb-1\">Servicio al cliente r\u00e1pido en todo momento<\/li>\n                        <li class=\"mb-2 text-sm border-b border-gray-100 pb-1\">Experiencia garantizada de por vida<\/li>\n                        <li class=\"mb-2 text-sm border-b border-gray-100 pb-1\">Tenemos responsabilidad social, realizamos trabajo social<\/li>\n                    <\/ul>\n                <\/div>\n\n                <a href=\"\/es\/formulario-de-reserva?tour=Monta%C3%B1a+Arco%C3%ADris+con+Valle+Rojo\" class=\"bg-red-600 px-8 text-center mx-4 py-2 rounded-md text-white text-xl block font-bold hover:bg-red-700 uppercase transition-all delay-150\">Reservar ahora<\/a>\n            <\/div>\n            <div class=\"mt-8\">\n                <a href=\"\/es\/contactos\/\" class=\"bg-ltk2 uppercase px-8 text-center mx-4 py-2 rounded-md text-white text-xl block font-bold hover:bg-red-700 transition-all delay-150\">CONT\u00c1CTENOS<\/a>\n            <\/div>\n\n            <\/div>\n    \n    \n<\/div>\n<\/div>\n\n\n<div class=\"responsive-tabs\">\n<h2 class=\"tabtitle\">Itinerario<\/h2>\n<div class=\"tabcontent\">\n\n\n\n\n<ul class=\"wp-block-list\">\n<li><strong>04:00 a.m. a 05:00 a.m. \u2013 Recojo y Traslado:<\/strong> Iniciamos la aventura temprano recogi\u00e9ndote directamente desde tu alojamiento. (Te confirmaremos la hora exacta si te hospedas en el centro hist\u00f3rico).<\/li>\n\n\n\n<li><strong>Ma\u00f1ana \u2013 Viaje y Desayuno Revitalizante:<\/strong> Rel\u00e1jate en nuestro transporte durante 1 hora y 30 minutos hacia el sur. Al llegar a <strong>Cusipata<\/strong>, disfrutaremos de un delicioso desayuno para llenarnos de energ\u00eda andina.<\/li>\n\n\n\n<li><strong>Ma\u00f1ana \u2013 Parada Cultural en Checacupe:<\/strong> Viaja en el tiempo apreciando tres puentes hist\u00f3ricos (Inca, Colonial y Republicano) a 3,446 msnm. Una breve pero fascinante pausa llena de historia viva.<\/li>\n\n\n\n<li><strong>Ma\u00f1ana \u2013 Inicio del Sendero en Kayrahuire Alto:<\/strong> Llegaremos a esta propiedad privada (4,450 msnm) para comenzar la caminata. Aqu\u00ed tendr\u00e1s la <strong>opci\u00f3n de alquilar un caballo o moto lineal<\/strong> directamente con los locales si deseas aligerar el paso.<\/li>\n\n\n\n<li><strong>35 a 50 minutos \u2013 Ascenso Hacia la Monta\u00f1a:<\/strong> Camina a tu propio ritmo rodeado de picos nevados y paisajes majestuosos. Disfruta de una conexi\u00f3n profunda con la hermosa cordillera del Vilcanota.<\/li>\n\n\n\n<li><strong>Mediod\u00eda \u2013 Cumbre en la Monta\u00f1a Arco\u00edris:<\/strong> \u00a1Lo lograste! A 5,020 msnm, marav\u00edllate con el mirador de <strong>Vinicunca<\/strong>. Tendr\u00e1s tiempo libre para fotos, videos y degustar bebidas calientes (como mate de coca o caf\u00e9) que ofrecen los comuneros locales.<\/li>\n\n\n\n<li><strong>Tarde \u2013 Exploraci\u00f3n Opcional del Valle Rojo:<\/strong> Si tu estado f\u00edsico lo permite y en acuerdo con el grupo, ad\u00e9ntrate en el paisaje surrealista del Valle Rojo. Su coloraci\u00f3n rojiza mineral te dejar\u00e1 completamente sin aliento.<\/li>\n\n\n\n<li><strong>Tarde \u2013 Descenso y Almuerzo Recompensante:<\/strong> Descenderemos por el mismo sendero hacia nuestro transporte. Nos dirigiremos nuevamente a <strong>Cusipata<\/strong> para saborear un delicioso y muy merecido almuerzo andino.<\/li>\n\n\n\n<li><strong>6:30 p.m. a 7:00 p.m. \u2013 Retorno Triunfal a Cusco:<\/strong> Rel\u00e1jate en el viaje de regreso mientras atesoras los recuerdos del d\u00eda. Culminaremos el recorrido dej\u00e1ndote a unos pasos de la hist\u00f3rica <strong>Plaza de Armas<\/strong>.<\/li>\n<\/ul>\n\n\n\n<figure class=\"wp-block-image size-full\"><img loading=\"lazy\" decoding=\"async\" width=\"1450\" height=\"450\" src=\"https:\/\/localtrekkersperu.com\/wp-content\/uploads\/2024\/09\/image-453.webp\" alt=\"Monta\u00f1a Arco\u00edris con Valle Rojo\" class=\"wp-image-6076\" title=\"Monta\u00f1a Arco Iris D\u00eda Completo - Local Trekkers Peru\" srcset=\"https:\/\/localtrekkersperu.com\/wp-content\/uploads\/2024\/09\/image-453.webp 1450w, https:\/\/localtrekkersperu.com\/wp-content\/uploads\/2024\/09\/image-453-300x93.webp 300w, https:\/\/localtrekkersperu.com\/wp-content\/uploads\/2024\/09\/image-453-1024x318.webp 1024w, https:\/\/localtrekkersperu.com\/wp-content\/uploads\/2024\/09\/image-453-768x238.webp 768w\" sizes=\"auto, (max-width: 1450px) 100vw, 1450px\" \/><\/figure>\n\n\n\n<p>Vivir el <strong>monta\u00f1a arco\u00edris con valle rojo tour<\/strong> es una experiencia que desaf\u00eda tus l\u00edmites y nutre tu alma. La m\u00e1gica combinaci\u00f3n de los colores de Vinicunca y el surrealista paisaje marciano del Valle Rojo crean recuerdos visuales que atesorar\u00e1s para toda la vida.<\/p>\n\n\n\n<\/div><h2 class=\"tabtitle\">Map<\/h2>\n<div class=\"tabcontent\">\n\n\n\n\n<figure data-wp-context=\"{&quot;imageId&quot;:&quot;69f39f406dec6&quot;}\" data-wp-interactive=\"core\/image\" data-wp-key=\"69f39f406dec6\" class=\"wp-block-image size-full wp-lightbox-container\"><img loading=\"lazy\" decoding=\"async\" width=\"1336\" height=\"876\" data-wp-class--hide=\"state.isContentHidden\" data-wp-class--show=\"state.isContentVisible\" data-wp-init=\"callbacks.setButtonStyles\" data-wp-on--click=\"actions.showLightbox\" data-wp-on--load=\"callbacks.setButtonStyles\" data-wp-on-window--resize=\"callbacks.setButtonStyles\" src=\"https:\/\/localtrekkersperu.com\/wp-content\/uploads\/2024\/09\/image-4.png\" alt=\"\" class=\"wp-image-185\" srcset=\"https:\/\/localtrekkersperu.com\/wp-content\/uploads\/2024\/09\/image-4.png 1336w, https:\/\/localtrekkersperu.com\/wp-content\/uploads\/2024\/09\/image-4-300x197.png 300w, https:\/\/localtrekkersperu.com\/wp-content\/uploads\/2024\/09\/image-4-1024x671.png 1024w, https:\/\/localtrekkersperu.com\/wp-content\/uploads\/2024\/09\/image-4-768x504.png 768w\" sizes=\"auto, (max-width: 1336px) 100vw, 1336px\" \/><button\n\t\t\tclass=\"lightbox-trigger\"\n\t\t\ttype=\"button\"\n\t\t\taria-haspopup=\"dialog\"\n\t\t\taria-label=\"Agrandar\"\n\t\t\tdata-wp-init=\"callbacks.initTriggerButton\"\n\t\t\tdata-wp-on--click=\"actions.showLightbox\"\n\t\t\tdata-wp-style--right=\"state.imageButtonRight\"\n\t\t\tdata-wp-style--top=\"state.imageButtonTop\"\n\t\t>\n\t\t\t<svg xmlns=\"http:\/\/www.w3.org\/2000\/svg\" width=\"12\" height=\"12\" fill=\"none\" viewBox=\"0 0 12 12\">\n\t\t\t\t<path fill=\"#fff\" d=\"M2 0a2 2 0 0 0-2 2v2h1.5V2a.5.5 0 0 1 .5-.5h2V0H2Zm2 10.5H2a.5.5 0 0 1-.5-.5V8H0v2a2 2 0 0 0 2 2h2v-1.5ZM8 12v-1.5h2a.5.5 0 0 0 .5-.5V8H12v2a2 2 0 0 1-2 2H8Zm2-12a2 2 0 0 1 2 2v2h-1.5V2a.5.5 0 0 0-.5-.5H8V0h2Z\" \/>\n\t\t\t<\/svg>\n\t\t<\/button><\/figure>\n\n\n\n<\/div><h2 class=\"tabtitle\">Incluye<\/h2>\n<div class=\"tabcontent\">\n\n\n\n\n<h3 class=\"wp-block-heading\" id=\"h-incluye\">Incluye:<\/h3>\n\n\n\n<ul class=\"wp-block-list\">\n<li>Gu\u00eda tur\u00edstico biling\u00fce y certificado<\/li>\n\n\n\n<li>Asistente de gu\u00eda<\/li>\n\n\n\n<li>Transporte tur\u00edstico<\/li>\n\n\n\n<li>Entradas a la Monta\u00f1a Arco\u00edris<\/li>\n\n\n\n<li>Entradas al Valle Rojo<\/li>\n\n\n\n<li>Desayuno Buf\u00e9<\/li>\n\n\n\n<li>Snack (cereales y frutas)<\/li>\n\n\n\n<li>Almuerzo buffet<\/li>\n\n\n\n<li>Bastones para caminar<\/li>\n\n\n\n<li>Radio de comunicaci\u00f3n<\/li>\n\n\n\n<li>Botiqu\u00edn de primeros auxilios &amp; Ox\u00edgeno<\/li>\n<\/ul>\n\n\n\n<h3 class=\"wp-block-heading\" id=\"h-no-incluye\">No incluye:<\/h3>\n\n\n\n<ul class=\"wp-block-list\">\n<li>Caballo disponible bajo pedido $40 usd (bajo pedido) por un caballo + un jinete para guiar al caballo.<\/li>\n\n\n\n<li>Bebidas adicionales.<\/li>\n<\/ul>\n\n\n\n<\/div><h2 class=\"tabtitle\">Lista de Empaque<\/h2>\n<div class=\"tabcontent\">\n\n\n\n\n<ul class=\"wp-block-list\">\n<li>Pasaporte original<\/li>\n\n\n\n<li>Llevar zapatillas o zapatos ligeros o tenis<\/li>\n\n\n\n<li>Capa de lluvia o Poncho de lluvia<\/li>\n\n\n\n<li>Ropa fr\u00eda<\/li>\n\n\n\n<li>Botella de agua<\/li>\n\n\n\n<li>Bloqueador solar<\/li>\n\n\n\n<li>Gafas de sol<\/li>\n\n\n\n<li>Gorras o Sombreros<\/li>\n\n\n\n<li>Dinero extra especialmente en soles para comprar cosas a lo largo de la caminata<\/li>\n<\/ul>\n\n\n\n<h3 class=\"wp-block-heading\" id=\"h-positive-mental-attitude\">POSITIVE <strong>MENTAL <\/strong>ATTITUDE<\/h3>\n\n\n\n<\/div><h2 class=\"tabtitle\">Price<\/h2>\n<div class=\"tabcontent\">\n\n\n\n\n<h2 class=\"wp-block-heading has-text-align-center\" id=\"h-precio-de-cuatrimotos-maras-moray-2025-2026\" style=\"font-size:26px\">Precio de cuatrimotos maras moray 2025 &#8211; 2026<\/h2>\n\n\n\n<p class=\"has-text-align-center\"><\/p>\n\n\n\n<p class=\"has-text-align-center\"><strong>USD 33<\/strong><\/p>\n\n\n\n<p class=\"has-text-align-center\"><strong>Hasta 20 personas<\/strong><\/p>\n\n\n<\/div><\/div>\n\n\n\n<p><\/p>\n\n\n\n<p><\/p>\n","protected":false},"excerpt":{"rendered":"<p>Aventura Inolvidable: Tu monta\u00f1a arco\u00edris con valle rojo tour \u00bfSue\u00f1as con caminar sobre paisajes que parecen sacados&#8230;<\/p>\n","protected":false},"author":1,"featured_media":2730,"comment_status":"closed","ping_status":"open","sticky":false,"template":"","format":"standard","meta":{"_acf_changed":false,"advgb_blocks_editor_width":"","advgb_blocks_columns_visual_guide":"","footnotes":""},"categories":[22],"tags":[],"class_list":["post-183","post","type-post","status-publish","format-standard","has-post-thumbnail","hentry","category-tours-en-cusco"],"acf":[],"yoast_head":"<!-- This site is optimized with the Yoast SEO Premium plugin v25.2 (Yoast SEO v27.4) - https:\/\/yoast.com\/product\/yoast-seo-premium-wordpress\/ -->\n<title>Monta\u00f1a Arco\u00edris con Valle Rojo - Local Trekkers Peru<\/title>\n<meta name=\"description\" content=\"Monta\u00f1a Arco\u00edris con Valle Rojo, en un solo d\u00eda desde Cusco. Trekking inolvidable con paisajes \u00fanicos y experiencia cultural andina.\" \/>\n<meta name=\"robots\" content=\"index, follow, max-snippet:-1, max-image-preview:large, max-video-preview:-1\" \/>\n<link rel=\"canonical\" href=\"https:\/\/localtrekkersperu.com\/es\/montana-arcoiris-con-valle-rojo\/\" \/>\n<meta property=\"og:locale\" content=\"es_ES\" \/>\n<meta property=\"og:type\" content=\"article\" \/>\n<meta property=\"og:title\" content=\"Monta\u00f1a Arco\u00edris con Valle Rojo\" \/>\n<meta property=\"og:description\" content=\"Monta\u00f1a Arco\u00edris con Valle Rojo, en un solo d\u00eda desde Cusco. Trekking inolvidable con paisajes \u00fanicos y experiencia cultural andina.\" \/>\n<meta property=\"og:url\" content=\"https:\/\/localtrekkersperu.com\/es\/montana-arcoiris-con-valle-rojo\/\" \/>\n<meta property=\"og:site_name\" content=\"Local Trekkers Peru\" \/>\n<meta property=\"article:published_time\" content=\"2024-09-18T03:44:36+00:00\" \/>\n<meta property=\"article:modified_time\" content=\"2026-02-25T21:42:50+00:00\" \/>\n<meta property=\"og:image\" content=\"https:\/\/localtrekkersperu.com\/wp-content\/uploads\/2024\/09\/Rainbow-Mountain-Cusco-Local-Trekkers-Peru.webp\" \/>\n\t<meta property=\"og:image:width\" content=\"1077\" \/>\n\t<meta property=\"og:image:height\" content=\"760\" \/>\n\t<meta property=\"og:image:type\" content=\"image\/webp\" \/>\n<meta name=\"author\" content=\"admin_local\" \/>\n<meta name=\"twitter:card\" content=\"summary_large_image\" \/>\n<meta name=\"twitter:label1\" content=\"Escrito por\" \/>\n\t<meta name=\"twitter:data1\" content=\"admin_local\" \/>\n\t<meta name=\"twitter:label2\" content=\"Tiempo de lectura\" \/>\n\t<meta name=\"twitter:data2\" content=\"4 minutos\" \/>\n<script type=\"application\/ld+json\" class=\"yoast-schema-graph\">{\"@context\":\"https:\\\/\\\/schema.org\",\"@graph\":[{\"@type\":\"Article\",\"@id\":\"https:\\\/\\\/localtrekkersperu.com\\\/es\\\/montana-arcoiris-con-valle-rojo\\\/#article\",\"isPartOf\":{\"@id\":\"https:\\\/\\\/localtrekkersperu.com\\\/es\\\/montana-arcoiris-con-valle-rojo\\\/\"},\"author\":{\"name\":\"admin_local\",\"@id\":\"https:\\\/\\\/localtrekkersperu.com\\\/es\\\/#\\\/schema\\\/person\\\/babe2ac841b0da6e2402ca92d217bb6a\"},\"headline\":\"Monta\u00f1a Arco\u00edris con Valle Rojo\",\"datePublished\":\"2024-09-18T03:44:36+00:00\",\"dateModified\":\"2026-02-25T21:42:50+00:00\",\"mainEntityOfPage\":{\"@id\":\"https:\\\/\\\/localtrekkersperu.com\\\/es\\\/montana-arcoiris-con-valle-rojo\\\/\"},\"wordCount\":788,\"publisher\":{\"@id\":\"https:\\\/\\\/localtrekkersperu.com\\\/es\\\/#organization\"},\"image\":{\"@id\":\"https:\\\/\\\/localtrekkersperu.com\\\/es\\\/montana-arcoiris-con-valle-rojo\\\/#primaryimage\"},\"thumbnailUrl\":\"https:\\\/\\\/localtrekkersperu.com\\\/wp-content\\\/uploads\\\/2024\\\/09\\\/Rainbow-Mountain-Cusco-Local-Trekkers-Peru.webp\",\"articleSection\":[\"Tours en Cusco\"],\"inLanguage\":\"es\"},{\"@type\":\"WebPage\",\"@id\":\"https:\\\/\\\/localtrekkersperu.com\\\/es\\\/montana-arcoiris-con-valle-rojo\\\/\",\"url\":\"https:\\\/\\\/localtrekkersperu.com\\\/es\\\/montana-arcoiris-con-valle-rojo\\\/\",\"name\":\"Monta\u00f1a Arco\u00edris con Valle Rojo - Local Trekkers Peru\",\"isPartOf\":{\"@id\":\"https:\\\/\\\/localtrekkersperu.com\\\/es\\\/#website\"},\"primaryImageOfPage\":{\"@id\":\"https:\\\/\\\/localtrekkersperu.com\\\/es\\\/montana-arcoiris-con-valle-rojo\\\/#primaryimage\"},\"image\":{\"@id\":\"https:\\\/\\\/localtrekkersperu.com\\\/es\\\/montana-arcoiris-con-valle-rojo\\\/#primaryimage\"},\"thumbnailUrl\":\"https:\\\/\\\/localtrekkersperu.com\\\/wp-content\\\/uploads\\\/2024\\\/09\\\/Rainbow-Mountain-Cusco-Local-Trekkers-Peru.webp\",\"datePublished\":\"2024-09-18T03:44:36+00:00\",\"dateModified\":\"2026-02-25T21:42:50+00:00\",\"description\":\"Monta\u00f1a Arco\u00edris con Valle Rojo, en un solo d\u00eda desde Cusco. Trekking inolvidable con paisajes \u00fanicos y experiencia cultural andina.\",\"breadcrumb\":{\"@id\":\"https:\\\/\\\/localtrekkersperu.com\\\/es\\\/montana-arcoiris-con-valle-rojo\\\/#breadcrumb\"},\"inLanguage\":\"es\",\"potentialAction\":[{\"@type\":\"ReadAction\",\"target\":[\"https:\\\/\\\/localtrekkersperu.com\\\/es\\\/montana-arcoiris-con-valle-rojo\\\/\"]}]},{\"@type\":\"ImageObject\",\"inLanguage\":\"es\",\"@id\":\"https:\\\/\\\/localtrekkersperu.com\\\/es\\\/montana-arcoiris-con-valle-rojo\\\/#primaryimage\",\"url\":\"https:\\\/\\\/localtrekkersperu.com\\\/wp-content\\\/uploads\\\/2024\\\/09\\\/Rainbow-Mountain-Cusco-Local-Trekkers-Peru.webp\",\"contentUrl\":\"https:\\\/\\\/localtrekkersperu.com\\\/wp-content\\\/uploads\\\/2024\\\/09\\\/Rainbow-Mountain-Cusco-Local-Trekkers-Peru.webp\",\"width\":1077,\"height\":760},{\"@type\":\"BreadcrumbList\",\"@id\":\"https:\\\/\\\/localtrekkersperu.com\\\/es\\\/montana-arcoiris-con-valle-rojo\\\/#breadcrumb\",\"itemListElement\":[{\"@type\":\"ListItem\",\"position\":1,\"name\":\"Home\",\"item\":\"https:\\\/\\\/localtrekkersperu.com\\\/es\\\/\"},{\"@type\":\"ListItem\",\"position\":2,\"name\":\"Tours en Cusco\",\"item\":\"https:\\\/\\\/localtrekkersperu.com\\\/es\\\/category\\\/tours-en-cusco\\\/\"},{\"@type\":\"ListItem\",\"position\":3,\"name\":\"Monta\u00f1a Arco\u00edris con Valle Rojo\"}]},{\"@type\":\"WebSite\",\"@id\":\"https:\\\/\\\/localtrekkersperu.com\\\/es\\\/#website\",\"url\":\"https:\\\/\\\/localtrekkersperu.com\\\/es\\\/\",\"name\":\"Local Trekkers Peru\",\"description\":\"\",\"publisher\":{\"@id\":\"https:\\\/\\\/localtrekkersperu.com\\\/es\\\/#organization\"},\"potentialAction\":[{\"@type\":\"SearchAction\",\"target\":{\"@type\":\"EntryPoint\",\"urlTemplate\":\"https:\\\/\\\/localtrekkersperu.com\\\/es\\\/?s={search_term_string}\"},\"query-input\":{\"@type\":\"PropertyValueSpecification\",\"valueRequired\":true,\"valueName\":\"search_term_string\"}}],\"inLanguage\":\"es\"},{\"@type\":\"Organization\",\"@id\":\"https:\\\/\\\/localtrekkersperu.com\\\/es\\\/#organization\",\"name\":\"Local Trekkers Peru\",\"url\":\"https:\\\/\\\/localtrekkersperu.com\\\/es\\\/\",\"logo\":{\"@type\":\"ImageObject\",\"inLanguage\":\"es\",\"@id\":\"https:\\\/\\\/localtrekkersperu.com\\\/es\\\/#\\\/schema\\\/logo\\\/image\\\/\",\"url\":\"https:\\\/\\\/localtrekkersperu.com\\\/wp-content\\\/uploads\\\/2024\\\/08\\\/logo.png\",\"contentUrl\":\"https:\\\/\\\/localtrekkersperu.com\\\/wp-content\\\/uploads\\\/2024\\\/08\\\/logo.png\",\"width\":411,\"height\":122,\"caption\":\"Local Trekkers Peru\"},\"image\":{\"@id\":\"https:\\\/\\\/localtrekkersperu.com\\\/es\\\/#\\\/schema\\\/logo\\\/image\\\/\"}},{\"@type\":\"Person\",\"@id\":\"https:\\\/\\\/localtrekkersperu.com\\\/es\\\/#\\\/schema\\\/person\\\/babe2ac841b0da6e2402ca92d217bb6a\",\"name\":\"admin_local\",\"sameAs\":[\"https:\\\/\\\/localtrekkersperu.com\"]}]}<\/script>\n<!-- \/ Yoast SEO Premium plugin. -->","yoast_head_json":{"title":"Monta\u00f1a Arco\u00edris con Valle Rojo - Local Trekkers Peru","description":"Monta\u00f1a Arco\u00edris con Valle Rojo, en un solo d\u00eda desde Cusco. Trekking inolvidable con paisajes \u00fanicos y experiencia cultural andina.","robots":{"index":"index","follow":"follow","max-snippet":"max-snippet:-1","max-image-preview":"max-image-preview:large","max-video-preview":"max-video-preview:-1"},"canonical":"https:\/\/localtrekkersperu.com\/es\/montana-arcoiris-con-valle-rojo\/","og_locale":"es_ES","og_type":"article","og_title":"Monta\u00f1a Arco\u00edris con Valle Rojo","og_description":"Monta\u00f1a Arco\u00edris con Valle Rojo, en un solo d\u00eda desde Cusco. Trekking inolvidable con paisajes \u00fanicos y experiencia cultural andina.","og_url":"https:\/\/localtrekkersperu.com\/es\/montana-arcoiris-con-valle-rojo\/","og_site_name":"Local Trekkers Peru","article_published_time":"2024-09-18T03:44:36+00:00","article_modified_time":"2026-02-25T21:42:50+00:00","og_image":[{"width":1077,"height":760,"url":"https:\/\/localtrekkersperu.com\/wp-content\/uploads\/2024\/09\/Rainbow-Mountain-Cusco-Local-Trekkers-Peru.webp","type":"image\/webp"}],"author":"admin_local","twitter_card":"summary_large_image","twitter_misc":{"Escrito por":"admin_local","Tiempo de lectura":"4 minutos"},"schema":{"@context":"https:\/\/schema.org","@graph":[{"@type":"Article","@id":"https:\/\/localtrekkersperu.com\/es\/montana-arcoiris-con-valle-rojo\/#article","isPartOf":{"@id":"https:\/\/localtrekkersperu.com\/es\/montana-arcoiris-con-valle-rojo\/"},"author":{"name":"admin_local","@id":"https:\/\/localtrekkersperu.com\/es\/#\/schema\/person\/babe2ac841b0da6e2402ca92d217bb6a"},"headline":"Monta\u00f1a Arco\u00edris con Valle Rojo","datePublished":"2024-09-18T03:44:36+00:00","dateModified":"2026-02-25T21:42:50+00:00","mainEntityOfPage":{"@id":"https:\/\/localtrekkersperu.com\/es\/montana-arcoiris-con-valle-rojo\/"},"wordCount":788,"publisher":{"@id":"https:\/\/localtrekkersperu.com\/es\/#organization"},"image":{"@id":"https:\/\/localtrekkersperu.com\/es\/montana-arcoiris-con-valle-rojo\/#primaryimage"},"thumbnailUrl":"https:\/\/localtrekkersperu.com\/wp-content\/uploads\/2024\/09\/Rainbow-Mountain-Cusco-Local-Trekkers-Peru.webp","articleSection":["Tours en Cusco"],"inLanguage":"es"},{"@type":"WebPage","@id":"https:\/\/localtrekkersperu.com\/es\/montana-arcoiris-con-valle-rojo\/","url":"https:\/\/localtrekkersperu.com\/es\/montana-arcoiris-con-valle-rojo\/","name":"Monta\u00f1a Arco\u00edris con Valle Rojo - Local Trekkers Peru","isPartOf":{"@id":"https:\/\/localtrekkersperu.com\/es\/#website"},"primaryImageOfPage":{"@id":"https:\/\/localtrekkersperu.com\/es\/montana-arcoiris-con-valle-rojo\/#primaryimage"},"image":{"@id":"https:\/\/localtrekkersperu.com\/es\/montana-arcoiris-con-valle-rojo\/#primaryimage"},"thumbnailUrl":"https:\/\/localtrekkersperu.com\/wp-content\/uploads\/2024\/09\/Rainbow-Mountain-Cusco-Local-Trekkers-Peru.webp","datePublished":"2024-09-18T03:44:36+00:00","dateModified":"2026-02-25T21:42:50+00:00","description":"Monta\u00f1a Arco\u00edris con Valle Rojo, en un solo d\u00eda desde Cusco. Trekking inolvidable con paisajes \u00fanicos y experiencia cultural andina.","breadcrumb":{"@id":"https:\/\/localtrekkersperu.com\/es\/montana-arcoiris-con-valle-rojo\/#breadcrumb"},"inLanguage":"es","potentialAction":[{"@type":"ReadAction","target":["https:\/\/localtrekkersperu.com\/es\/montana-arcoiris-con-valle-rojo\/"]}]},{"@type":"ImageObject","inLanguage":"es","@id":"https:\/\/localtrekkersperu.com\/es\/montana-arcoiris-con-valle-rojo\/#primaryimage","url":"https:\/\/localtrekkersperu.com\/wp-content\/uploads\/2024\/09\/Rainbow-Mountain-Cusco-Local-Trekkers-Peru.webp","contentUrl":"https:\/\/localtrekkersperu.com\/wp-content\/uploads\/2024\/09\/Rainbow-Mountain-Cusco-Local-Trekkers-Peru.webp","width":1077,"height":760},{"@type":"BreadcrumbList","@id":"https:\/\/localtrekkersperu.com\/es\/montana-arcoiris-con-valle-rojo\/#breadcrumb","itemListElement":[{"@type":"ListItem","position":1,"name":"Home","item":"https:\/\/localtrekkersperu.com\/es\/"},{"@type":"ListItem","position":2,"name":"Tours en Cusco","item":"https:\/\/localtrekkersperu.com\/es\/category\/tours-en-cusco\/"},{"@type":"ListItem","position":3,"name":"Monta\u00f1a Arco\u00edris con Valle Rojo"}]},{"@type":"WebSite","@id":"https:\/\/localtrekkersperu.com\/es\/#website","url":"https:\/\/localtrekkersperu.com\/es\/","name":"Local Trekkers Peru","description":"","publisher":{"@id":"https:\/\/localtrekkersperu.com\/es\/#organization"},"potentialAction":[{"@type":"SearchAction","target":{"@type":"EntryPoint","urlTemplate":"https:\/\/localtrekkersperu.com\/es\/?s={search_term_string}"},"query-input":{"@type":"PropertyValueSpecification","valueRequired":true,"valueName":"search_term_string"}}],"inLanguage":"es"},{"@type":"Organization","@id":"https:\/\/localtrekkersperu.com\/es\/#organization","name":"Local Trekkers Peru","url":"https:\/\/localtrekkersperu.com\/es\/","logo":{"@type":"ImageObject","inLanguage":"es","@id":"https:\/\/localtrekkersperu.com\/es\/#\/schema\/logo\/image\/","url":"https:\/\/localtrekkersperu.com\/wp-content\/uploads\/2024\/08\/logo.png","contentUrl":"https:\/\/localtrekkersperu.com\/wp-content\/uploads\/2024\/08\/logo.png","width":411,"height":122,"caption":"Local Trekkers Peru"},"image":{"@id":"https:\/\/localtrekkersperu.com\/es\/#\/schema\/logo\/image\/"}},{"@type":"Person","@id":"https:\/\/localtrekkersperu.com\/es\/#\/schema\/person\/babe2ac841b0da6e2402ca92d217bb6a","name":"admin_local","sameAs":["https:\/\/localtrekkersperu.com"]}]}},"author_meta":{"display_name":"admin_local","author_link":"https:\/\/localtrekkersperu.com\/es\/author\/admin_local\/"},"featured_img":"https:\/\/localtrekkersperu.com\/wp-content\/uploads\/2024\/09\/Rainbow-Mountain-Cusco-Local-Trekkers-Peru-300x212.webp","coauthors":[],"tax_additional":{"categories":{"linked":["<a href=\"https:\/\/localtrekkersperu.com\/es\/category\/tours-en-cusco\/\" class=\"advgb-post-tax-term\">Tours en Cusco<\/a>"],"unlinked":["<span class=\"advgb-post-tax-term\">Tours en Cusco<\/span>"]}},"comment_count":"0","relative_dates":{"created":"Publicado 2 a\u00f1os hace","modified":"Actualizado 2 meses hace"},"absolute_dates":{"created":"Publicado el septiembre 18, 2024","modified":"Actualizado el febrero 25, 2026"},"absolute_dates_time":{"created":"Publicado el septiembre 18, 2024 3:44 am","modified":"Actualizado el febrero 25, 2026 9:42 pm"},"featured_img_caption":"","series_order":"","_links":{"self":[{"href":"https:\/\/localtrekkersperu.com\/es\/wp-json\/wp\/v2\/posts\/183","targetHints":{"allow":["GET"]}}],"collection":[{"href":"https:\/\/localtrekkersperu.com\/es\/wp-json\/wp\/v2\/posts"}],"about":[{"href":"https:\/\/localtrekkersperu.com\/es\/wp-json\/wp\/v2\/types\/post"}],"author":[{"embeddable":true,"href":"https:\/\/localtrekkersperu.com\/es\/wp-json\/wp\/v2\/users\/1"}],"replies":[{"embeddable":true,"href":"https:\/\/localtrekkersperu.com\/es\/wp-json\/wp\/v2\/comments?post=183"}],"version-history":[{"count":8,"href":"https:\/\/localtrekkersperu.com\/es\/wp-json\/wp\/v2\/posts\/183\/revisions"}],"predecessor-version":[{"id":10982,"href":"https:\/\/localtrekkersperu.com\/es\/wp-json\/wp\/v2\/posts\/183\/revisions\/10982"}],"wp:featuredmedia":[{"embeddable":true,"href":"https:\/\/localtrekkersperu.com\/es\/wp-json\/wp\/v2\/media\/2730"}],"wp:attachment":[{"href":"https:\/\/localtrekkersperu.com\/es\/wp-json\/wp\/v2\/media?parent=183"}],"wp:term":[{"taxonomy":"category","embeddable":true,"href":"https:\/\/localtrekkersperu.com\/es\/wp-json\/wp\/v2\/categories?post=183"},{"taxonomy":"post_tag","embeddable":true,"href":"https:\/\/localtrekkersperu.com\/es\/wp-json\/wp\/v2\/tags?post=183"}],"curies":[{"name":"wp","href":"https:\/\/api.w.org\/{rel}","templated":true}]}}