{"id":9464,"date":"2025-09-25T05:30:38","date_gmt":"2025-09-25T05:30:38","guid":{"rendered":"https:\/\/localtrekkersperu.com\/?post_type=blog&#038;p=9464"},"modified":"2025-09-29T14:45:26","modified_gmt":"2025-09-29T14:45:26","slug":"vinicunca-montana-de-siete-colores-en-cusco","status":"publish","type":"blog","link":"https:\/\/localtrekkersperu.com\/es\/blog\/vinicunca-montana-de-siete-colores-en-cusco\/","title":{"rendered":"Vinicunca: Monta\u00f1a de Siete Colores en Cusco"},"content":{"rendered":"\n<p>En lo alto de los Andes peruanos, a m\u00e1s de 5,000 metros sobre el nivel del mar, se alza un fen\u00f3meno geol\u00f3gico que parece sacado de un sue\u00f1o: <strong>Vinicunca<\/strong>, popularmente conocida como la <strong><a href=\"https:\/\/localtrekkersperu.com\/es\/blog\/montana-de-los-7-colores-vinicunca\/\">Monta\u00f1a de Siete Colores<\/a><\/strong>. Con sus franjas vibrantes de rojo, verde, amarillo, p\u00farpura y dorado, este rinc\u00f3n del Cusco se ha convertido en uno de los destinos m\u00e1s fotografiados \u2014y anhelados\u2014 del Per\u00fa en la \u00faltima d\u00e9cada.<\/p>\n\n\n\n<p>Pero Vinicunca es mucho m\u00e1s que un fondo para redes sociales. Es un testimonio del poder de la naturaleza, un lugar sagrado para las comunidades andinas y un desaf\u00edo f\u00edsico que recompensa con una de las vistas m\u00e1s espectaculares del planeta.<\/p>\n\n\n\n<figure class=\"wp-block-image size-large\"><img loading=\"lazy\" decoding=\"async\" width=\"1024\" height=\"473\" src=\"https:\/\/localtrekkersperu.com\/wp-content\/uploads\/2025\/09\/vinicunca-1024x473.webp\" alt=\"\" class=\"wp-image-9466\" srcset=\"https:\/\/localtrekkersperu.com\/wp-content\/uploads\/2025\/09\/vinicunca-1024x473.webp 1024w, https:\/\/localtrekkersperu.com\/wp-content\/uploads\/2025\/09\/vinicunca-300x139.webp 300w, https:\/\/localtrekkersperu.com\/wp-content\/uploads\/2025\/09\/vinicunca-768x355.webp 768w, https:\/\/localtrekkersperu.com\/wp-content\/uploads\/2025\/09\/vinicunca-1536x709.webp 1536w, https:\/\/localtrekkersperu.com\/wp-content\/uploads\/2025\/09\/vinicunca.webp 1600w\" sizes=\"auto, (max-width: 1024px) 100vw, 1024px\" \/><figcaption class=\"wp-element-caption\">Monta\u00f1a de Colores<\/figcaption><\/figure>\n\n\n\n<h2 class=\"wp-block-heading\" id=\"h-donde-esta-vinicunca\">\u00bfD\u00f3nde est\u00e1 Vinicunca?<\/h2>\n\n\n\n<p>Vinicunca se encuentra en la <strong>cordillera de Vilcanota<\/strong>, en el distrito de Pitumarca, provincia de Canchis, a unas <strong>3 horas en auto desde la ciudad del Cusco<\/strong>. El trayecto atraviesa paisajes andinos de pastizales, lagunas y peque\u00f1os pueblos, hasta llegar al punto de inicio de la caminata, cerca de la comunidad de Pampachiri.<\/p>\n\n\n\n<p>Aunque muchas personas la conocen como \u201cRainbow Mountain\u201d, su nombre original en quechua es <strong>Vinicunca<\/strong>, que podr\u00eda traducirse como \u201cmonta\u00f1a de los vinos\u201d o \u201cmonta\u00f1a de los vientos\u201d, seg\u00fan la interpretaci\u00f3n local. El nombre \u201cMonta\u00f1a de Siete Colores\u201d surgi\u00f3 con la llegada del turismo masivo, por la impresionante paleta crom\u00e1tica que exhibe su ladera.<\/p>\n\n\n\n<iframe src=\"https:\/\/www.google.com\/maps\/embed?pb=!1m18!1m12!1m3!1d15493.923822177285!2d-71.30299005567213!3d-13.870165777819576!2m3!1f0!2f0!3f0!3m2!1i1024!2i768!4f13.1!3m3!1m2!1s0x916ee6d8f2a9511b%3A0x1999fa34ef3c2636!2sVinicunca!5e0!3m2!1ses!2spe!4v1758771267744!5m2!1ses!2spe\" width=\"100%\" height=\"450\" style=\"border:0;\" allowfullscreen=\"\" loading=\"lazy\" referrerpolicy=\"no-referrer-when-downgrade\"><\/iframe>\n\n\n\n<h2 class=\"wp-block-heading\" id=\"h-por-que-tiene-siete-colores\">\u00bfPor qu\u00e9 tiene siete colores?<\/h2>\n\n\n\n<p>Los colores de Vinicunca no son pintura ni ilusi\u00f3n \u00f3ptica. Son el resultado de <strong>procesos geol\u00f3gicos que ocurrieron hace millones de a\u00f1os<\/strong>. Las distintas tonalidades provienen de minerales presentes en las capas sedimentarias:<\/p>\n\n\n\n<div class=\"wp-block-advgb-list\"><ul class=\"advgblist-ac273f73-b46f-4d18-bda7-387aa7ef96e1 advgb-list advgb-list-info\">\n<li>El <strong>rojo y el \u00f3xido<\/strong> vienen del hierro.<\/li>\n\n\n\n<li>El <strong>verde<\/strong> se debe a la presencia de cobre y f\u00f3siles marinos.<\/li>\n\n\n\n<li>El <strong>amarillo y dorado<\/strong> corresponden a azufre y limonita.<\/li>\n\n\n\n<li>El <strong>p\u00farpura y violeta<\/strong> se relacionan con manganeso y otros compuestos.<\/li>\n<\/ul><\/div>\n\n\n\n<p>Estas capas, originalmente horizontales, fueron levantadas y plegadas por el movimiento tect\u00f3nico de las placas sudamericana y de Nazca, formando la cordillera de los Andes. La erosi\u00f3n posterior expuso estos estratos, revelando el arco\u00edris mineral que hoy admiramos.<\/p>\n\n\n\n<figure class=\"wp-block-image size-large\"><img loading=\"lazy\" decoding=\"async\" width=\"1024\" height=\"577\" src=\"https:\/\/localtrekkersperu.com\/wp-content\/uploads\/2025\/09\/montana-de-colores-1024x577.webp\" alt=\"\" class=\"wp-image-9469\" srcset=\"https:\/\/localtrekkersperu.com\/wp-content\/uploads\/2025\/09\/montana-de-colores-1024x577.webp 1024w, https:\/\/localtrekkersperu.com\/wp-content\/uploads\/2025\/09\/montana-de-colores-300x169.webp 300w, https:\/\/localtrekkersperu.com\/wp-content\/uploads\/2025\/09\/montana-de-colores-768x432.webp 768w, https:\/\/localtrekkersperu.com\/wp-content\/uploads\/2025\/09\/montana-de-colores-1536x865.webp 1536w, https:\/\/localtrekkersperu.com\/wp-content\/uploads\/2025\/09\/montana-de-colores.webp 1600w\" sizes=\"auto, (max-width: 1024px) 100vw, 1024px\" \/><figcaption class=\"wp-element-caption\">Vinicunca<\/figcaption><\/figure>\n\n\n\n<h2 class=\"wp-block-heading\" id=\"h-como-llegar-y-que-esperar\">C\u00f3mo llegar y qu\u00e9 esperar<\/h2>\n\n\n\n<p>La visita a Vinicunca comienza en Cusco, donde la mayor\u00eda de los viajeros contratan un tour o un transporte privado. Tras un viaje de tres horas por carreteras de tierra, se llega al punto de partida, a unos 4,700 metros de altitud. Desde all\u00ed, una <strong>caminata de 1.5 a 2 horas<\/strong> (ida) conduce a la cima, a 5,040 metros.<\/p>\n\n\n\n<p>El ascenso es moderado a exigente, dependiendo de la condici\u00f3n f\u00edsica y la aclimataci\u00f3n a la altura. Es com\u00fan sentir fatiga, falta de aire o mareos si no se ha pasado al menos dos d\u00edas en Cusco antes de la excursi\u00f3n. Por eso, se recomienda <strong>aclimatarse previamente<\/strong> y llevar agua, snacks energ\u00e9ticos, ropa abrigada y bloqueador solar.<\/p>\n\n\n\n<p>Para quienes no desean caminar, es posible <strong>alquilar un caballo<\/strong> con arrieros locales, una opci\u00f3n popular que reduce el esfuerzo f\u00edsico y apoya directamente a la comunidad.<\/p>\n\n\n\n<p>Una vez en la cima, la recompensa es inmediata: una vista panor\u00e1mica de la monta\u00f1a arco\u00edris, con el nevado Ausangate \u2014una de las monta\u00f1as m\u00e1s sagradas del mundo andino\u2014 asomando al fondo.<\/p>\n\n\n\n<figure class=\"wp-block-image size-large\"><img loading=\"lazy\" decoding=\"async\" width=\"1024\" height=\"766\" src=\"https:\/\/localtrekkersperu.com\/wp-content\/uploads\/2025\/09\/montana-de-colores-1-1024x766.webp\" alt=\"\" class=\"wp-image-9472\" srcset=\"https:\/\/localtrekkersperu.com\/wp-content\/uploads\/2025\/09\/montana-de-colores-1-1024x766.webp 1024w, https:\/\/localtrekkersperu.com\/wp-content\/uploads\/2025\/09\/montana-de-colores-1-300x224.webp 300w, https:\/\/localtrekkersperu.com\/wp-content\/uploads\/2025\/09\/montana-de-colores-1-768x575.webp 768w, https:\/\/localtrekkersperu.com\/wp-content\/uploads\/2025\/09\/montana-de-colores-1-1536x1149.webp 1536w, https:\/\/localtrekkersperu.com\/wp-content\/uploads\/2025\/09\/montana-de-colores-1.webp 1600w\" sizes=\"auto, (max-width: 1024px) 100vw, 1024px\" \/><figcaption class=\"wp-element-caption\">Caballo en la Monta\u00f1a de colores<\/figcaption><\/figure>\n\n\n\n<h2 class=\"wp-block-heading\" id=\"h-temporada-ideal-para-visitar\">Temporada ideal para visitar<\/h2>\n\n\n\n<p>La <strong>mejor \u00e9poca para visitar Vinicunca es entre abril y octubre<\/strong>, durante la temporada seca. En estos meses, el cielo est\u00e1 m\u00e1s despejado, los caminos est\u00e1n firmes y los colores de la monta\u00f1a se ven con mayor nitidez.<\/p>\n\n\n\n<p>Entre noviembre y marzo, la temporada de lluvias puede hacer el trayecto resbaladizo, cubrir la monta\u00f1a con niebla y, en algunos casos, incluso cancelar el acceso por seguridad. Aunque el paisaje es m\u00e1s verde, las condiciones no son ideales para la mayor\u00eda de los visitantes.<\/p>\n\n\n\n<h2 class=\"wp-block-heading\" id=\"h-impacto-del-turismo-y-responsabilidad\">Impacto del turismo y responsabilidad<\/h2>\n\n\n\n<p>Desde que se volvi\u00f3 viral en redes sociales alrededor de 2016, Vinicunca ha recibido <strong>miles de visitantes al a\u00f1o<\/strong>. Esto ha tra\u00eddo beneficios econ\u00f3micos a las comunidades locales, pero tambi\u00e9n desaf\u00edos: erosi\u00f3n del sendero, residuos mal manejados y presi\u00f3n sobre los recursos naturales.<\/p>\n\n\n\n<p>Por eso, es fundamental <strong>viajar de forma responsable<\/strong>: no dejar basura, respetar las zonas delimitadas, no tocar ni arrancar vegetaci\u00f3n, y preferir tours que trabajen directamente con comunidades originarias. Algunos operadores ya incluyen gu\u00edas locales, pagos comunitarios transparentes y pr\u00e1cticas sostenibles.<\/p>\n\n\n\n<h2 class=\"wp-block-heading\" id=\"h-vinicunca-vs-palcoyo-cual-visitar\">Vinicunca vs. Palcoyo: \u00bfcu\u00e1l visitar?<\/h2>\n\n\n\n<p>Muchos viajeros se preguntan si es mejor ir a Vinicunca o a <strong>Palcoyo<\/strong>, otra monta\u00f1a de colores en la misma regi\u00f3n. La principal diferencia est\u00e1 en la <strong>dificultad del acceso<\/strong>:<\/p>\n\n\n\n<div class=\"wp-block-advgb-list\"><ul class=\"advgblist-99fcbcee-6a11-4205-a18c-68a294bc309c\">\n<li><strong>Vinicunca<\/strong> requiere una caminata m\u00e1s larga y empinada, a mayor altitud (5,040 m).<\/li>\n\n\n\n<li><strong>Palcoyo<\/strong> tiene un ascenso m\u00e1s corto y suave (alrededor de 30 minutos), a unos 4,900 m.<\/li>\n<\/ul><\/div>\n\n\n\n<p>Ambas son impresionantes, pero Vinicunca sigue siendo la m\u00e1s ic\u00f3nica y fotografiada. Si tienes buena condici\u00f3n f\u00edsica y est\u00e1s bien aclimatado, vale la pena el esfuerzo.<\/p>\n\n\n\n<h2 class=\"wp-block-heading\" id=\"h-consejos-esenciales\">Consejos esenciales<\/h2>\n\n\n\n<div class=\"wp-block-advgb-list\"><ul class=\"advgblist-c4f72163-40a5-484c-b49e-b89edc53da4a\">\n<li>Pasa al menos <strong>dos noches en Cusco<\/strong> antes de ir a Vinicunca.<\/li>\n\n\n\n<li>Evita el alcohol y las comidas pesadas la noche anterior.<\/li>\n\n\n\n<li>Lleva <strong>dinero en efectivo<\/strong> para pagar la entrada comunitaria (alrededor de 10\u201315 soles) y el alquiler de caballos.<\/li>\n\n\n\n<li>Contrata un <strong>tour con seguro y gu\u00eda certificado<\/strong>, especialmente si viajas solo.<\/li>\n\n\n\n<li>S\u00e9 respetuoso: Vinicunca no es solo un paisaje, sino un <strong>lugar sagrado para los pobladores andinos<\/strong>.<\/li>\n<\/ul><\/div>\n\n\n\n<h2 class=\"wp-block-heading\" id=\"h-conclusion\">Conclusi\u00f3n<\/h2>\n\n\n\n<p>Vinicunca no es solo una monta\u00f1a de colores. Es una <strong>intersecci\u00f3n entre geolog\u00eda, cultura, espiritualidad y aventura<\/strong>. Su belleza es real, su historia milenaria y su presencia, imponente. Visitarla exige preparaci\u00f3n, respeto y humildad ante la naturaleza. Pero quienes lo hacen, regresan con una imagen imborrable en la retina y una profunda admiraci\u00f3n por los Andes peruanos.<\/p>\n\n\n\n<p>Si est\u00e1s en Cusco y buscas una experiencia que combine naturaleza extrema y paisaje \u00fanico, la Monta\u00f1a de Siete Colores debe estar en tu itinerario. Solo recuerda: no se trata de llegar a la cima, sino de hacerlo con conciencia.<\/p>\n<style class=\"advgb-styles-renderer\">.wp-block-advgb-list ul.advgblist-ac273f73-b46f-4d18-bda7-387aa7ef96e1 > li{font-size:16px;}.wp-block-advgb-list ul.advgblist-ac273f73-b46f-4d18-bda7-387aa7ef96e1 > li{padding-left:18px;margin-left:0;}.wp-block-advgb-list ul.advgblist-ac273f73-b46f-4d18-bda7-387aa7ef96e1 > li:before{font-size:16px;color:#0099dd;line-height:18px;margin:2px;padding:2px;margin-left:-20px}.wp-block-advgb-list ul.advgblist-99fcbcee-6a11-4205-a18c-68a294bc309c > li{font-size:16px;}.wp-block-advgb-list ul.advgblist-c4f72163-40a5-484c-b49e-b89edc53da4a > li{font-size:16px;}<\/style>","protected":false},"author":3,"featured_media":9475,"template":"","meta":{"_acf_changed":false,"advgb_blocks_editor_width":"","advgb_blocks_columns_visual_guide":""},"tip":[],"class_list":["post-9464","blog","type-blog","status-publish","has-post-thumbnail","hentry"],"acf":[],"yoast_head":"<!-- This site is optimized with the Yoast SEO Premium plugin v25.2 (Yoast SEO v27.4) - https:\/\/yoast.com\/product\/yoast-seo-premium-wordpress\/ -->\n<title>Vinicunca: Monta\u00f1a de Siete Colores en Cusco - Local Trekkers Peru<\/title>\n<meta name=\"description\" content=\"Descubre Vinicunca, la Monta\u00f1a de Siete Colores en Cusco: c\u00f3mo llegar, altitud, mejor \u00e9poca para visitar y consejos para una experiencia segura y respetuosa.\" \/>\n<meta name=\"robots\" content=\"index, follow, max-snippet:-1, max-image-preview:large, max-video-preview:-1\" \/>\n<link rel=\"canonical\" href=\"https:\/\/localtrekkersperu.com\/es\/blog\/vinicunca-montana-de-siete-colores-en-cusco\/\" \/>\n<meta property=\"og:locale\" content=\"es_ES\" \/>\n<meta property=\"og:type\" content=\"article\" \/>\n<meta property=\"og:title\" content=\"Vinicunca: Monta\u00f1a de Siete Colores en Cusco\" \/>\n<meta property=\"og:description\" content=\"Descubre Vinicunca, la Monta\u00f1a de Siete Colores en Cusco: c\u00f3mo llegar, altitud, mejor \u00e9poca para visitar y consejos para una experiencia segura y respetuosa.\" \/>\n<meta property=\"og:url\" content=\"https:\/\/localtrekkersperu.com\/es\/blog\/vinicunca-montana-de-siete-colores-en-cusco\/\" \/>\n<meta property=\"og:site_name\" content=\"Local Trekkers Peru\" \/>\n<meta property=\"article:modified_time\" content=\"2025-09-29T14:45:26+00:00\" \/>\n<meta property=\"og:image\" content=\"https:\/\/localtrekkersperu.com\/wp-content\/uploads\/2025\/09\/vinicunca-1.webp\" \/>\n\t<meta property=\"og:image:width\" content=\"1200\" \/>\n\t<meta property=\"og:image:height\" content=\"900\" \/>\n\t<meta property=\"og:image:type\" content=\"image\/webp\" \/>\n<meta name=\"twitter:card\" content=\"summary_large_image\" \/>\n<meta name=\"twitter:label1\" content=\"Tiempo de lectura\" \/>\n\t<meta name=\"twitter:data1\" content=\"6 minutos\" \/>\n<script type=\"application\/ld+json\" class=\"yoast-schema-graph\">{\"@context\":\"https:\\\/\\\/schema.org\",\"@graph\":[{\"@type\":\"WebPage\",\"@id\":\"https:\\\/\\\/localtrekkersperu.com\\\/es\\\/blog\\\/vinicunca-montana-de-siete-colores-en-cusco\\\/\",\"url\":\"https:\\\/\\\/localtrekkersperu.com\\\/es\\\/blog\\\/vinicunca-montana-de-siete-colores-en-cusco\\\/\",\"name\":\"Vinicunca: Monta\u00f1a de Siete Colores en Cusco - Local Trekkers Peru\",\"isPartOf\":{\"@id\":\"https:\\\/\\\/localtrekkersperu.com\\\/es\\\/#website\"},\"primaryImageOfPage\":{\"@id\":\"https:\\\/\\\/localtrekkersperu.com\\\/es\\\/blog\\\/vinicunca-montana-de-siete-colores-en-cusco\\\/#primaryimage\"},\"image\":{\"@id\":\"https:\\\/\\\/localtrekkersperu.com\\\/es\\\/blog\\\/vinicunca-montana-de-siete-colores-en-cusco\\\/#primaryimage\"},\"thumbnailUrl\":\"https:\\\/\\\/localtrekkersperu.com\\\/wp-content\\\/uploads\\\/2025\\\/09\\\/vinicunca-1.webp\",\"datePublished\":\"2025-09-25T05:30:38+00:00\",\"dateModified\":\"2025-09-29T14:45:26+00:00\",\"description\":\"Descubre Vinicunca, la Monta\u00f1a de Siete Colores en Cusco: c\u00f3mo llegar, altitud, mejor \u00e9poca para visitar y consejos para una experiencia segura y respetuosa.\",\"breadcrumb\":{\"@id\":\"https:\\\/\\\/localtrekkersperu.com\\\/es\\\/blog\\\/vinicunca-montana-de-siete-colores-en-cusco\\\/#breadcrumb\"},\"inLanguage\":\"es\",\"potentialAction\":[{\"@type\":\"ReadAction\",\"target\":[\"https:\\\/\\\/localtrekkersperu.com\\\/es\\\/blog\\\/vinicunca-montana-de-siete-colores-en-cusco\\\/\"]}]},{\"@type\":\"ImageObject\",\"inLanguage\":\"es\",\"@id\":\"https:\\\/\\\/localtrekkersperu.com\\\/es\\\/blog\\\/vinicunca-montana-de-siete-colores-en-cusco\\\/#primaryimage\",\"url\":\"https:\\\/\\\/localtrekkersperu.com\\\/wp-content\\\/uploads\\\/2025\\\/09\\\/vinicunca-1.webp\",\"contentUrl\":\"https:\\\/\\\/localtrekkersperu.com\\\/wp-content\\\/uploads\\\/2025\\\/09\\\/vinicunca-1.webp\",\"width\":1200,\"height\":900},{\"@type\":\"BreadcrumbList\",\"@id\":\"https:\\\/\\\/localtrekkersperu.com\\\/es\\\/blog\\\/vinicunca-montana-de-siete-colores-en-cusco\\\/#breadcrumb\",\"itemListElement\":[{\"@type\":\"ListItem\",\"position\":1,\"name\":\"Home\",\"item\":\"https:\\\/\\\/localtrekkersperu.com\\\/es\\\/\"},{\"@type\":\"ListItem\",\"position\":2,\"name\":\"Blogs\",\"item\":\"https:\\\/\\\/localtrekkersperu.com\\\/es\\\/blog\\\/\"},{\"@type\":\"ListItem\",\"position\":3,\"name\":\"Vinicunca: Monta\u00f1a de Siete Colores en Cusco\"}]},{\"@type\":\"WebSite\",\"@id\":\"https:\\\/\\\/localtrekkersperu.com\\\/es\\\/#website\",\"url\":\"https:\\\/\\\/localtrekkersperu.com\\\/es\\\/\",\"name\":\"Local Trekkers Peru\",\"description\":\"\",\"publisher\":{\"@id\":\"https:\\\/\\\/localtrekkersperu.com\\\/es\\\/#organization\"},\"potentialAction\":[{\"@type\":\"SearchAction\",\"target\":{\"@type\":\"EntryPoint\",\"urlTemplate\":\"https:\\\/\\\/localtrekkersperu.com\\\/es\\\/?s={search_term_string}\"},\"query-input\":{\"@type\":\"PropertyValueSpecification\",\"valueRequired\":true,\"valueName\":\"search_term_string\"}}],\"inLanguage\":\"es\"},{\"@type\":\"Organization\",\"@id\":\"https:\\\/\\\/localtrekkersperu.com\\\/es\\\/#organization\",\"name\":\"Local Trekkers Peru\",\"url\":\"https:\\\/\\\/localtrekkersperu.com\\\/es\\\/\",\"logo\":{\"@type\":\"ImageObject\",\"inLanguage\":\"es\",\"@id\":\"https:\\\/\\\/localtrekkersperu.com\\\/es\\\/#\\\/schema\\\/logo\\\/image\\\/\",\"url\":\"https:\\\/\\\/localtrekkersperu.com\\\/wp-content\\\/uploads\\\/2024\\\/08\\\/logo.png\",\"contentUrl\":\"https:\\\/\\\/localtrekkersperu.com\\\/wp-content\\\/uploads\\\/2024\\\/08\\\/logo.png\",\"width\":411,\"height\":122,\"caption\":\"Local Trekkers Peru\"},\"image\":{\"@id\":\"https:\\\/\\\/localtrekkersperu.com\\\/es\\\/#\\\/schema\\\/logo\\\/image\\\/\"}}]}<\/script>\n<!-- \/ Yoast SEO Premium plugin. -->","yoast_head_json":{"title":"Vinicunca: Monta\u00f1a de Siete Colores en Cusco - Local Trekkers Peru","description":"Descubre Vinicunca, la Monta\u00f1a de Siete Colores en Cusco: c\u00f3mo llegar, altitud, mejor \u00e9poca para visitar y consejos para una experiencia segura y respetuosa.","robots":{"index":"index","follow":"follow","max-snippet":"max-snippet:-1","max-image-preview":"max-image-preview:large","max-video-preview":"max-video-preview:-1"},"canonical":"https:\/\/localtrekkersperu.com\/es\/blog\/vinicunca-montana-de-siete-colores-en-cusco\/","og_locale":"es_ES","og_type":"article","og_title":"Vinicunca: Monta\u00f1a de Siete Colores en Cusco","og_description":"Descubre Vinicunca, la Monta\u00f1a de Siete Colores en Cusco: c\u00f3mo llegar, altitud, mejor \u00e9poca para visitar y consejos para una experiencia segura y respetuosa.","og_url":"https:\/\/localtrekkersperu.com\/es\/blog\/vinicunca-montana-de-siete-colores-en-cusco\/","og_site_name":"Local Trekkers Peru","article_modified_time":"2025-09-29T14:45:26+00:00","og_image":[{"width":1200,"height":900,"url":"https:\/\/localtrekkersperu.com\/wp-content\/uploads\/2025\/09\/vinicunca-1.webp","type":"image\/webp"}],"twitter_card":"summary_large_image","twitter_misc":{"Tiempo de lectura":"6 minutos"},"schema":{"@context":"https:\/\/schema.org","@graph":[{"@type":"WebPage","@id":"https:\/\/localtrekkersperu.com\/es\/blog\/vinicunca-montana-de-siete-colores-en-cusco\/","url":"https:\/\/localtrekkersperu.com\/es\/blog\/vinicunca-montana-de-siete-colores-en-cusco\/","name":"Vinicunca: Monta\u00f1a de Siete Colores en Cusco - Local Trekkers Peru","isPartOf":{"@id":"https:\/\/localtrekkersperu.com\/es\/#website"},"primaryImageOfPage":{"@id":"https:\/\/localtrekkersperu.com\/es\/blog\/vinicunca-montana-de-siete-colores-en-cusco\/#primaryimage"},"image":{"@id":"https:\/\/localtrekkersperu.com\/es\/blog\/vinicunca-montana-de-siete-colores-en-cusco\/#primaryimage"},"thumbnailUrl":"https:\/\/localtrekkersperu.com\/wp-content\/uploads\/2025\/09\/vinicunca-1.webp","datePublished":"2025-09-25T05:30:38+00:00","dateModified":"2025-09-29T14:45:26+00:00","description":"Descubre Vinicunca, la Monta\u00f1a de Siete Colores en Cusco: c\u00f3mo llegar, altitud, mejor \u00e9poca para visitar y consejos para una experiencia segura y respetuosa.","breadcrumb":{"@id":"https:\/\/localtrekkersperu.com\/es\/blog\/vinicunca-montana-de-siete-colores-en-cusco\/#breadcrumb"},"inLanguage":"es","potentialAction":[{"@type":"ReadAction","target":["https:\/\/localtrekkersperu.com\/es\/blog\/vinicunca-montana-de-siete-colores-en-cusco\/"]}]},{"@type":"ImageObject","inLanguage":"es","@id":"https:\/\/localtrekkersperu.com\/es\/blog\/vinicunca-montana-de-siete-colores-en-cusco\/#primaryimage","url":"https:\/\/localtrekkersperu.com\/wp-content\/uploads\/2025\/09\/vinicunca-1.webp","contentUrl":"https:\/\/localtrekkersperu.com\/wp-content\/uploads\/2025\/09\/vinicunca-1.webp","width":1200,"height":900},{"@type":"BreadcrumbList","@id":"https:\/\/localtrekkersperu.com\/es\/blog\/vinicunca-montana-de-siete-colores-en-cusco\/#breadcrumb","itemListElement":[{"@type":"ListItem","position":1,"name":"Home","item":"https:\/\/localtrekkersperu.com\/es\/"},{"@type":"ListItem","position":2,"name":"Blogs","item":"https:\/\/localtrekkersperu.com\/es\/blog\/"},{"@type":"ListItem","position":3,"name":"Vinicunca: Monta\u00f1a de Siete Colores en Cusco"}]},{"@type":"WebSite","@id":"https:\/\/localtrekkersperu.com\/es\/#website","url":"https:\/\/localtrekkersperu.com\/es\/","name":"Local Trekkers Peru","description":"","publisher":{"@id":"https:\/\/localtrekkersperu.com\/es\/#organization"},"potentialAction":[{"@type":"SearchAction","target":{"@type":"EntryPoint","urlTemplate":"https:\/\/localtrekkersperu.com\/es\/?s={search_term_string}"},"query-input":{"@type":"PropertyValueSpecification","valueRequired":true,"valueName":"search_term_string"}}],"inLanguage":"es"},{"@type":"Organization","@id":"https:\/\/localtrekkersperu.com\/es\/#organization","name":"Local Trekkers Peru","url":"https:\/\/localtrekkersperu.com\/es\/","logo":{"@type":"ImageObject","inLanguage":"es","@id":"https:\/\/localtrekkersperu.com\/es\/#\/schema\/logo\/image\/","url":"https:\/\/localtrekkersperu.com\/wp-content\/uploads\/2024\/08\/logo.png","contentUrl":"https:\/\/localtrekkersperu.com\/wp-content\/uploads\/2024\/08\/logo.png","width":411,"height":122,"caption":"Local Trekkers Peru"},"image":{"@id":"https:\/\/localtrekkersperu.com\/es\/#\/schema\/logo\/image\/"}}]}},"featured_img":"https:\/\/localtrekkersperu.com\/wp-content\/uploads\/2025\/09\/vinicunca-1.webp","coauthors":[],"author_meta":{"author_link":"https:\/\/localtrekkersperu.com\/es\/author\/admin_editor\/","display_name":"Editor"},"relative_dates":{"created":"Publicado 7 meses hace","modified":"Actualizado 7 meses hace"},"absolute_dates":{"created":"Publicado el septiembre 25, 2025","modified":"Actualizado el septiembre 29, 2025"},"absolute_dates_time":{"created":"Publicado el septiembre 25, 2025 5:30 am","modified":"Actualizado el septiembre 29, 2025 2:45 pm"},"featured_img_caption":"","tax_additional":{"tip":{"linked":[],"unlinked":[],"slug":"tip","name":"Tips"},"translation_priority":{"linked":["<a href=\"https:\/\/localtrekkersperu.com\/?taxonomy=translation_priority&#038;term=optional\" class=\"advgb-post-tax-term\">Optional<\/a>"],"unlinked":["<span class=\"advgb-post-tax-term\">Optional<\/span>"],"slug":"translation_priority","name":"Prioridades de traducci\u00f3n"}},"series_order":"","_links":{"self":[{"href":"https:\/\/localtrekkersperu.com\/es\/wp-json\/wp\/v2\/blog\/9464","targetHints":{"allow":["GET"]}}],"collection":[{"href":"https:\/\/localtrekkersperu.com\/es\/wp-json\/wp\/v2\/blog"}],"about":[{"href":"https:\/\/localtrekkersperu.com\/es\/wp-json\/wp\/v2\/types\/blog"}],"wp:featuredmedia":[{"embeddable":true,"href":"https:\/\/localtrekkersperu.com\/es\/wp-json\/wp\/v2\/media\/9475"}],"wp:attachment":[{"href":"https:\/\/localtrekkersperu.com\/es\/wp-json\/wp\/v2\/media?parent=9464"}],"wp:term":[{"taxonomy":"tip","embeddable":true,"href":"https:\/\/localtrekkersperu.com\/es\/wp-json\/wp\/v2\/tip?post=9464"}],"curies":[{"name":"wp","href":"https:\/\/api.w.org\/{rel}","templated":true}]}}