{"id":7495,"date":"2025-06-23T01:21:00","date_gmt":"2025-06-23T01:21:00","guid":{"rendered":"https:\/\/localtrekkersperu.com\/?post_type=blog&#038;p=7495"},"modified":"2025-06-27T17:32:37","modified_gmt":"2025-06-27T17:32:37","slug":"inti-raymi-la-gran-fiesta-del-sol-en-cusco","status":"publish","type":"blog","link":"https:\/\/localtrekkersperu.com\/es\/blog\/inti-raymi-la-gran-fiesta-del-sol-en-cusco\/","title":{"rendered":"Inti Raymi: La Gran Fiesta del Sol en Cusco"},"content":{"rendered":"\n<p>El\u00a0<strong>Inti Raymi<\/strong>\u00a0(o \u00abFiesta del Sol\u00bb) es la\u00a0<strong>celebraci\u00f3n m\u00e1s importante del mundo andino<\/strong>\u00a0y una de las festividades m\u00e1s espectaculares de Per\u00fa. Cada\u00a0<strong>24 de junio<\/strong>, <a href=\"https:\/\/localtrekkersperu.com\/category\/tours-en-cusco\/\">Cusco <\/a>revive este ancestral ritual inca en honor al\u00a0<strong>Dios Inti (Sol)<\/strong>, marcando el solsticio de invierno y el inicio de un nuevo ciclo agr\u00edcola.<\/p>\n\n\n\n<p>Si planeas visitar Per\u00fa en junio, \u00a1no te lo puedes perder! Aqu\u00ed te contamos todo sobre esta ceremonia llena de color, m\u00fasica y espiritualidad.<\/p>\n\n\n\n<figure class=\"wp-block-image size-large\"><img loading=\"lazy\" decoding=\"async\" width=\"1024\" height=\"575\" src=\"https:\/\/localtrekkersperu.com\/wp-content\/uploads\/2025\/06\/el-inti-raymi-1024x575.webp\" alt=\"\" class=\"wp-image-7557\" srcset=\"https:\/\/localtrekkersperu.com\/wp-content\/uploads\/2025\/06\/el-inti-raymi-1024x575.webp 1024w, https:\/\/localtrekkersperu.com\/wp-content\/uploads\/2025\/06\/el-inti-raymi-300x169.webp 300w, https:\/\/localtrekkersperu.com\/wp-content\/uploads\/2025\/06\/el-inti-raymi-768x432.webp 768w, https:\/\/localtrekkersperu.com\/wp-content\/uploads\/2025\/06\/el-inti-raymi.webp 1420w\" sizes=\"auto, (max-width: 1024px) 100vw, 1024px\" \/><figcaption class=\"wp-element-caption\">Celebraci\u00f3n del Inti Raymi<\/figcaption><\/figure>\n\n\n\n<h2 class=\"wp-block-heading\" id=\"h-1-origen-e-historia-del-inti-raymi\">1. Origen e Historia del Inti Raymi<\/h2>\n\n\n\n<h3 class=\"wp-block-heading\" id=\"h-epoca-inca\">\u00c9poca Inca<\/h3>\n\n\n\n<ul class=\"wp-block-list\">\n<li>Era la&nbsp;<strong>fiesta m\u00e1s grande del Tahuantinsuyo<\/strong>, con sacrificios, danzas y ofrendas para asegurar buenas cosechas.<\/li>\n\n\n\n<li>Se celebraba en la\u00a0<strong>Plaza Huacaypata<\/strong>\u00a0(hoy Plaza de Armas de Cusco) y en\u00a0<strong><a href=\"https:\/\/localtrekkersperu.com\/es\/cusco-city-tour-medio-dia\/\">Sacsayhuam\u00e1n<\/a><\/strong>.<\/li>\n<\/ul>\n\n\n\n<h3 class=\"wp-block-heading\" id=\"h-prohibicion-y-recuperacion\">Prohibici\u00f3n y Recuperaci\u00f3n<\/h3>\n\n\n\n<ul class=\"wp-block-list\">\n<li>Los espa\u00f1oles la prohibieron en el siglo XVI por considerarla \u00abpaganismo\u00bb.<\/li>\n\n\n\n<li>En&nbsp;<strong>1944<\/strong>, el escritor cusque\u00f1o&nbsp;<strong>Faustino Espinoza Navarro<\/strong>&nbsp;la recuper\u00f3 como un espect\u00e1culo teatral basado en cr\u00f3nicas antiguas.<\/li>\n<\/ul>\n\n\n\n<figure class=\"wp-block-image size-full\"><img loading=\"lazy\" decoding=\"async\" width=\"980\" height=\"528\" src=\"https:\/\/localtrekkersperu.com\/wp-content\/uploads\/2025\/06\/init-raymi-antiguo.webp\" alt=\"\" class=\"wp-image-7560\" srcset=\"https:\/\/localtrekkersperu.com\/wp-content\/uploads\/2025\/06\/init-raymi-antiguo.webp 980w, https:\/\/localtrekkersperu.com\/wp-content\/uploads\/2025\/06\/init-raymi-antiguo-300x162.webp 300w, https:\/\/localtrekkersperu.com\/wp-content\/uploads\/2025\/06\/init-raymi-antiguo-768x414.webp 768w\" sizes=\"auto, (max-width: 980px) 100vw, 980px\" \/><figcaption class=\"wp-element-caption\">Inti Raymi en 1995<\/figcaption><\/figure>\n\n\n\n<h2 class=\"wp-block-heading\" id=\"h-2-como-se-celebra-hoy-el-inti-raymi\">2. \u00bfC\u00f3mo se Celebra Hoy el Inti Raymi?<\/h2>\n\n\n\n<h3 class=\"wp-block-heading\" id=\"h-escenarios-principales\">Escenarios Principales<\/h3>\n\n\n\n<ol start=\"1\" class=\"wp-block-list\">\n<li><strong>Koricancha (Templo del Sol)<\/strong>: Inicio de la ceremonia con saludos al sol.<\/li>\n\n\n\n<li><strong>Plaza de Armas<\/strong>: Representaci\u00f3n del \u00abSapa Inca\u00bb y su corte.<\/li>\n\n\n\n<li><strong>Sacsayhuam\u00e1n (Escenario Principal)<\/strong>: Aqu\u00ed se realiza el ritual central con:\n<ul class=\"wp-block-list\">\n<li><strong>Ofrendas al Inti<\/strong>&nbsp;(hojas de coca, chicha, llamas simb\u00f3licas).<\/li>\n\n\n\n<li><strong>Danzas t\u00edpicas<\/strong>&nbsp;(de todas las regiones del antiguo imperio).<\/li>\n\n\n\n<li><strong>Discurso en quechua<\/strong>&nbsp;del Sapa Inca.<\/li>\n<\/ul>\n<\/li>\n<\/ol>\n\n\n\n<h3 class=\"wp-block-heading\" id=\"h-duracion\"><strong>Duraci\u00f3n<\/strong><\/h3>\n\n\n\n<ul class=\"wp-block-list\">\n<li>Todo el evento dura&nbsp;<strong>5\u20136 horas<\/strong>&nbsp;(desde las 8:00 am hasta el mediod\u00eda).<\/li>\n<\/ul>\n\n\n\n<figure class=\"wp-block-image size-large\"><img loading=\"lazy\" decoding=\"async\" width=\"1024\" height=\"448\" src=\"https:\/\/localtrekkersperu.com\/wp-content\/uploads\/2025\/06\/inti-raymi-en-actualidad-1024x448.webp\" alt=\"\" class=\"wp-image-7563\" srcset=\"https:\/\/localtrekkersperu.com\/wp-content\/uploads\/2025\/06\/inti-raymi-en-actualidad-1024x448.webp 1024w, https:\/\/localtrekkersperu.com\/wp-content\/uploads\/2025\/06\/inti-raymi-en-actualidad-300x131.webp 300w, https:\/\/localtrekkersperu.com\/wp-content\/uploads\/2025\/06\/inti-raymi-en-actualidad-768x336.webp 768w, https:\/\/localtrekkersperu.com\/wp-content\/uploads\/2025\/06\/inti-raymi-en-actualidad-1536x672.webp 1536w, https:\/\/localtrekkersperu.com\/wp-content\/uploads\/2025\/06\/inti-raymi-en-actualidad.webp 1600w\" sizes=\"auto, (max-width: 1024px) 100vw, 1024px\" \/><figcaption class=\"wp-element-caption\">Inti Raymi en la Actualidad<\/figcaption><\/figure>\n\n\n\n<h2 class=\"wp-block-heading\" id=\"h-3-como-participar-del-inti-raymi\">3. \u00bfC\u00f3mo Participar del Inti Raymi?<\/h2>\n\n\n\n<h3 class=\"wp-block-heading\" id=\"h-entradas\"> Entradas<\/h3>\n\n\n\n<ul class=\"wp-block-list\">\n<li><strong>Gratis<\/strong>: Puedes ver parte de la ceremonia en Koricancha y Plaza de Armas.<\/li>\n\n\n\n<li><strong>Sacsayhuam\u00e1n (Tribunas)<\/strong>: Entradas desde&nbsp;<strong>$50 USD<\/strong>&nbsp;(compra con meses de anticipaci\u00f3n).<\/li>\n<\/ul>\n\n\n\n<h3 class=\"wp-block-heading\" id=\"h-consejos-para-asistir\">Consejos para Asistir<\/h3>\n\n\n\n<div class=\"wp-block-advgb-list\"><ul class=\"advgblist-d8118ce7-c427-475d-b5ba-09d1be55b603\">\n<li>&nbsp;<strong>Lleva ropa abrigada<\/strong>&nbsp;(junio es fr\u00edo en Cusco).<\/li>\n\n\n\n<li>&nbsp;<strong>Usa bloqueador y gorra<\/strong>&nbsp;(el sol en Sacsayhuam\u00e1n es fuerte).<\/li>\n\n\n\n<li><strong>Llega temprano<\/strong>&nbsp;(las tribunas se llenan r\u00e1pido).<\/li>\n<\/ul><\/div>\n\n\n\n<h2 class=\"wp-block-heading\" id=\"h-4-otras-actividades-en-cusco-durante-junio\">4. Otras Actividades en Cusco durante Junio<\/h2>\n\n\n\n<h3 class=\"wp-block-heading\" id=\"h-cusco-week-semana-del-24-de-junio\">\u00abCusco Week\u00bb (Semana del 24 de junio)<\/h3>\n\n\n\n<ul class=\"wp-block-list\">\n<li>Ferias artesanales, conciertos y desfiles.<\/li>\n\n\n\n<li><strong>Noche de Danzas Folkl\u00f3ricas<\/strong>&nbsp;(23 de junio en el Estadio Garcilaso).<\/li>\n<\/ul>\n\n\n\n<h3 class=\"wp-block-heading\" id=\"h-qoyllur-rit-i-peregrinacion-andina\">Qoyllur Rit&#8217;i (Peregrinaci\u00f3n Andina)<\/h3>\n\n\n\n<ul class=\"wp-block-list\">\n<li>Celebrada una semana antes del Inti Raymi en&nbsp;<strong>Sinaqara<\/strong>&nbsp;(Cusco).<\/li>\n<\/ul>\n\n\n\n<h2 class=\"wp-block-heading\" id=\"h-5-significado-cultural-del-inti-raymi\">5. Significado Cultural del Inti Raymi<\/h2>\n\n\n\n<ul class=\"wp-block-list\">\n<li><strong>Renovaci\u00f3n espiritual<\/strong>: Agradecimiento al sol por la vida y las cosechas.<\/li>\n\n\n\n<li><strong>Reafirmaci\u00f3n identitaria<\/strong>: Los cusque\u00f1os preservan su herencia inca.<\/li>\n\n\n\n<li><strong>Atractivo tur\u00edstico<\/strong>: Atrae a miles de visitantes cada a\u00f1o.<\/li>\n<\/ul>\n\n\n\n<h2 class=\"wp-block-heading\" id=\"h-conclusion-una-experiencia-que-trasciende-el-tiempo\">Conclusi\u00f3n: Una Experiencia que Trasciende el Tiempo<\/h2>\n\n\n\n<p>El Inti Raymi no es solo un espect\u00e1culo; es una&nbsp;<strong>conexi\u00f3n viva con el pasado inca<\/strong>. Si quieres sentir la energ\u00eda de Cusco en su m\u00e1xima expresi\u00f3n, esta es tu oportunidad.<\/p>\n<style class=\"advgb-styles-renderer\">.wp-block-advgb-list ul.advgblist-d8118ce7-c427-475d-b5ba-09d1be55b603 > li{font-size:16px;}<\/style>","protected":false},"author":3,"featured_media":7554,"template":"","meta":{"_acf_changed":false,"advgb_blocks_editor_width":"","advgb_blocks_columns_visual_guide":""},"tip":[],"class_list":["post-7495","blog","type-blog","status-publish","has-post-thumbnail","hentry"],"acf":[],"yoast_head":"<!-- This site is optimized with the Yoast SEO Premium plugin v25.2 (Yoast SEO v27.4) - https:\/\/yoast.com\/product\/yoast-seo-premium-wordpress\/ -->\n<title>Inti Raymi: La Gran Fiesta del Sol en Cusco - Local Trekkers Peru<\/title>\n<meta name=\"description\" content=\"Vive el Inti Raymi en Cusco, la gran fiesta del sol inca. Historia, rituales y consejos para disfrutar este evento cultural \u00fanico del Per\u00fa.\" \/>\n<meta name=\"robots\" content=\"index, follow, max-snippet:-1, max-image-preview:large, max-video-preview:-1\" \/>\n<link rel=\"canonical\" href=\"https:\/\/localtrekkersperu.com\/es\/blog\/inti-raymi-la-gran-fiesta-del-sol-en-cusco\/\" \/>\n<meta property=\"og:locale\" content=\"es_ES\" \/>\n<meta property=\"og:type\" content=\"article\" \/>\n<meta property=\"og:title\" content=\"Inti Raymi: La Gran Fiesta del Sol en Cusco\" \/>\n<meta property=\"og:description\" content=\"Vive el Inti Raymi en Cusco, la gran fiesta del sol inca. Historia, rituales y consejos para disfrutar este evento cultural \u00fanico del Per\u00fa.\" \/>\n<meta property=\"og:url\" content=\"https:\/\/localtrekkersperu.com\/es\/blog\/inti-raymi-la-gran-fiesta-del-sol-en-cusco\/\" \/>\n<meta property=\"og:site_name\" content=\"Local Trekkers Peru\" \/>\n<meta property=\"article:modified_time\" content=\"2025-06-27T17:32:37+00:00\" \/>\n<meta property=\"og:image\" content=\"https:\/\/localtrekkersperu.com\/wp-content\/uploads\/2025\/06\/inti-raymi.webp\" \/>\n\t<meta property=\"og:image:width\" content=\"800\" \/>\n\t<meta property=\"og:image:height\" content=\"600\" \/>\n\t<meta property=\"og:image:type\" content=\"image\/webp\" \/>\n<meta name=\"twitter:card\" content=\"summary_large_image\" \/>\n<meta name=\"twitter:label1\" content=\"Tiempo de lectura\" \/>\n\t<meta name=\"twitter:data1\" content=\"3 minutos\" \/>\n<script type=\"application\/ld+json\" class=\"yoast-schema-graph\">{\"@context\":\"https:\\\/\\\/schema.org\",\"@graph\":[{\"@type\":\"WebPage\",\"@id\":\"https:\\\/\\\/localtrekkersperu.com\\\/es\\\/blog\\\/inti-raymi-la-gran-fiesta-del-sol-en-cusco\\\/\",\"url\":\"https:\\\/\\\/localtrekkersperu.com\\\/es\\\/blog\\\/inti-raymi-la-gran-fiesta-del-sol-en-cusco\\\/\",\"name\":\"Inti Raymi: La Gran Fiesta del Sol en Cusco - Local Trekkers Peru\",\"isPartOf\":{\"@id\":\"https:\\\/\\\/localtrekkersperu.com\\\/es\\\/#website\"},\"primaryImageOfPage\":{\"@id\":\"https:\\\/\\\/localtrekkersperu.com\\\/es\\\/blog\\\/inti-raymi-la-gran-fiesta-del-sol-en-cusco\\\/#primaryimage\"},\"image\":{\"@id\":\"https:\\\/\\\/localtrekkersperu.com\\\/es\\\/blog\\\/inti-raymi-la-gran-fiesta-del-sol-en-cusco\\\/#primaryimage\"},\"thumbnailUrl\":\"https:\\\/\\\/localtrekkersperu.com\\\/wp-content\\\/uploads\\\/2025\\\/06\\\/inti-raymi.webp\",\"datePublished\":\"2025-06-23T01:21:00+00:00\",\"dateModified\":\"2025-06-27T17:32:37+00:00\",\"description\":\"Vive el Inti Raymi en Cusco, la gran fiesta del sol inca. Historia, rituales y consejos para disfrutar este evento cultural \u00fanico del Per\u00fa.\",\"breadcrumb\":{\"@id\":\"https:\\\/\\\/localtrekkersperu.com\\\/es\\\/blog\\\/inti-raymi-la-gran-fiesta-del-sol-en-cusco\\\/#breadcrumb\"},\"inLanguage\":\"es\",\"potentialAction\":[{\"@type\":\"ReadAction\",\"target\":[\"https:\\\/\\\/localtrekkersperu.com\\\/es\\\/blog\\\/inti-raymi-la-gran-fiesta-del-sol-en-cusco\\\/\"]}]},{\"@type\":\"ImageObject\",\"inLanguage\":\"es\",\"@id\":\"https:\\\/\\\/localtrekkersperu.com\\\/es\\\/blog\\\/inti-raymi-la-gran-fiesta-del-sol-en-cusco\\\/#primaryimage\",\"url\":\"https:\\\/\\\/localtrekkersperu.com\\\/wp-content\\\/uploads\\\/2025\\\/06\\\/inti-raymi.webp\",\"contentUrl\":\"https:\\\/\\\/localtrekkersperu.com\\\/wp-content\\\/uploads\\\/2025\\\/06\\\/inti-raymi.webp\",\"width\":800,\"height\":600},{\"@type\":\"BreadcrumbList\",\"@id\":\"https:\\\/\\\/localtrekkersperu.com\\\/es\\\/blog\\\/inti-raymi-la-gran-fiesta-del-sol-en-cusco\\\/#breadcrumb\",\"itemListElement\":[{\"@type\":\"ListItem\",\"position\":1,\"name\":\"Home\",\"item\":\"https:\\\/\\\/localtrekkersperu.com\\\/es\\\/\"},{\"@type\":\"ListItem\",\"position\":2,\"name\":\"Blogs\",\"item\":\"https:\\\/\\\/localtrekkersperu.com\\\/es\\\/blog\\\/\"},{\"@type\":\"ListItem\",\"position\":3,\"name\":\"Inti Raymi: La Gran Fiesta del Sol en Cusco\"}]},{\"@type\":\"WebSite\",\"@id\":\"https:\\\/\\\/localtrekkersperu.com\\\/es\\\/#website\",\"url\":\"https:\\\/\\\/localtrekkersperu.com\\\/es\\\/\",\"name\":\"Local Trekkers Peru\",\"description\":\"\",\"publisher\":{\"@id\":\"https:\\\/\\\/localtrekkersperu.com\\\/es\\\/#organization\"},\"potentialAction\":[{\"@type\":\"SearchAction\",\"target\":{\"@type\":\"EntryPoint\",\"urlTemplate\":\"https:\\\/\\\/localtrekkersperu.com\\\/es\\\/?s={search_term_string}\"},\"query-input\":{\"@type\":\"PropertyValueSpecification\",\"valueRequired\":true,\"valueName\":\"search_term_string\"}}],\"inLanguage\":\"es\"},{\"@type\":\"Organization\",\"@id\":\"https:\\\/\\\/localtrekkersperu.com\\\/es\\\/#organization\",\"name\":\"Local Trekkers Peru\",\"url\":\"https:\\\/\\\/localtrekkersperu.com\\\/es\\\/\",\"logo\":{\"@type\":\"ImageObject\",\"inLanguage\":\"es\",\"@id\":\"https:\\\/\\\/localtrekkersperu.com\\\/es\\\/#\\\/schema\\\/logo\\\/image\\\/\",\"url\":\"https:\\\/\\\/localtrekkersperu.com\\\/wp-content\\\/uploads\\\/2024\\\/08\\\/logo.png\",\"contentUrl\":\"https:\\\/\\\/localtrekkersperu.com\\\/wp-content\\\/uploads\\\/2024\\\/08\\\/logo.png\",\"width\":411,\"height\":122,\"caption\":\"Local Trekkers Peru\"},\"image\":{\"@id\":\"https:\\\/\\\/localtrekkersperu.com\\\/es\\\/#\\\/schema\\\/logo\\\/image\\\/\"}}]}<\/script>\n<!-- \/ Yoast SEO Premium plugin. -->","yoast_head_json":{"title":"Inti Raymi: La Gran Fiesta del Sol en Cusco - Local Trekkers Peru","description":"Vive el Inti Raymi en Cusco, la gran fiesta del sol inca. Historia, rituales y consejos para disfrutar este evento cultural \u00fanico del Per\u00fa.","robots":{"index":"index","follow":"follow","max-snippet":"max-snippet:-1","max-image-preview":"max-image-preview:large","max-video-preview":"max-video-preview:-1"},"canonical":"https:\/\/localtrekkersperu.com\/es\/blog\/inti-raymi-la-gran-fiesta-del-sol-en-cusco\/","og_locale":"es_ES","og_type":"article","og_title":"Inti Raymi: La Gran Fiesta del Sol en Cusco","og_description":"Vive el Inti Raymi en Cusco, la gran fiesta del sol inca. Historia, rituales y consejos para disfrutar este evento cultural \u00fanico del Per\u00fa.","og_url":"https:\/\/localtrekkersperu.com\/es\/blog\/inti-raymi-la-gran-fiesta-del-sol-en-cusco\/","og_site_name":"Local Trekkers Peru","article_modified_time":"2025-06-27T17:32:37+00:00","og_image":[{"width":800,"height":600,"url":"https:\/\/localtrekkersperu.com\/wp-content\/uploads\/2025\/06\/inti-raymi.webp","type":"image\/webp"}],"twitter_card":"summary_large_image","twitter_misc":{"Tiempo de lectura":"3 minutos"},"schema":{"@context":"https:\/\/schema.org","@graph":[{"@type":"WebPage","@id":"https:\/\/localtrekkersperu.com\/es\/blog\/inti-raymi-la-gran-fiesta-del-sol-en-cusco\/","url":"https:\/\/localtrekkersperu.com\/es\/blog\/inti-raymi-la-gran-fiesta-del-sol-en-cusco\/","name":"Inti Raymi: La Gran Fiesta del Sol en Cusco - Local Trekkers Peru","isPartOf":{"@id":"https:\/\/localtrekkersperu.com\/es\/#website"},"primaryImageOfPage":{"@id":"https:\/\/localtrekkersperu.com\/es\/blog\/inti-raymi-la-gran-fiesta-del-sol-en-cusco\/#primaryimage"},"image":{"@id":"https:\/\/localtrekkersperu.com\/es\/blog\/inti-raymi-la-gran-fiesta-del-sol-en-cusco\/#primaryimage"},"thumbnailUrl":"https:\/\/localtrekkersperu.com\/wp-content\/uploads\/2025\/06\/inti-raymi.webp","datePublished":"2025-06-23T01:21:00+00:00","dateModified":"2025-06-27T17:32:37+00:00","description":"Vive el Inti Raymi en Cusco, la gran fiesta del sol inca. Historia, rituales y consejos para disfrutar este evento cultural \u00fanico del Per\u00fa.","breadcrumb":{"@id":"https:\/\/localtrekkersperu.com\/es\/blog\/inti-raymi-la-gran-fiesta-del-sol-en-cusco\/#breadcrumb"},"inLanguage":"es","potentialAction":[{"@type":"ReadAction","target":["https:\/\/localtrekkersperu.com\/es\/blog\/inti-raymi-la-gran-fiesta-del-sol-en-cusco\/"]}]},{"@type":"ImageObject","inLanguage":"es","@id":"https:\/\/localtrekkersperu.com\/es\/blog\/inti-raymi-la-gran-fiesta-del-sol-en-cusco\/#primaryimage","url":"https:\/\/localtrekkersperu.com\/wp-content\/uploads\/2025\/06\/inti-raymi.webp","contentUrl":"https:\/\/localtrekkersperu.com\/wp-content\/uploads\/2025\/06\/inti-raymi.webp","width":800,"height":600},{"@type":"BreadcrumbList","@id":"https:\/\/localtrekkersperu.com\/es\/blog\/inti-raymi-la-gran-fiesta-del-sol-en-cusco\/#breadcrumb","itemListElement":[{"@type":"ListItem","position":1,"name":"Home","item":"https:\/\/localtrekkersperu.com\/es\/"},{"@type":"ListItem","position":2,"name":"Blogs","item":"https:\/\/localtrekkersperu.com\/es\/blog\/"},{"@type":"ListItem","position":3,"name":"Inti Raymi: La Gran Fiesta del Sol en Cusco"}]},{"@type":"WebSite","@id":"https:\/\/localtrekkersperu.com\/es\/#website","url":"https:\/\/localtrekkersperu.com\/es\/","name":"Local Trekkers Peru","description":"","publisher":{"@id":"https:\/\/localtrekkersperu.com\/es\/#organization"},"potentialAction":[{"@type":"SearchAction","target":{"@type":"EntryPoint","urlTemplate":"https:\/\/localtrekkersperu.com\/es\/?s={search_term_string}"},"query-input":{"@type":"PropertyValueSpecification","valueRequired":true,"valueName":"search_term_string"}}],"inLanguage":"es"},{"@type":"Organization","@id":"https:\/\/localtrekkersperu.com\/es\/#organization","name":"Local Trekkers Peru","url":"https:\/\/localtrekkersperu.com\/es\/","logo":{"@type":"ImageObject","inLanguage":"es","@id":"https:\/\/localtrekkersperu.com\/es\/#\/schema\/logo\/image\/","url":"https:\/\/localtrekkersperu.com\/wp-content\/uploads\/2024\/08\/logo.png","contentUrl":"https:\/\/localtrekkersperu.com\/wp-content\/uploads\/2024\/08\/logo.png","width":411,"height":122,"caption":"Local Trekkers Peru"},"image":{"@id":"https:\/\/localtrekkersperu.com\/es\/#\/schema\/logo\/image\/"}}]}},"featured_img":"https:\/\/localtrekkersperu.com\/wp-content\/uploads\/2025\/06\/inti-raymi.webp","coauthors":[],"author_meta":{"author_link":"https:\/\/localtrekkersperu.com\/es\/author\/admin_editor\/","display_name":"Editor"},"relative_dates":{"created":"Publicado 10 meses hace","modified":"Actualizado 10 meses hace"},"absolute_dates":{"created":"Publicado el junio 23, 2025","modified":"Actualizado el junio 27, 2025"},"absolute_dates_time":{"created":"Publicado el junio 23, 2025 1:21 am","modified":"Actualizado el junio 27, 2025 5:32 pm"},"featured_img_caption":"","tax_additional":{"tip":{"linked":[],"unlinked":[],"slug":"tip","name":"Tips"},"translation_priority":{"linked":["<a href=\"https:\/\/localtrekkersperu.com\/?taxonomy=translation_priority&#038;term=opcional\" class=\"advgb-post-tax-term\">Opcional<\/a>"],"unlinked":["<span class=\"advgb-post-tax-term\">Opcional<\/span>"],"slug":"translation_priority","name":"Prioridades de traducci\u00f3n"}},"series_order":"","_links":{"self":[{"href":"https:\/\/localtrekkersperu.com\/es\/wp-json\/wp\/v2\/blog\/7495","targetHints":{"allow":["GET"]}}],"collection":[{"href":"https:\/\/localtrekkersperu.com\/es\/wp-json\/wp\/v2\/blog"}],"about":[{"href":"https:\/\/localtrekkersperu.com\/es\/wp-json\/wp\/v2\/types\/blog"}],"wp:featuredmedia":[{"embeddable":true,"href":"https:\/\/localtrekkersperu.com\/es\/wp-json\/wp\/v2\/media\/7554"}],"wp:attachment":[{"href":"https:\/\/localtrekkersperu.com\/es\/wp-json\/wp\/v2\/media?parent=7495"}],"wp:term":[{"taxonomy":"tip","embeddable":true,"href":"https:\/\/localtrekkersperu.com\/es\/wp-json\/wp\/v2\/tip?post=7495"}],"curies":[{"name":"wp","href":"https:\/\/api.w.org\/{rel}","templated":true}]}}