{"id":11960,"date":"2026-06-22T22:48:59","date_gmt":"2026-06-22T22:48:59","guid":{"rendered":"https:\/\/localtrekkersperu.com\/blog\/lares-trek-villages-guide\/"},"modified":"2026-08-31T22:46:05","modified_gmt":"2026-08-31T22:46:05","slug":"comunidades-lares-trek","status":"publish","type":"blog","link":"https:\/\/localtrekkersperu.com\/es\/blog\/comunidades-lares-trek\/","title":{"rendered":"Comunidades del Lares Trek: Vida, Tejido y Cultura Quechua en los Andes"},"content":{"rendered":"\n<p class=\"wp-block-paragraph\">El Lares Trek tiene algo que ninguna otra ruta hacia Machu Picchu ofrece: comunidades quechuas que siguen viviendo hoy como han vivido durante generaciones, no una puesta en escena para turistas. Mientras el Salkantay tiene glaciares y el Camino Inca tiene ruinas, las comunidades del Lares Trek son gente real, con una econom\u00eda, una lengua y un oficio textil que siguen en pie.<\/p>\n\n\n\n<p class=\"wp-block-paragraph\">Esta gu\u00eda explica de qu\u00e9 vive esa gente, c\u00f3mo funciona el tejido tradicional que vas a ver en el camino, y la etiqueta concreta que hace que tu visita sea un intercambio real y no una intrusi\u00f3n.<\/p>\n\n\n\n<h3 class=\"wp-block-heading\">De qu\u00e9 vive la gente en el valle de Lares<\/h3>\n\n\n\n<p class=\"wp-block-paragraph\">La econom\u00eda de estas comunidades combina tres actividades que ver\u00e1s a diario a lo largo del sendero:<\/p>\n\n\n\n<p class=\"wp-block-paragraph\"><strong>Pastoreo de altura.<\/strong> Alpacas y llamas pastan libremente en las zonas m\u00e1s altas del valle, por encima de los 4.000 m. La fibra de alpaca es la materia prima del tejido local, as\u00ed que el pastoreo y el tejido est\u00e1n directamente conectados: una familia que teje bien suele criar bien a sus propios animales.<\/p>\n\n\n\n<p class=\"wp-block-paragraph\"><strong>Agricultura de altura.<\/strong> A diferencia del ma\u00edz de los valles bajos, aqu\u00ed el cultivo dominante es la papa nativa, junto con oca y olluco, tub\u00e9rculos andinos adaptados al fr\u00edo y a la altitud extrema. Ver\u00e1s terrazas de cultivo trabajadas a mano en pendientes que en otros lugares se considerar\u00edan imposibles de sembrar.<\/p>\n\n\n\n<p class=\"wp-block-paragraph\"><strong>Tejido.<\/strong> Es, probablemente, lo que m\u00e1s recordar\u00e1s del trek. No es artesan\u00eda decorativa: es la principal fuente de ingresos complementaria de muchas familias y una forma de identidad que se transmite de madres a hijas desde la ni\u00f1ez.<\/p>\n\n\n\n<h3 class=\"wp-block-heading\">El tejido en detalle: c\u00f3mo se hace un textil de Lares<\/h3>\n\n\n\n<p class=\"wp-block-paragraph\">El proceso empieza con la fibra de alpaca esquilada y limpiada a mano. Luego viene el te\u00f1ido, casi siempre con tintes naturales obtenidos de plantas y minerales de la zona, no con colorantes qu\u00edmicos. El resultado son colores terrosos y profundos, distintos de los textiles producidos en serie que se venden en el mercado de Pisac o en las tiendas de Cusco.<\/p>\n\n\n\n<p class=\"wp-block-paragraph\">El tejido en s\u00ed se hace en telar de cintura, una t\u00e9cnica que no usa marco fijo: un extremo del telar se ata a un poste o \u00e1rbol y el otro a la cintura de la tejedora, que controla la tensi\u00f3n con el propio cuerpo. Un poncho o una manta completos pueden llevar semanas de trabajo.<\/p>\n\n\n\n<h3 class=\"wp-block-heading\">Por qu\u00e9 el quechua sigue siendo la lengua de estas casas<\/h3>\n\n\n\n<p class=\"wp-block-paragraph\">En las comunidades del valle de Lares, el quechua no es una segunda lengua ni un s\u00edmbolo cultural que se saca a relucir para los visitantes: es el idioma en el que las familias piensan, discuten y cr\u00edan a sus hijos. El espa\u00f1ol llega despu\u00e9s, generalmente en la escuela, y muchos adultos mayores lo hablan con dificultad o no lo hablan en absoluto. Si te interesa entender mejor este idioma y su lugar en el mundo andino actual, tenemos un art\u00edculo dedicado a eso en <a href=\"https:\/\/localtrekkersperu.com\/es\/blog\/el-quechua-la-lengua-sagrada-del-imperio-inca\/\">el quechua, la lengua sagrada del imperio inca<\/a>.<\/p>\n\n\n\n<h3 class=\"wp-block-heading\">Los pueblos que se cruzan en la ruta<\/h3>\n\n\n\n<p class=\"wp-block-paragraph\">A lo largo del valle se atraviesan distintas comunidades, entre ellas Wacahuasi y Patacancha, donde las casas todav\u00eda se construyen en piedra con techos de paja, y es com\u00fan ver a los pobladores con sus ponchos rojos tejidos a mano, un color y un patr\u00f3n que identifican a la comunidad de origen de quien lo lleva. Si quieres saber m\u00e1s sobre el significado de estas prendas, revisa nuestra gu\u00eda sobre <a href=\"https:\/\/localtrekkersperu.com\/es\/blog\/la-vestimenta-tradicional-peruana-un-legado-cultural-vivo\/\">la vestimenta tradicional peruana, un legado cultural vivo<\/a>.<\/p>\n\n\n\n<figure class=\"wp-block-gallery has-nested-images columns-default is-cropped wp-block-gallery-1 is-layout-flex wp-block-gallery-is-layout-flex\">\n<figure class=\"wp-block-image size-large\"><img loading=\"lazy\" decoding=\"async\" width=\"1024\" height=\"682\" data-id=\"1020\" src=\"https:\/\/localtrekkersperu.com\/wp-content\/uploads\/2024\/09\/Lares-Inca-Trail-4days-2-1024x682.webp\" alt=\"Lares Trek to Machu Picchu\" class=\"wp-image-1020\" srcset=\"https:\/\/localtrekkersperu.com\/wp-content\/uploads\/2024\/09\/Lares-Inca-Trail-4days-2-1024x682.webp 1024w, https:\/\/localtrekkersperu.com\/wp-content\/uploads\/2024\/09\/Lares-Inca-Trail-4days-2-600x400.webp 600w, https:\/\/localtrekkersperu.com\/wp-content\/uploads\/2024\/09\/Lares-Inca-Trail-4days-2-300x200.webp 300w, https:\/\/localtrekkersperu.com\/wp-content\/uploads\/2024\/09\/Lares-Inca-Trail-4days-2-768x512.webp 768w, https:\/\/localtrekkersperu.com\/wp-content\/uploads\/2024\/09\/Lares-Inca-Trail-4days-2-1536x1024.webp 1536w, https:\/\/localtrekkersperu.com\/wp-content\/uploads\/2024\/09\/Lares-Inca-Trail-4days-2-1500x1000.webp 1500w, https:\/\/localtrekkersperu.com\/wp-content\/uploads\/2024\/09\/Lares-Inca-Trail-4days-2.webp 2000w\" sizes=\"auto, (max-width: 1024px) 100vw, 1024px\" \/><figcaption class=\"wp-element-caption\">Excursi\u00f3n de Lares a Machu Picchu<\/figcaption><\/figure>\n\n\n\n<figure class=\"wp-block-image size-large\"><img loading=\"lazy\" decoding=\"async\" width=\"1024\" height=\"682\" data-id=\"1208\" src=\"https:\/\/localtrekkersperu.com\/wp-content\/uploads\/2024\/09\/Lares-Trek-4days-3-1024x682.webp\" alt=\"\" class=\"wp-image-1208\" srcset=\"https:\/\/localtrekkersperu.com\/wp-content\/uploads\/2024\/09\/Lares-Trek-4days-3-1024x682.webp 1024w, https:\/\/localtrekkersperu.com\/wp-content\/uploads\/2024\/09\/Lares-Trek-4days-3-600x400.webp 600w, https:\/\/localtrekkersperu.com\/wp-content\/uploads\/2024\/09\/Lares-Trek-4days-3-300x200.webp 300w, https:\/\/localtrekkersperu.com\/wp-content\/uploads\/2024\/09\/Lares-Trek-4days-3-768x512.webp 768w, https:\/\/localtrekkersperu.com\/wp-content\/uploads\/2024\/09\/Lares-Trek-4days-3-1536x1024.webp 1536w, https:\/\/localtrekkersperu.com\/wp-content\/uploads\/2024\/09\/Lares-Trek-4days-3-1500x1000.webp 1500w, https:\/\/localtrekkersperu.com\/wp-content\/uploads\/2024\/09\/Lares-Trek-4days-3.webp 2000w\" sizes=\"auto, (max-width: 1024px) 100vw, 1024px\" \/><figcaption class=\"wp-element-caption\">Grupo de personas disfrutando de una comida servida por un chef bajo una carpa roja durante una caminata Trek de Lares hacia Machu Picchu<\/figcaption><\/figure>\n<\/figure>\n\n\n\n<h3 class=\"wp-block-heading\">La etiqueta que importa de verdad<\/h3>\n\n\n\n<p class=\"wp-block-paragraph\">Aqu\u00ed es donde la mayor\u00eda de gu\u00edas gen\u00e9ricas se quedan en generalidades. Estas son las reglas concretas que aplicamos con cada grupo:<\/p>\n\n\n\n<ul class=\"wp-block-list\">\n<li><strong>Pide permiso antes de fotografiar, siempre.<\/strong> Un \u00ab\u00bfpermiso?\u00bb con una sonrisa antes de sacar la c\u00e1mara marca la diferencia entre un encuentro respetuoso y una intrusi\u00f3n. Si la respuesta es no, se respeta sin insistir.<\/li>\n\n\n\n<li><strong>No repartas caramelos ni dinero a los ni\u00f1os.<\/strong> Genera dependencia de la mendicidad y normaliza pedirle cosas a cualquier extranjero que pase, algo que las propias comunidades han pedido activamente que se evite. Si quieres dejar algo \u00fatil, los \u00fatiles escolares son una alternativa mejor, coordinada siempre con tu gu\u00eda.<\/li>\n\n\n\n<li><strong>Compra textiles directamente a quien los teje, sin regatear a la baja.<\/strong> El precio que pide una tejedora ya suele reflejar las semanas de trabajo detr\u00e1s de la pieza. Regatear agresivamente un textil hecho a mano no es negociar, es restarle valor al trabajo de alguien.<\/li>\n\n\n\n<li><strong>Entra a una casa solo si te invitan.<\/strong> El respeto por el espacio privado de las familias es tan v\u00e1lido aqu\u00ed como en cualquier otro lugar del mundo.<\/li>\n<\/ul>\n\n\n\n<h3 class=\"wp-block-heading\">Qu\u00e9 NO es el Lares Trek<\/h3>\n\n\n\n<p class=\"wp-block-paragraph\">No es un espect\u00e1culo montado para turistas. No hay actuaciones programadas ni familias contratadas para posar en trajes t\u00edpicos frente a la c\u00e1mara. Lo que ves es la vida cotidiana real de la comunidad, y eso implica que algunos d\u00edas el pueblo estar\u00e1 m\u00e1s activo que otros, que no siempre habr\u00e1 alguien tejiendo a la vista, y que el intercambio depende de c\u00f3mo te acerques, no de un guion preparado.<\/p>\n\n\n\n<h3 class=\"wp-block-heading\">C\u00f3mo trabajamos esto en Local Trekkers Peru<\/h3>\n\n\n\n<p class=\"wp-block-paragraph\">El respeto por estas comunidades no es solo una recomendaci\u00f3n de etiqueta, es parte de c\u00f3mo operamos. Puedes revisar el detalle de nuestro trabajo social en estas zonas en <a href=\"https:\/\/localtrekkersperu.com\/es\/responsabilidades-sociales\/\">responsabilidades sociales<\/a> y en nuestro <a href=\"https:\/\/localtrekkersperu.com\/es\/ong\/\">proyecto social propio<\/a>. Como <a href=\"https:\/\/localtrekkersperu.com\/es\/100-empresa-peruana\/\">operador 100% peruano<\/a>, sin intermediarios internacionales, el dinero de tu tour se queda mucho m\u00e1s cerca de estas comunidades que en operadores que subcontratan la log\u00edstica.<\/p>\n\n\n\n<h3 class=\"wp-block-heading\">Datos esenciales del Lares Trek<\/h3>\n\n\n\n<ul class=\"wp-block-list\">\n<li><strong>Altitud:<\/strong> la caminata suele empezar alrededor de los 3.200 m y cruza el paso Ipsaycocha, a 4.450 m, el punto m\u00e1s alto de la ruta. Los pueblos del valle se sit\u00faan entre los 3.700 m y los 4.200 m.<\/li>\n\n\n\n<li><strong>Clima:<\/strong> monta\u00f1oso y variable, con d\u00edas soleados de hasta 20\u00b0C y noches que bajan f\u00e1cilmente por debajo de los 0\u00b0C.<\/li>\n\n\n\n<li><strong>Mejor temporada:<\/strong> la temporada seca, de mayo a octubre, con cielos despejados y condiciones m\u00e1s seguras para caminar.<\/li>\n\n\n\n<li><strong>Dificultad:<\/strong> moderada a desafiante, con un ritmo de caminata constante y una altitud que exige buena aclimataci\u00f3n previa.<\/li>\n\n\n\n<li><strong>Duraci\u00f3n y distancia:<\/strong> el Lares Trek se hace en 3 o 4 d\u00edas, con recorridos de entre 30 y 40 km seg\u00fan el itinerario.<\/li>\n<\/ul>\n\n\n\n<h3 class=\"wp-block-heading\">Los tres tours de Lares: cu\u00e1l requiere permiso y cu\u00e1l no<\/h3>\n\n\n\n<p class=\"wp-block-paragraph\">Es importante aclarar algo que no siempre queda claro al reservar: no los tres tours de Lares son iguales en cuanto a tr\u00e1mites.<\/p>\n\n\n\n<figure class=\"wp-block-table\"><table class=\"has-fixed-layout\"><thead><tr><th>Tour<\/th><th>Incluye Camino Inca<\/th><th>Requiere permiso<\/th><\/tr><\/thead><tbody><tr><td><a href=\"https:\/\/localtrekkersperu.com\/es\/camino-lares-a-machu-picchu-4-dias-y-3-noches\/\">Lares puro, 4 d\u00edas y 3 noches<\/a><\/td><td>No<\/td><td>No<\/td><\/tr><tr><td><a href=\"https:\/\/localtrekkersperu.com\/es\/lares-trek-camino-inca-a-machu-picchu-4-dias-3-noches\/\">Lares + Camino Inca, 4 d\u00edas y 3 noches<\/a><\/td><td>S\u00ed, tramo final<\/td><td>S\u00ed<\/td><\/tr><tr><td><a href=\"https:\/\/localtrekkersperu.com\/es\/lares-trek-camino-inca-a-machu-picchu-3-dias-2-noches\/\">Lares + Camino Inca, 3 d\u00edas y 2 noches<\/a><\/td><td>S\u00ed, tramo final<\/td><td>S\u00ed<\/td><\/tr><\/tbody><\/table><\/figure>\n\n\n\n<p class=\"wp-block-paragraph\">Si tu prioridad es la inmersi\u00f3n cultural sin depender del cupo limitado del Camino Inca, el <a href=\"https:\/\/localtrekkersperu.com\/es\/camino-lares-a-machu-picchu-4-dias-y-3-noches\/\">Lares puro de 4 d\u00edas y 3 noches<\/a> es la opci\u00f3n que no necesita ning\u00fan tr\u00e1mite adicional. Si en cambio quieres combinar las comunidades de Lares con un tramo del Camino Inca cl\u00e1sico, ten en cuenta que esas dos variantes s\u00ed requieren el permiso limitado, con la misma antelaci\u00f3n que cualquier otra entrada al Camino Inca.<\/p>\n\n\n\n<h3 class=\"wp-block-heading\">Consejos pr\u00e1cticos para tu visita<\/h3>\n\n\n\n<ul class=\"wp-block-list\">\n<li><strong>La aclimataci\u00f3n no es opcional:<\/strong> pasa al menos 2-3 d\u00edas completos en Cusco antes de tu caminata. Si quieres una gu\u00eda espec\u00edfica de c\u00f3mo aprovechar esos d\u00edas, revisa <a href=\"https:\/\/localtrekkersperu.com\/es\/blog\/que-hacer-primeros-3-dias-cusco-aclimatacion\/\">qu\u00e9 hacer los primeros 3 d\u00edas en Cusco para aclimatarte<\/a>.<\/li>\n\n\n\n<li><strong>Lleva soles en efectivo, en monedas peque\u00f1as.<\/strong> Es la forma m\u00e1s directa de apoyar la econom\u00eda local, sobre todo si decides comprar un textil directamente a quien lo elabor\u00f3.<\/li>\n\n\n\n<li><strong>Revisa la lista completa de equipo antes de salir<\/strong>, incluyendo capas de abrigo para las noches fr\u00edas: tenemos el detalle completo en <a href=\"https:\/\/localtrekkersperu.com\/es\/blog\/lista-equipaje-lares-trek-4-dias\/\">lista de equipaje para el Lares Trek de 4 d\u00edas<\/a>.<\/li>\n<\/ul>\n\n\n\n<h3 class=\"wp-block-heading\">Preguntas frecuentes sobre las comunidades del Lares Trek<\/h3>\n\n\n\n<p class=\"wp-block-paragraph\"><strong>\u00bfEl Lares Trek requiere el permiso del Camino Inca?<\/strong><br>Depende del tour. El Lares puro de 4 d\u00edas no lo requiere. Las dos variantes que incluyen un tramo de Camino Inca s\u00ed lo requieren, con la misma antelaci\u00f3n que cualquier reserva del Camino Inca.<\/p>\n\n\n\n<p class=\"wp-block-paragraph\"><strong>\u00bfPuedo tomar fotos libremente a los pobladores?<\/strong><br>No sin pedir permiso antes. Es la regla de etiqueta m\u00e1s importante en esta ruta, y las comunidades lo valoran mucho m\u00e1s que cualquier propina.<\/p>\n\n\n\n<p class=\"wp-block-paragraph\"><strong>\u00bfDebo llevar caramelos o dinero para los ni\u00f1os?<\/strong><br>No lo recomendamos. Genera dependencia de la mendicidad. Si quieres aportar algo, los \u00fatiles escolares coordinados con tu gu\u00eda son una alternativa mejor.<\/p>\n\n\n\n<p class=\"wp-block-paragraph\"><strong>\u00bfEs una experiencia montada para turistas?<\/strong><br>No. Lo que ves es la vida cotidiana real de las comunidades, sin actuaciones programadas, lo que tambi\u00e9n significa que la experiencia var\u00eda de un d\u00eda a otro seg\u00fan lo que est\u00e9 pasando en el pueblo ese d\u00eda.<\/p>\n\n\n\n<p class=\"wp-block-paragraph\"><strong>\u00bfQu\u00e9 idioma hablan en estas comunidades?<\/strong><br>Quechua, como primera lengua en la mayor\u00eda de los hogares. El espa\u00f1ol se aprende despu\u00e9s, generalmente en la escuela.<\/p>\n\n\n\n<p class=\"wp-block-paragraph\"><strong>\u00bfPuedo comprar textiles directamente a las tejedoras?<\/strong><br>S\u00ed, y es una de las mejores formas de apoyar la econom\u00eda local. Se recomienda no regatear agresivamente, dado el tiempo de trabajo que representa cada pieza.<\/p>\n\n\n\n<p class=\"wp-block-paragraph\"><strong>\u00bfCu\u00e1nto dura el Lares Trek?<\/strong><br>Entre 3 y 4 d\u00edas, con recorridos de 30 a 40 km seg\u00fan el itinerario elegido.<\/p>\n\n\n\n<h3 class=\"wp-block-heading\">Vive el Lares Trek con las comunidades del valle<\/h3>\n\n\n\n<p class=\"wp-block-paragraph\">Ninguna otra ruta hacia Machu Picchu te acerca tanto a la vida real de los Andes. Conoce el itinerario completo de nuestro <a href=\"https:\/\/localtrekkersperu.com\/es\/camino-lares-a-machu-picchu-4-dias-y-3-noches\/\">Lares puro de 4 d\u00edas y 3 noches<\/a> y escr\u00edbenos para resolver cualquier duda antes de reservar tu expedici\u00f3n cultural.<\/p>\n\n\n\n<figure class=\"wp-block-gallery has-nested-images columns-default is-cropped wp-block-gallery-2 is-layout-flex wp-block-gallery-is-layout-flex\">\n<figure class=\"wp-block-image size-large\"><img loading=\"lazy\" decoding=\"async\" width=\"1024\" height=\"682\" data-id=\"1202\" src=\"https:\/\/localtrekkersperu.com\/wp-content\/uploads\/2024\/09\/Lares-Trek-4days-2-1024x682.webp\" alt=\"\" class=\"wp-image-1202\" srcset=\"https:\/\/localtrekkersperu.com\/wp-content\/uploads\/2024\/09\/Lares-Trek-4days-2-1024x682.webp 1024w, https:\/\/localtrekkersperu.com\/wp-content\/uploads\/2024\/09\/Lares-Trek-4days-2-600x400.webp 600w, https:\/\/localtrekkersperu.com\/wp-content\/uploads\/2024\/09\/Lares-Trek-4days-2-300x200.webp 300w, https:\/\/localtrekkersperu.com\/wp-content\/uploads\/2024\/09\/Lares-Trek-4days-2-768x512.webp 768w, https:\/\/localtrekkersperu.com\/wp-content\/uploads\/2024\/09\/Lares-Trek-4days-2-1536x1024.webp 1536w, https:\/\/localtrekkersperu.com\/wp-content\/uploads\/2024\/09\/Lares-Trek-4days-2-1500x1000.webp 1500w, https:\/\/localtrekkersperu.com\/wp-content\/uploads\/2024\/09\/Lares-Trek-4days-2.webp 2000w\" sizes=\"auto, (max-width: 1024px) 100vw, 1024px\" \/><figcaption class=\"wp-element-caption\">Excursi\u00f3n de Lares a Machu Picchu<\/figcaption><\/figure>\n\n\n\n<figure class=\"wp-block-image size-large\"><img loading=\"lazy\" decoding=\"async\" width=\"1024\" height=\"576\" data-id=\"1205\" src=\"https:\/\/localtrekkersperu.com\/wp-content\/uploads\/2024\/09\/Lares-Trek-4days-1-1024x576.webp\" alt=\"\" class=\"wp-image-1205\" srcset=\"https:\/\/localtrekkersperu.com\/wp-content\/uploads\/2024\/09\/Lares-Trek-4days-1-1024x576.webp 1024w, https:\/\/localtrekkersperu.com\/wp-content\/uploads\/2024\/09\/Lares-Trek-4days-1-300x169.webp 300w, https:\/\/localtrekkersperu.com\/wp-content\/uploads\/2024\/09\/Lares-Trek-4days-1-768x432.webp 768w, https:\/\/localtrekkersperu.com\/wp-content\/uploads\/2024\/09\/Lares-Trek-4days-1-1536x864.webp 1536w, https:\/\/localtrekkersperu.com\/wp-content\/uploads\/2024\/09\/Lares-Trek-4days-1.webp 1920w\" sizes=\"auto, (max-width: 1024px) 100vw, 1024px\" \/><figcaption class=\"wp-element-caption\">Machu Picchu<\/figcaption><\/figure>\n<\/figure>\n","protected":false},"author":4,"featured_media":12465,"template":"","meta":{"_acf_changed":false,"advgb_blocks_editor_width":"","advgb_blocks_columns_visual_guide":""},"tip":[],"class_list":["post-11960","blog","type-blog","status-publish","has-post-thumbnail","hentry"],"acf":[],"yoast_head":"<!-- This site is optimized with the Yoast SEO plugin v28.3 - https:\/\/yoast.com\/product\/yoast-seo-wordpress\/ -->\n<title>Pueblos Quechuas en el Lares Trek: Qu\u00e9 esperar<\/title>\n<meta name=\"description\" content=\"Descubre la rica cultura de los Lares Trek villages. Aprende qu\u00e9 esperar, datos de viaje esenciales y consejos de expertos para visitar quechua communities peru.\" \/>\n<meta name=\"robots\" content=\"index, follow, max-snippet:-1, max-image-preview:large, max-video-preview:-1\" \/>\n<link rel=\"canonical\" href=\"https:\/\/localtrekkersperu.com\/es\/blog\/comunidades-lares-trek\/\" \/>\n<meta property=\"og:locale\" content=\"es_ES\" \/>\n<meta property=\"og:type\" content=\"article\" \/>\n<meta property=\"og:title\" content=\"Pueblos Quechuas en el Lares Trek: Qu\u00e9 esperar\" \/>\n<meta property=\"og:description\" content=\"Descubre la rica cultura de los Lares Trek villages. Aprende qu\u00e9 esperar, datos de viaje esenciales y consejos de expertos para visitar quechua communities peru.\" \/>\n<meta property=\"og:url\" content=\"https:\/\/localtrekkersperu.com\/es\/blog\/comunidades-lares-trek\/\" \/>\n<meta property=\"og:site_name\" content=\"Local Trekkers Peru\" \/>\n<meta property=\"article:modified_time\" content=\"2026-08-31T22:46:05+00:00\" \/>\n<meta property=\"og:image\" content=\"https:\/\/localtrekkersperu.com\/wp-content\/uploads\/2026\/06\/clipboard-image-1788215369.webp\" \/>\n\t<meta property=\"og:image:width\" content=\"1200\" \/>\n\t<meta property=\"og:image:height\" content=\"627\" \/>\n\t<meta property=\"og:image:type\" content=\"image\/webp\" \/>\n<meta name=\"twitter:card\" content=\"summary_large_image\" \/>\n<meta name=\"twitter:label1\" content=\"Tiempo de lectura\" \/>\n\t<meta name=\"twitter:data1\" content=\"9 minutos\" \/>\n<script type=\"application\/ld+json\" class=\"yoast-schema-graph\">{\"@context\":\"https:\\\/\\\/schema.org\",\"@graph\":[{\"@type\":\"WebPage\",\"@id\":\"https:\\\/\\\/localtrekkersperu.com\\\/es\\\/blog\\\/comunidades-lares-trek\\\/\",\"url\":\"https:\\\/\\\/localtrekkersperu.com\\\/es\\\/blog\\\/comunidades-lares-trek\\\/\",\"name\":\"Pueblos Quechuas en el Lares Trek: Qu\u00e9 esperar\",\"isPartOf\":{\"@id\":\"https:\\\/\\\/localtrekkersperu.com\\\/#website\"},\"primaryImageOfPage\":{\"@id\":\"https:\\\/\\\/localtrekkersperu.com\\\/es\\\/blog\\\/comunidades-lares-trek\\\/#primaryimage\"},\"image\":{\"@id\":\"https:\\\/\\\/localtrekkersperu.com\\\/es\\\/blog\\\/comunidades-lares-trek\\\/#primaryimage\"},\"thumbnailUrl\":\"https:\\\/\\\/localtrekkersperu.com\\\/wp-content\\\/uploads\\\/2026\\\/06\\\/clipboard-image-1788215369.webp\",\"datePublished\":\"2026-06-22T22:48:59+00:00\",\"dateModified\":\"2026-08-31T22:46:05+00:00\",\"description\":\"Descubre la rica cultura de los Lares Trek villages. Aprende qu\u00e9 esperar, datos de viaje esenciales y consejos de expertos para visitar quechua communities peru.\",\"breadcrumb\":{\"@id\":\"https:\\\/\\\/localtrekkersperu.com\\\/es\\\/blog\\\/comunidades-lares-trek\\\/#breadcrumb\"},\"inLanguage\":\"es\",\"potentialAction\":[{\"@type\":\"ReadAction\",\"target\":[\"https:\\\/\\\/localtrekkersperu.com\\\/es\\\/blog\\\/comunidades-lares-trek\\\/\"]}]},{\"@type\":\"ImageObject\",\"inLanguage\":\"es\",\"@id\":\"https:\\\/\\\/localtrekkersperu.com\\\/es\\\/blog\\\/comunidades-lares-trek\\\/#primaryimage\",\"url\":\"https:\\\/\\\/localtrekkersperu.com\\\/wp-content\\\/uploads\\\/2026\\\/06\\\/clipboard-image-1788215369.webp\",\"contentUrl\":\"https:\\\/\\\/localtrekkersperu.com\\\/wp-content\\\/uploads\\\/2026\\\/06\\\/clipboard-image-1788215369.webp\",\"width\":1200,\"height\":627},{\"@type\":\"BreadcrumbList\",\"@id\":\"https:\\\/\\\/localtrekkersperu.com\\\/es\\\/blog\\\/comunidades-lares-trek\\\/#breadcrumb\",\"itemListElement\":[{\"@type\":\"ListItem\",\"position\":1,\"name\":\"Home\",\"item\":\"https:\\\/\\\/localtrekkersperu.com\\\/es\\\/\"},{\"@type\":\"ListItem\",\"position\":2,\"name\":\"Blogs\",\"item\":\"https:\\\/\\\/localtrekkersperu.com\\\/blog\\\/\"},{\"@type\":\"ListItem\",\"position\":3,\"name\":\"Comunidades del Lares Trek: Vida, Tejido y Cultura Quechua en los Andes\"}]},{\"@type\":\"WebSite\",\"@id\":\"https:\\\/\\\/localtrekkersperu.com\\\/#website\",\"url\":\"https:\\\/\\\/localtrekkersperu.com\\\/\",\"name\":\"Local Trekkers Peru\",\"description\":\"\",\"publisher\":{\"@id\":\"https:\\\/\\\/localtrekkersperu.com\\\/#organization\"},\"potentialAction\":[{\"@type\":\"SearchAction\",\"target\":{\"@type\":\"EntryPoint\",\"urlTemplate\":\"https:\\\/\\\/localtrekkersperu.com\\\/?s={search_term_string}\"},\"query-input\":{\"@type\":\"PropertyValueSpecification\",\"valueRequired\":true,\"valueName\":\"search_term_string\"}}],\"inLanguage\":\"es\"},{\"@type\":\"Organization\",\"@id\":\"https:\\\/\\\/localtrekkersperu.com\\\/#organization\",\"name\":\"Local Trekkers Peru\",\"url\":\"https:\\\/\\\/localtrekkersperu.com\\\/\",\"logo\":{\"@type\":\"ImageObject\",\"inLanguage\":\"es\",\"@id\":\"https:\\\/\\\/localtrekkersperu.com\\\/#\\\/schema\\\/logo\\\/image\\\/\",\"url\":\"https:\\\/\\\/localtrekkersperu.com\\\/wp-content\\\/uploads\\\/2024\\\/08\\\/logo.png\",\"contentUrl\":\"https:\\\/\\\/localtrekkersperu.com\\\/wp-content\\\/uploads\\\/2024\\\/08\\\/logo.png\",\"width\":411,\"height\":122,\"caption\":\"Local Trekkers Peru\"},\"image\":{\"@id\":\"https:\\\/\\\/localtrekkersperu.com\\\/#\\\/schema\\\/logo\\\/image\\\/\"}}]}<\/script>\n<!-- \/ Yoast SEO plugin. -->","yoast_head_json":{"title":"Pueblos Quechuas en el Lares Trek: Qu\u00e9 esperar","description":"Descubre la rica cultura de los Lares Trek villages. Aprende qu\u00e9 esperar, datos de viaje esenciales y consejos de expertos para visitar quechua communities peru.","robots":{"index":"index","follow":"follow","max-snippet":"max-snippet:-1","max-image-preview":"max-image-preview:large","max-video-preview":"max-video-preview:-1"},"canonical":"https:\/\/localtrekkersperu.com\/es\/blog\/comunidades-lares-trek\/","og_locale":"es_ES","og_type":"article","og_title":"Pueblos Quechuas en el Lares Trek: Qu\u00e9 esperar","og_description":"Descubre la rica cultura de los Lares Trek villages. Aprende qu\u00e9 esperar, datos de viaje esenciales y consejos de expertos para visitar quechua communities peru.","og_url":"https:\/\/localtrekkersperu.com\/es\/blog\/comunidades-lares-trek\/","og_site_name":"Local Trekkers Peru","article_modified_time":"2026-08-31T22:46:05+00:00","og_image":[{"width":1200,"height":627,"url":"https:\/\/localtrekkersperu.com\/wp-content\/uploads\/2026\/06\/clipboard-image-1788215369.webp","type":"image\/webp"}],"twitter_card":"summary_large_image","twitter_misc":{"Tiempo de lectura":"9 minutos"},"schema":{"@context":"https:\/\/schema.org","@graph":[{"@type":"WebPage","@id":"https:\/\/localtrekkersperu.com\/es\/blog\/comunidades-lares-trek\/","url":"https:\/\/localtrekkersperu.com\/es\/blog\/comunidades-lares-trek\/","name":"Pueblos Quechuas en el Lares Trek: Qu\u00e9 esperar","isPartOf":{"@id":"https:\/\/localtrekkersperu.com\/#website"},"primaryImageOfPage":{"@id":"https:\/\/localtrekkersperu.com\/es\/blog\/comunidades-lares-trek\/#primaryimage"},"image":{"@id":"https:\/\/localtrekkersperu.com\/es\/blog\/comunidades-lares-trek\/#primaryimage"},"thumbnailUrl":"https:\/\/localtrekkersperu.com\/wp-content\/uploads\/2026\/06\/clipboard-image-1788215369.webp","datePublished":"2026-06-22T22:48:59+00:00","dateModified":"2026-08-31T22:46:05+00:00","description":"Descubre la rica cultura de los Lares Trek villages. Aprende qu\u00e9 esperar, datos de viaje esenciales y consejos de expertos para visitar quechua communities peru.","breadcrumb":{"@id":"https:\/\/localtrekkersperu.com\/es\/blog\/comunidades-lares-trek\/#breadcrumb"},"inLanguage":"es","potentialAction":[{"@type":"ReadAction","target":["https:\/\/localtrekkersperu.com\/es\/blog\/comunidades-lares-trek\/"]}]},{"@type":"ImageObject","inLanguage":"es","@id":"https:\/\/localtrekkersperu.com\/es\/blog\/comunidades-lares-trek\/#primaryimage","url":"https:\/\/localtrekkersperu.com\/wp-content\/uploads\/2026\/06\/clipboard-image-1788215369.webp","contentUrl":"https:\/\/localtrekkersperu.com\/wp-content\/uploads\/2026\/06\/clipboard-image-1788215369.webp","width":1200,"height":627},{"@type":"BreadcrumbList","@id":"https:\/\/localtrekkersperu.com\/es\/blog\/comunidades-lares-trek\/#breadcrumb","itemListElement":[{"@type":"ListItem","position":1,"name":"Home","item":"https:\/\/localtrekkersperu.com\/es\/"},{"@type":"ListItem","position":2,"name":"Blogs","item":"https:\/\/localtrekkersperu.com\/blog\/"},{"@type":"ListItem","position":3,"name":"Comunidades del Lares Trek: Vida, Tejido y Cultura Quechua en los Andes"}]},{"@type":"WebSite","@id":"https:\/\/localtrekkersperu.com\/#website","url":"https:\/\/localtrekkersperu.com\/","name":"Local Trekkers Peru","description":"","publisher":{"@id":"https:\/\/localtrekkersperu.com\/#organization"},"potentialAction":[{"@type":"SearchAction","target":{"@type":"EntryPoint","urlTemplate":"https:\/\/localtrekkersperu.com\/?s={search_term_string}"},"query-input":{"@type":"PropertyValueSpecification","valueRequired":true,"valueName":"search_term_string"}}],"inLanguage":"es"},{"@type":"Organization","@id":"https:\/\/localtrekkersperu.com\/#organization","name":"Local Trekkers Peru","url":"https:\/\/localtrekkersperu.com\/","logo":{"@type":"ImageObject","inLanguage":"es","@id":"https:\/\/localtrekkersperu.com\/#\/schema\/logo\/image\/","url":"https:\/\/localtrekkersperu.com\/wp-content\/uploads\/2024\/08\/logo.png","contentUrl":"https:\/\/localtrekkersperu.com\/wp-content\/uploads\/2024\/08\/logo.png","width":411,"height":122,"caption":"Local Trekkers Peru"},"image":{"@id":"https:\/\/localtrekkersperu.com\/#\/schema\/logo\/image\/"}}]}},"featured_img":"https:\/\/localtrekkersperu.com\/wp-content\/uploads\/2026\/06\/clipboard-image-1788215369.webp","coauthors":[],"author_meta":{"author_link":"https:\/\/localtrekkersperu.com\/es\/author\/editor_seo\/","display_name":"editor_seo"},"relative_dates":{"created":"Publicado 2 meses hace","modified":"Actualizado 3 d\u00edas hace"},"absolute_dates":{"created":"Publicado el junio 22, 2026","modified":"Actualizado el agosto 31, 2026"},"absolute_dates_time":{"created":"Publicado el junio 22, 2026 10:48 pm","modified":"Actualizado el agosto 31, 2026 10:46 pm"},"featured_img_caption":"","tax_additional":{"tip":{"linked":[],"unlinked":[],"slug":"tip","name":"Tips"},"translation_priority":{"linked":["<a href=\"https:\/\/localtrekkersperu.com\/?taxonomy=translation_priority&#038;term=optional\" class=\"advgb-post-tax-term\">Optional<\/a>"],"unlinked":["<span class=\"advgb-post-tax-term\">Optional<\/span>"],"slug":"translation_priority","name":"Prioridades de traducci\u00f3n"}},"series_order":"","_links":{"self":[{"href":"https:\/\/localtrekkersperu.com\/es\/wp-json\/wp\/v2\/blog\/11960","targetHints":{"allow":["GET"]}}],"collection":[{"href":"https:\/\/localtrekkersperu.com\/es\/wp-json\/wp\/v2\/blog"}],"about":[{"href":"https:\/\/localtrekkersperu.com\/es\/wp-json\/wp\/v2\/types\/blog"}],"wp:featuredmedia":[{"embeddable":true,"href":"https:\/\/localtrekkersperu.com\/es\/wp-json\/wp\/v2\/media\/12465"}],"wp:attachment":[{"href":"https:\/\/localtrekkersperu.com\/es\/wp-json\/wp\/v2\/media?parent=11960"}],"wp:term":[{"taxonomy":"tip","embeddable":true,"href":"https:\/\/localtrekkersperu.com\/es\/wp-json\/wp\/v2\/tip?post=11960"}],"curies":[{"name":"wp","href":"https:\/\/api.w.org\/{rel}","templated":true}]}}