{"id":11925,"date":"2026-06-13T22:52:46","date_gmt":"2026-06-13T22:52:46","guid":{"rendered":"https:\/\/localtrekkersperu.com\/blog\/lares-hot-springs-trekking-start\/"},"modified":"2026-07-24T20:28:21","modified_gmt":"2026-07-24T20:28:21","slug":"aguas-termales-lares-comienzo-trekking","status":"publish","type":"blog","link":"https:\/\/localtrekkersperu.com\/es\/blog\/aguas-termales-lares-comienzo-trekking\/","title":{"rendered":"Aguas termales de Lares: por qu\u00e9 son el mejor comienzo para tu trekking"},"content":{"rendered":"\n<p class=\"wp-block-paragraph\">Las aguas termales de Lares son la primera parada del Lares Trek, situadas en el mismo pueblo de Lares a unos 3.250 m, antes de que empiece la caminata propiamente dicha. El calor natural del agua ayuda a relajar la musculatura despu\u00e9s del viaje en carretera desde Cusco y le da a tu cuerpo un margen extra de adaptaci\u00f3n antes de exigirle esfuerzo f\u00edsico. <\/p>\n\n\n\n<p class=\"wp-block-paragraph\">No sustituyen la aclimataci\u00f3n real \u2014eso sigue dependiendo de pasar 2 d\u00edas en Cusco antes del trek\u2014, pero s\u00ed son un punto de descanso \u00fatil entre el traslado y el inicio del sendero, no solo un atractivo tur\u00edstico de paso.<\/p>\n\n\n\n<p class=\"wp-block-paragraph\">A diferencia del Camino Inca, el Lares Trek no requiere permiso, as\u00ed que este primer d\u00eda se puede ajustar con m\u00e1s flexibilidad de horario que en rutas con control de ingreso fijo.<\/p>\n\n\n\n<h2 class=\"wp-block-heading\">Qu\u00e9 son y d\u00f3nde est\u00e1n exactamente<\/h2>\n\n\n\n<p class=\"wp-block-paragraph\">Las termas de Lares est\u00e1n en el pueblo de Lares, a unos 3.250 m sobre el nivel del mar, en el punto donde termina el traslado en carretera desde Cusco y empieza el sendero hacia Huacahuasi. Son piscinas de origen volc\u00e1nico con distintas temperaturas, alimentadas por manantiales naturales de la zona. No es un spa tur\u00edstico construido para el trekking: es una instalaci\u00f3n local que la ruta de Lares aprovecha como parada de inicio, en un valle rodeado de monta\u00f1a, con el aire de altura ya notoriamente m\u00e1s fr\u00edo que el agua.<\/p>\n\n\n\n<figure class=\"wp-block-gallery has-nested-images columns-default is-cropped wp-block-gallery-1 is-layout-flex wp-block-gallery-is-layout-flex\">\n<figure class=\"wp-block-image size-large\"><img loading=\"lazy\" decoding=\"async\" width=\"1024\" height=\"682\" data-id=\"1202\" src=\"https:\/\/localtrekkersperu.com\/wp-content\/uploads\/2024\/09\/Lares-Trek-4days-2-1024x682.webp\" alt=\"\" class=\"wp-image-1202\" srcset=\"https:\/\/localtrekkersperu.com\/wp-content\/uploads\/2024\/09\/Lares-Trek-4days-2-1024x682.webp 1024w, https:\/\/localtrekkersperu.com\/wp-content\/uploads\/2024\/09\/Lares-Trek-4days-2-600x400.webp 600w, https:\/\/localtrekkersperu.com\/wp-content\/uploads\/2024\/09\/Lares-Trek-4days-2-300x200.webp 300w, https:\/\/localtrekkersperu.com\/wp-content\/uploads\/2024\/09\/Lares-Trek-4days-2-768x512.webp 768w, https:\/\/localtrekkersperu.com\/wp-content\/uploads\/2024\/09\/Lares-Trek-4days-2-1536x1024.webp 1536w, https:\/\/localtrekkersperu.com\/wp-content\/uploads\/2024\/09\/Lares-Trek-4days-2-1500x1000.webp 1500w, https:\/\/localtrekkersperu.com\/wp-content\/uploads\/2024\/09\/Lares-Trek-4days-2.webp 2000w\" sizes=\"auto, (max-width: 1024px) 100vw, 1024px\" \/><figcaption class=\"wp-element-caption\">Lares Trek<\/figcaption><\/figure>\n\n\n\n<figure class=\"wp-block-image size-large\"><img loading=\"lazy\" decoding=\"async\" width=\"1024\" height=\"576\" data-id=\"1191\" src=\"https:\/\/localtrekkersperu.com\/wp-content\/uploads\/2024\/09\/Lares-Trek-3days-2-1024x576.webp\" alt=\"Hot Springs\" class=\"wp-image-1191\" srcset=\"https:\/\/localtrekkersperu.com\/wp-content\/uploads\/2024\/09\/Lares-Trek-3days-2-1024x576.webp 1024w, https:\/\/localtrekkersperu.com\/wp-content\/uploads\/2024\/09\/Lares-Trek-3days-2-300x169.webp 300w, https:\/\/localtrekkersperu.com\/wp-content\/uploads\/2024\/09\/Lares-Trek-3days-2-768x432.webp 768w, https:\/\/localtrekkersperu.com\/wp-content\/uploads\/2024\/09\/Lares-Trek-3days-2-1536x864.webp 1536w, https:\/\/localtrekkersperu.com\/wp-content\/uploads\/2024\/09\/Lares-Trek-3days-2.webp 1920w\" sizes=\"auto, (max-width: 1024px) 100vw, 1024px\" \/><figcaption class=\"wp-element-caption\">Aguas Termales<\/figcaption><\/figure>\n<\/figure>\n\n\n\n<h2 class=\"wp-block-heading\">C\u00f3mo encajan en el itinerario del trek<\/h2>\n\n\n\n<p class=\"wp-block-paragraph\">El recorrido completo va de Cusco a Calca, luego a Lares, y de ah\u00ed a pie hacia Huacahuasi, cruzando el Paso Ipsaycocha (4.450 m) antes de bajar hacia Patacancha y llegar a Ollantaytambo para el tren a Aguas Calientes. Las termas se visitan justo despu\u00e9s del traslado por carretera y antes de que arranque la caminata, normalmente el primer d\u00eda.<\/p>\n\n\n\n<p class=\"wp-block-paragraph\">Es el \u00fanico de los tres pasos de entrada a Machu Picchu (Camino Inca, Salkantay, Lares) donde el primer contacto con el viaje es un ba\u00f1o termal en vez de empezar a caminar de inmediato. En Salkantay, el momento equivalente \u2014las termas de Cocalmayo\u2014 llega al final del recorrido, como premio tras el esfuerzo del paso; en Lares, se vive al rev\u00e9s: descanso antes del esfuerzo, no despu\u00e9s.<\/p>\n\n\n\n<h3 class=\"wp-block-heading\">Qu\u00e9 esperar de la visita: datos pr\u00e1cticos<\/h3>\n\n\n\n<ul class=\"wp-block-list\">\n<li><strong>Altitud:<\/strong> ~3.250 m, similar a la de Cusco, as\u00ed que no representa un salto de altitud adicional antes de empezar a caminar.<\/li>\n\n\n\n<li><strong>Clima:<\/strong> aire de monta\u00f1a fr\u00edo incluso en temporada seca, en contraste directo con el agua tibia de las piscinas.<\/li>\n\n\n\n<li><strong>Mejor \u00e9poca:<\/strong> abril a octubre, la temporada seca, con menos probabilidad de lluvia durante el traslado y el ba\u00f1o.<\/li>\n\n\n\n<li><strong>Qu\u00e9 llevar:<\/strong> traje de ba\u00f1o, toalla de secado r\u00e1pido, sandalias, y ropa de abrigo para el cambio de temperatura al salir del agua.<\/li>\n\n\n\n<li><strong>Tiempo recomendado dentro del agua:<\/strong> sesiones cortas, de 15-20 minutos, alternando con descanso fuera. Combinar calor y altitud sin pausas puede generar mareo; si sientes malestar persistente, consulta con un m\u00e9dico o cl\u00ednica del viajero antes de continuar con el trek.<\/li>\n<\/ul>\n\n\n\n<p class=\"wp-block-paragraph\"><strong>\u00bfCu\u00e1nto tiempo real se destina a la parada en las termas dentro del itinerario est\u00e1ndar del tour: 30 minutos o 1 hora?<\/strong><\/p>\n\n\n\n<p class=\"wp-block-paragraph\">En nuestro itinerario est\u00e1ndar del Trek Lares, normalmente destinamos entre 45 minutos y 1 hora para disfrutar de las aguas termales. Este tiempo suele ser suficiente para relajarse despu\u00e9s del traslado desde Cusco y antes de continuar con las actividades previstas del primer d\u00eda. <\/p>\n\n\n\n<p class=\"wp-block-paragraph\">Procuramos mantener este margen para que el grupo pueda cambiarse con tranquilidad, disfrutar de las piscinas y almorzar sin afectar el desarrollo del itinerario. <\/p>\n\n\n\n<p class=\"wp-block-paragraph\">En temporadas de mayor afluencia o cuando las condiciones clim\u00e1ticas lo requieren, el horario puede ajustarse ligeramente, pero procuramos que todos los viajeros tengan tiempo suficiente para aprovechar esta experiencia sin retrasar el inicio del trekking.<\/p>\n\n\n\n<h2 class=\"wp-block-heading\">Las comunidades y el paisaje que vienen despu\u00e9s<\/h2>\n\n\n\n<p class=\"wp-block-paragraph\">Despu\u00e9s de las termas, el sendero conecta con las comunidades quechuas de Huacahuasi, Patacancha, Huilloc y Cuncani, donde el tejido tradicional y el quechua siguen siendo parte de la vida diaria. Es la raz\u00f3n por la que muchos viajeros eligen Lares sobre Salkantay: el protagonista de la ruta no es el paisaje de nevados sino el contacto con estas comunidades. Si ese es tu inter\u00e9s principal, revisa nuestra gu\u00eda de <a href=\"https:\/\/localtrekkersperu.com\/es\/blog\/comunidades-lares-trek\/\">pueblos quechuas en el Lares Trek: qu\u00e9 esperar<\/a>.<\/p>\n\n\n\n<h3 class=\"wp-block-heading\">Los errores que vemos m\u00e1s seguido<\/h3>\n\n\n\n<p class=\"wp-block-paragraph\">Uno de los errores m\u00e1s habituales es permanecer demasiado tiempo en las piscinas de mayor temperatura. En varias temporadas hemos visto viajeros que pasan m\u00e1s de 40 minutos dentro del agua caliente y, al salir, sienten cansancio, ligera deshidrataci\u00f3n o mareo, especialmente considerando que el valle de Lares ya se encuentra a una altitud considerable. <\/p>\n\n\n\n<p class=\"wp-block-paragraph\">Otro caso frecuente ocurre cuando los visitantes no llevan ropa de abrigo para cambiarse inmediatamente despu\u00e9s del ba\u00f1o. La diferencia entre la temperatura del agua y el ambiente puede ser importante, sobre todo durante la tarde, por lo que iniciar la caminata con el cuerpo fr\u00edo resulta inc\u00f3modo. <\/p>\n\n\n\n<p class=\"wp-block-paragraph\">Siempre recomendamos hidratarse, limitar el tiempo en las piscinas m\u00e1s calientes y cambiarse r\u00e1pidamente con ropa seca.<\/p>\n\n\n\n<p class=\"wp-block-paragraph\">Este tipo de error suele notarse reci\u00e9n al segundo d\u00eda, cuando el grupo enfrenta el Paso Ipsaycocha \u2014el tramo corto pero empinado de la ruta\u2014 con menos energ\u00eda de la esperada. Las termas son un buen comienzo, pero no reemplazan una aclimataci\u00f3n real de 2 d\u00edas en Cusco antes de empezar el trek.<\/p>\n\n\n\n<figure class=\"wp-block-gallery has-nested-images columns-default is-cropped wp-block-gallery-2 is-layout-flex wp-block-gallery-is-layout-flex\">\n<figure class=\"wp-block-image size-large\"><img loading=\"lazy\" decoding=\"async\" width=\"1024\" height=\"682\" data-id=\"1020\" src=\"https:\/\/localtrekkersperu.com\/wp-content\/uploads\/2024\/09\/Lares-Inca-Trail-4days-2-1024x682.webp\" alt=\"Lares Trek to Machu Picchu\" class=\"wp-image-1020\" srcset=\"https:\/\/localtrekkersperu.com\/wp-content\/uploads\/2024\/09\/Lares-Inca-Trail-4days-2-1024x682.webp 1024w, https:\/\/localtrekkersperu.com\/wp-content\/uploads\/2024\/09\/Lares-Inca-Trail-4days-2-600x400.webp 600w, https:\/\/localtrekkersperu.com\/wp-content\/uploads\/2024\/09\/Lares-Inca-Trail-4days-2-300x200.webp 300w, https:\/\/localtrekkersperu.com\/wp-content\/uploads\/2024\/09\/Lares-Inca-Trail-4days-2-768x512.webp 768w, https:\/\/localtrekkersperu.com\/wp-content\/uploads\/2024\/09\/Lares-Inca-Trail-4days-2-1536x1024.webp 1536w, https:\/\/localtrekkersperu.com\/wp-content\/uploads\/2024\/09\/Lares-Inca-Trail-4days-2-1500x1000.webp 1500w, https:\/\/localtrekkersperu.com\/wp-content\/uploads\/2024\/09\/Lares-Inca-Trail-4days-2.webp 2000w\" sizes=\"auto, (max-width: 1024px) 100vw, 1024px\" \/><figcaption class=\"wp-element-caption\">Lares Trek a Machu Picchu<\/figcaption><\/figure>\n\n\n\n<figure class=\"wp-block-image size-large\"><img loading=\"lazy\" decoding=\"async\" width=\"1024\" height=\"682\" data-id=\"7889\" src=\"https:\/\/localtrekkersperu.com\/wp-content\/uploads\/2025\/08\/clima-machu-picchu-1024x682.webp\" alt=\"\" class=\"wp-image-7889\" srcset=\"https:\/\/localtrekkersperu.com\/wp-content\/uploads\/2025\/08\/clima-machu-picchu-1024x682.webp 1024w, https:\/\/localtrekkersperu.com\/wp-content\/uploads\/2025\/08\/clima-machu-picchu-300x200.webp 300w, https:\/\/localtrekkersperu.com\/wp-content\/uploads\/2025\/08\/clima-machu-picchu-768x512.webp 768w, https:\/\/localtrekkersperu.com\/wp-content\/uploads\/2025\/08\/clima-machu-picchu-1536x1023.webp 1536w, https:\/\/localtrekkersperu.com\/wp-content\/uploads\/2025\/08\/clima-machu-picchu-1500x1000.webp 1500w, https:\/\/localtrekkersperu.com\/wp-content\/uploads\/2025\/08\/clima-machu-picchu-600x400.webp 600w, https:\/\/localtrekkersperu.com\/wp-content\/uploads\/2025\/08\/clima-machu-picchu.webp 1600w\" sizes=\"auto, (max-width: 1024px) 100vw, 1024px\" \/><figcaption class=\"wp-element-caption\">Machu Picchu<\/figcaption><\/figure>\n<\/figure>\n\n\n\n<h2 class=\"wp-block-heading\">Preguntas frecuentes sobre las aguas termales de Lares<\/h2>\n\n\n\n<p class=\"wp-block-paragraph\"><strong>\u00bfLas termas est\u00e1n incluidas en el paquete del tour o se pagan aparte?<\/strong><\/p>\n\n\n\n<p class=\"wp-block-paragraph\">En la mayor\u00eda de nuestros programas del Trek Lares, el ingreso a las aguas termales est\u00e1 incluido dentro del precio del tour, por lo que los pasajeros no necesitan realizar un pago adicional al llegar. Preferimos incluir este servicio para evitar demoras durante la operaci\u00f3n y ofrecer una experiencia m\u00e1s c\u00f3moda desde el inicio del viaje. <\/p>\n\n\n\n<p class=\"wp-block-paragraph\">No obstante, recomendamos revisar siempre el detalle de inclusiones del programa reservado, ya que algunos itinerarios personalizados o versiones econ\u00f3micas ofrecidas por distintos operadores pueden manejar pol\u00edticas diferentes. <\/p>\n\n\n\n<p class=\"wp-block-paragraph\">En nuestras salidas regulares, el acceso a las termas forma parte de los servicios contemplados en el paquete.<\/p>\n\n\n\n<p class=\"wp-block-paragraph\"><strong>\u00bfEs seguro ba\u00f1arse en las termas si acabo de llegar de nivel del mar?<\/strong><br>Las termas est\u00e1n a una altitud similar a la de Cusco (3.250 m vs. 3.400 m), as\u00ed que no representan un salto adicional de altura. Aun as\u00ed, si sientes s\u00edntomas de mal de altura al llegar a Cusco, consulta con un m\u00e9dico o cl\u00ednica del viajero antes de continuar con el trek, incluida esta parada.<\/p>\n\n\n\n<p class=\"wp-block-paragraph\"><strong>\u00bfDebo llevar mi propio traje de ba\u00f1o?<\/strong><\/p>\n\n\n\n<p class=\"wp-block-paragraph\">S\u00ed. Recomendamos llevar traje de ba\u00f1o, sandalias y una toalla personal. Aunque en algunos momentos pueden encontrarse art\u00edculos b\u00e1sicos en la zona, no siempre hay disponibilidad, por lo que es mejor viajar con todo lo necesario.<\/p>\n\n\n\n<p class=\"wp-block-paragraph\"><strong>\u00bfLas piscinas est\u00e1n limpias y reciben mantenimiento?<\/strong><\/p>\n\n\n\n<p class=\"wp-block-paragraph\">S\u00ed. Las aguas termales son administradas por la comunidad y las autoridades locales, que realizan labores peri\u00f3dicas de limpieza y mantenimiento. La calidad del agua suele ser muy buena durante todo el a\u00f1o.<\/p>\n\n\n\n<p class=\"wp-block-paragraph\"><strong>\u00bfPuedo visitar las termas sin hacer el trekking?<\/strong><\/p>\n\n\n\n<p class=\"wp-block-paragraph\">S\u00ed. Las aguas termales de Lares pueden visitarse de forma independiente en una excursi\u00f3n por carretera desde Cusco o durante un viaje por el Valle de Lares. No es obligatorio realizar el trekking para disfrutar de ellas.<\/p>\n\n\n\n<p class=\"wp-block-paragraph\"><strong>\u00bfPuedo visitar las termas de Lares sin hacer el trek completo?<\/strong><\/p>\n\n\n\n<p class=\"wp-block-paragraph\">S\u00ed, adem\u00e1s de incluirlas dentro del Trek Lares, tambi\u00e9n es posible organizar una excursi\u00f3n de un d\u00eda a las aguas termales de Lares para viajeros que desean relajarse sin realizar la caminata de varios d\u00edas. Este tipo de salida suele incluir transporte privado o compartido desde Cusco y tiempo suficiente para disfrutar de las piscinas antes del regreso. <\/p>\n\n\n\n<p class=\"wp-block-paragraph\">Sin embargo, la mayor\u00eda de quienes buscan una experiencia completa en el valle eligen integrarlas dentro del trekking, ya que representan un excelente comienzo antes de recorrer las comunidades andinas, los pasos de monta\u00f1a y los paisajes caracter\u00edsticos de la ruta Lares.<\/p>\n\n\n\n<h3 class=\"wp-block-heading\">Siguiente paso<\/h3>\n\n\n\n<p class=\"wp-block-paragraph\">Si ya tienes claro c\u00f3mo empieza esta ruta, revisa el resto del itinerario, las comunidades que vas a visitar y el paso de altura del d\u00eda 2 en nuestra <a href=\"https:\/\/localtrekkersperu.com\/es\/blog\/lares-trek-ruta-cultural-a-machu-picchu\/\">Gu\u00eda Completa del Lares Trek: ruta cultural a Machu Picchu<\/a>, o el detalle de comunidades quechuas en <a href=\"https:\/\/localtrekkersperu.com\/es\/blog\/comunidades-lares-trek\/\">Pueblos Quechuas en el Lares Trek: qu\u00e9 esperar<\/a>.<\/p>\n\n\n\n<p class=\"wp-block-paragraph\">Si ya decidiste que esta es tu ruta, revisa fechas y detalles en nuestro <a href=\"https:\/\/localtrekkersperu.com\/es\/camino-lares-a-machu-picchu-4-dias-y-3-noches\/\">Camino Lares a Machu Picchu 4 d\u00edas y 3 noches<\/a>, operado directamente por Local Trekkers Peru desde Cusco. Al no requerir permiso, puedes reservar con pocos d\u00edas de anticipaci\u00f3n \u2014 solo recuerda que s\u00ed necesitas gestionar la entrada a Machu Picchu con cupo aparte.<\/p>\n\n\n\n<p class=\"wp-block-paragraph\"><\/p>\n","protected":false},"author":4,"featured_media":1203,"template":"","meta":{"_acf_changed":false,"advgb_blocks_editor_width":"","advgb_blocks_columns_visual_guide":""},"tip":[],"class_list":["post-11925","blog","type-blog","status-publish","has-post-thumbnail","hentry"],"acf":[],"yoast_head":"<!-- This site is optimized with the Yoast SEO plugin v28.3 - https:\/\/yoast.com\/product\/yoast-seo-wordpress\/ -->\n<title>Aguas Termales de Lares: El comienzo perfecto para tu trek | Gu\u00eda<\/title>\n<meta name=\"description\" content=\"Descubre por qu\u00e9 las aguas termales de Lares son el comienzo perfecto para tu trek. Obt\u00e9n datos esenciales, altitud y consejos de expertos para relajarte antes de hacer trekking en Per\u00fa.\" \/>\n<meta name=\"robots\" content=\"index, follow, max-snippet:-1, max-image-preview:large, max-video-preview:-1\" \/>\n<link rel=\"canonical\" href=\"https:\/\/localtrekkersperu.com\/es\/blog\/aguas-termales-lares-comienzo-trekking\/\" \/>\n<meta property=\"og:locale\" content=\"es_ES\" \/>\n<meta property=\"og:type\" content=\"article\" \/>\n<meta property=\"og:title\" content=\"Aguas Termales de Lares: El comienzo perfecto para tu trek | Gu\u00eda\" \/>\n<meta property=\"og:description\" content=\"Descubre por qu\u00e9 las aguas termales de Lares son el comienzo perfecto para tu trek. Obt\u00e9n datos esenciales, altitud y consejos de expertos para relajarte antes de hacer trekking en Per\u00fa.\" \/>\n<meta property=\"og:url\" content=\"https:\/\/localtrekkersperu.com\/es\/blog\/aguas-termales-lares-comienzo-trekking\/\" \/>\n<meta property=\"og:site_name\" content=\"Local Trekkers Peru\" \/>\n<meta property=\"article:modified_time\" content=\"2026-07-24T20:28:21+00:00\" \/>\n<meta property=\"og:image\" content=\"https:\/\/localtrekkersperu.com\/wp-content\/uploads\/2024\/09\/Lares-Trek-4days-2.webp\" \/>\n\t<meta property=\"og:image:width\" content=\"2000\" \/>\n\t<meta property=\"og:image:height\" content=\"1333\" \/>\n\t<meta property=\"og:image:type\" content=\"image\/webp\" \/>\n<meta name=\"twitter:card\" content=\"summary_large_image\" \/>\n<meta name=\"twitter:label1\" content=\"Tiempo de lectura\" \/>\n\t<meta name=\"twitter:data1\" content=\"8 minutos\" \/>\n<script type=\"application\/ld+json\" class=\"yoast-schema-graph\">{\"@context\":\"https:\\\/\\\/schema.org\",\"@graph\":[{\"@type\":\"WebPage\",\"@id\":\"https:\\\/\\\/localtrekkersperu.com\\\/es\\\/blog\\\/aguas-termales-lares-comienzo-trekking\\\/\",\"url\":\"https:\\\/\\\/localtrekkersperu.com\\\/es\\\/blog\\\/aguas-termales-lares-comienzo-trekking\\\/\",\"name\":\"Aguas Termales de Lares: El comienzo perfecto para tu trek | Gu\u00eda\",\"isPartOf\":{\"@id\":\"https:\\\/\\\/localtrekkersperu.com\\\/#website\"},\"primaryImageOfPage\":{\"@id\":\"https:\\\/\\\/localtrekkersperu.com\\\/es\\\/blog\\\/aguas-termales-lares-comienzo-trekking\\\/#primaryimage\"},\"image\":{\"@id\":\"https:\\\/\\\/localtrekkersperu.com\\\/es\\\/blog\\\/aguas-termales-lares-comienzo-trekking\\\/#primaryimage\"},\"thumbnailUrl\":\"https:\\\/\\\/localtrekkersperu.com\\\/wp-content\\\/uploads\\\/2024\\\/09\\\/Lares-Trek-4days-2.webp\",\"datePublished\":\"2026-06-13T22:52:46+00:00\",\"dateModified\":\"2026-07-24T20:28:21+00:00\",\"description\":\"Descubre por qu\u00e9 las aguas termales de Lares son el comienzo perfecto para tu trek. Obt\u00e9n datos esenciales, altitud y consejos de expertos para relajarte antes de hacer trekking en Per\u00fa.\",\"breadcrumb\":{\"@id\":\"https:\\\/\\\/localtrekkersperu.com\\\/es\\\/blog\\\/aguas-termales-lares-comienzo-trekking\\\/#breadcrumb\"},\"inLanguage\":\"es\",\"potentialAction\":[{\"@type\":\"ReadAction\",\"target\":[\"https:\\\/\\\/localtrekkersperu.com\\\/es\\\/blog\\\/aguas-termales-lares-comienzo-trekking\\\/\"]}]},{\"@type\":\"ImageObject\",\"inLanguage\":\"es\",\"@id\":\"https:\\\/\\\/localtrekkersperu.com\\\/es\\\/blog\\\/aguas-termales-lares-comienzo-trekking\\\/#primaryimage\",\"url\":\"https:\\\/\\\/localtrekkersperu.com\\\/wp-content\\\/uploads\\\/2024\\\/09\\\/Lares-Trek-4days-2.webp\",\"contentUrl\":\"https:\\\/\\\/localtrekkersperu.com\\\/wp-content\\\/uploads\\\/2024\\\/09\\\/Lares-Trek-4days-2.webp\",\"width\":2000,\"height\":1333,\"caption\":\"Punto destacado en el \\\"Lares Trek\\\", una popular ruta alternativa de senderismo que conduce a Machu Picchu\"},{\"@type\":\"BreadcrumbList\",\"@id\":\"https:\\\/\\\/localtrekkersperu.com\\\/es\\\/blog\\\/aguas-termales-lares-comienzo-trekking\\\/#breadcrumb\",\"itemListElement\":[{\"@type\":\"ListItem\",\"position\":1,\"name\":\"Home\",\"item\":\"https:\\\/\\\/localtrekkersperu.com\\\/es\\\/\"},{\"@type\":\"ListItem\",\"position\":2,\"name\":\"Blogs\",\"item\":\"https:\\\/\\\/localtrekkersperu.com\\\/blog\\\/\"},{\"@type\":\"ListItem\",\"position\":3,\"name\":\"Aguas termales de Lares: por qu\u00e9 son el mejor comienzo para tu trekking\"}]},{\"@type\":\"WebSite\",\"@id\":\"https:\\\/\\\/localtrekkersperu.com\\\/#website\",\"url\":\"https:\\\/\\\/localtrekkersperu.com\\\/\",\"name\":\"Local Trekkers Peru\",\"description\":\"\",\"publisher\":{\"@id\":\"https:\\\/\\\/localtrekkersperu.com\\\/#organization\"},\"potentialAction\":[{\"@type\":\"SearchAction\",\"target\":{\"@type\":\"EntryPoint\",\"urlTemplate\":\"https:\\\/\\\/localtrekkersperu.com\\\/?s={search_term_string}\"},\"query-input\":{\"@type\":\"PropertyValueSpecification\",\"valueRequired\":true,\"valueName\":\"search_term_string\"}}],\"inLanguage\":\"es\"},{\"@type\":\"Organization\",\"@id\":\"https:\\\/\\\/localtrekkersperu.com\\\/#organization\",\"name\":\"Local Trekkers Peru\",\"url\":\"https:\\\/\\\/localtrekkersperu.com\\\/\",\"logo\":{\"@type\":\"ImageObject\",\"inLanguage\":\"es\",\"@id\":\"https:\\\/\\\/localtrekkersperu.com\\\/#\\\/schema\\\/logo\\\/image\\\/\",\"url\":\"https:\\\/\\\/localtrekkersperu.com\\\/wp-content\\\/uploads\\\/2024\\\/08\\\/logo.png\",\"contentUrl\":\"https:\\\/\\\/localtrekkersperu.com\\\/wp-content\\\/uploads\\\/2024\\\/08\\\/logo.png\",\"width\":411,\"height\":122,\"caption\":\"Local Trekkers Peru\"},\"image\":{\"@id\":\"https:\\\/\\\/localtrekkersperu.com\\\/#\\\/schema\\\/logo\\\/image\\\/\"}}]}<\/script>\n<!-- \/ Yoast SEO plugin. -->","yoast_head_json":{"title":"Aguas Termales de Lares: El comienzo perfecto para tu trek | Gu\u00eda","description":"Descubre por qu\u00e9 las aguas termales de Lares son el comienzo perfecto para tu trek. Obt\u00e9n datos esenciales, altitud y consejos de expertos para relajarte antes de hacer trekking en Per\u00fa.","robots":{"index":"index","follow":"follow","max-snippet":"max-snippet:-1","max-image-preview":"max-image-preview:large","max-video-preview":"max-video-preview:-1"},"canonical":"https:\/\/localtrekkersperu.com\/es\/blog\/aguas-termales-lares-comienzo-trekking\/","og_locale":"es_ES","og_type":"article","og_title":"Aguas Termales de Lares: El comienzo perfecto para tu trek | Gu\u00eda","og_description":"Descubre por qu\u00e9 las aguas termales de Lares son el comienzo perfecto para tu trek. Obt\u00e9n datos esenciales, altitud y consejos de expertos para relajarte antes de hacer trekking en Per\u00fa.","og_url":"https:\/\/localtrekkersperu.com\/es\/blog\/aguas-termales-lares-comienzo-trekking\/","og_site_name":"Local Trekkers Peru","article_modified_time":"2026-07-24T20:28:21+00:00","og_image":[{"width":2000,"height":1333,"url":"https:\/\/localtrekkersperu.com\/wp-content\/uploads\/2024\/09\/Lares-Trek-4days-2.webp","type":"image\/webp"}],"twitter_card":"summary_large_image","twitter_misc":{"Tiempo de lectura":"8 minutos"},"schema":{"@context":"https:\/\/schema.org","@graph":[{"@type":"WebPage","@id":"https:\/\/localtrekkersperu.com\/es\/blog\/aguas-termales-lares-comienzo-trekking\/","url":"https:\/\/localtrekkersperu.com\/es\/blog\/aguas-termales-lares-comienzo-trekking\/","name":"Aguas Termales de Lares: El comienzo perfecto para tu trek | Gu\u00eda","isPartOf":{"@id":"https:\/\/localtrekkersperu.com\/#website"},"primaryImageOfPage":{"@id":"https:\/\/localtrekkersperu.com\/es\/blog\/aguas-termales-lares-comienzo-trekking\/#primaryimage"},"image":{"@id":"https:\/\/localtrekkersperu.com\/es\/blog\/aguas-termales-lares-comienzo-trekking\/#primaryimage"},"thumbnailUrl":"https:\/\/localtrekkersperu.com\/wp-content\/uploads\/2024\/09\/Lares-Trek-4days-2.webp","datePublished":"2026-06-13T22:52:46+00:00","dateModified":"2026-07-24T20:28:21+00:00","description":"Descubre por qu\u00e9 las aguas termales de Lares son el comienzo perfecto para tu trek. Obt\u00e9n datos esenciales, altitud y consejos de expertos para relajarte antes de hacer trekking en Per\u00fa.","breadcrumb":{"@id":"https:\/\/localtrekkersperu.com\/es\/blog\/aguas-termales-lares-comienzo-trekking\/#breadcrumb"},"inLanguage":"es","potentialAction":[{"@type":"ReadAction","target":["https:\/\/localtrekkersperu.com\/es\/blog\/aguas-termales-lares-comienzo-trekking\/"]}]},{"@type":"ImageObject","inLanguage":"es","@id":"https:\/\/localtrekkersperu.com\/es\/blog\/aguas-termales-lares-comienzo-trekking\/#primaryimage","url":"https:\/\/localtrekkersperu.com\/wp-content\/uploads\/2024\/09\/Lares-Trek-4days-2.webp","contentUrl":"https:\/\/localtrekkersperu.com\/wp-content\/uploads\/2024\/09\/Lares-Trek-4days-2.webp","width":2000,"height":1333,"caption":"Punto destacado en el \"Lares Trek\", una popular ruta alternativa de senderismo que conduce a Machu Picchu"},{"@type":"BreadcrumbList","@id":"https:\/\/localtrekkersperu.com\/es\/blog\/aguas-termales-lares-comienzo-trekking\/#breadcrumb","itemListElement":[{"@type":"ListItem","position":1,"name":"Home","item":"https:\/\/localtrekkersperu.com\/es\/"},{"@type":"ListItem","position":2,"name":"Blogs","item":"https:\/\/localtrekkersperu.com\/blog\/"},{"@type":"ListItem","position":3,"name":"Aguas termales de Lares: por qu\u00e9 son el mejor comienzo para tu trekking"}]},{"@type":"WebSite","@id":"https:\/\/localtrekkersperu.com\/#website","url":"https:\/\/localtrekkersperu.com\/","name":"Local Trekkers Peru","description":"","publisher":{"@id":"https:\/\/localtrekkersperu.com\/#organization"},"potentialAction":[{"@type":"SearchAction","target":{"@type":"EntryPoint","urlTemplate":"https:\/\/localtrekkersperu.com\/?s={search_term_string}"},"query-input":{"@type":"PropertyValueSpecification","valueRequired":true,"valueName":"search_term_string"}}],"inLanguage":"es"},{"@type":"Organization","@id":"https:\/\/localtrekkersperu.com\/#organization","name":"Local Trekkers Peru","url":"https:\/\/localtrekkersperu.com\/","logo":{"@type":"ImageObject","inLanguage":"es","@id":"https:\/\/localtrekkersperu.com\/#\/schema\/logo\/image\/","url":"https:\/\/localtrekkersperu.com\/wp-content\/uploads\/2024\/08\/logo.png","contentUrl":"https:\/\/localtrekkersperu.com\/wp-content\/uploads\/2024\/08\/logo.png","width":411,"height":122,"caption":"Local Trekkers Peru"},"image":{"@id":"https:\/\/localtrekkersperu.com\/#\/schema\/logo\/image\/"}}]}},"featured_img":"https:\/\/localtrekkersperu.com\/wp-content\/uploads\/2024\/09\/Lares-Trek-4days-2.webp","coauthors":[],"author_meta":{"author_link":"https:\/\/localtrekkersperu.com\/es\/author\/editor_seo\/","display_name":"editor_seo"},"relative_dates":{"created":"Publicado 3 meses hace","modified":"Actualizado 1 mes hace"},"absolute_dates":{"created":"Publicado el junio 13, 2026","modified":"Actualizado el julio 24, 2026"},"absolute_dates_time":{"created":"Publicado el junio 13, 2026 10:52 pm","modified":"Actualizado el julio 24, 2026 8:28 pm"},"featured_img_caption":"Punto destacado en el \"Lares Trek\", una popular ruta alternativa de senderismo que conduce a Machu Picchu","tax_additional":{"tip":{"linked":[],"unlinked":[],"slug":"tip","name":"Tips"},"translation_priority":{"linked":["<a href=\"https:\/\/localtrekkersperu.com\/?taxonomy=translation_priority&#038;term=optional\" class=\"advgb-post-tax-term\">Optional<\/a>"],"unlinked":["<span class=\"advgb-post-tax-term\">Optional<\/span>"],"slug":"translation_priority","name":"Prioridades de traducci\u00f3n"}},"series_order":"","_links":{"self":[{"href":"https:\/\/localtrekkersperu.com\/es\/wp-json\/wp\/v2\/blog\/11925","targetHints":{"allow":["GET"]}}],"collection":[{"href":"https:\/\/localtrekkersperu.com\/es\/wp-json\/wp\/v2\/blog"}],"about":[{"href":"https:\/\/localtrekkersperu.com\/es\/wp-json\/wp\/v2\/types\/blog"}],"wp:featuredmedia":[{"embeddable":true,"href":"https:\/\/localtrekkersperu.com\/es\/wp-json\/wp\/v2\/media\/1203"}],"wp:attachment":[{"href":"https:\/\/localtrekkersperu.com\/es\/wp-json\/wp\/v2\/media?parent=11925"}],"wp:term":[{"taxonomy":"tip","embeddable":true,"href":"https:\/\/localtrekkersperu.com\/es\/wp-json\/wp\/v2\/tip?post=11925"}],"curies":[{"name":"wp","href":"https:\/\/api.w.org\/{rel}","templated":true}]}}