{"id":10473,"date":"2025-12-10T16:05:03","date_gmt":"2025-12-10T16:05:03","guid":{"rendered":"https:\/\/localtrekkersperu.com\/?post_type=blog&#038;p=10473"},"modified":"2026-08-03T22:27:28","modified_gmt":"2026-08-03T22:27:28","slug":"lares-trek-ruta-cultural-a-machu-picchu","status":"publish","type":"blog","link":"https:\/\/localtrekkersperu.com\/es\/blog\/lares-trek-ruta-cultural-a-machu-picchu\/","title":{"rendered":"Lares Trek: La ruta cultural alternativa a Machu Picchu"},"content":{"rendered":"\n<p class=\"wp-block-paragraph\">El <strong>Lares Trek<\/strong> es la ruta que eligen los viajeros que quieren llegar a Machu Picchu caminando, pero sin compartir el sendero con cientos de personas. No es un camino arqueol\u00f3gico: es un corredor de pastoreo que las comunidades quechuas del Valle de Lares llevan usando siglos, entre lagunas glaciares, pasos de m\u00e1s de 4.000 metros y casas donde todav\u00eda se teje con tintes naturales. Existe como alternativa al Camino Inca, s\u00ed, pero su valor no es ser un plan B: es una experiencia distinta, m\u00e1s humana y menos monumental.<\/p>\n\n\n\n<p class=\"wp-block-paragraph\">Esta gu\u00eda cubre todo lo que necesitas para decidir y planificar: qu\u00e9 es exactamente la ruta, cu\u00e1ntos d\u00edas tiene, qu\u00e9 se ve cada jornada, c\u00f3mo se compara con el Camino Inca y con el Salkantay, cu\u00e1ndo ir, qu\u00e9 llevar y qu\u00e9 preguntas suelen quedar en el aire. Cada bloque enlaza al art\u00edculo donde ese tema se desarrolla a fondo.<\/p>\n\n\n\n<figure class=\"wp-block-gallery has-nested-images columns-default is-cropped wp-block-gallery-1 is-layout-flex wp-block-gallery-is-layout-flex\">\n<figure class=\"wp-block-image size-large\"><img loading=\"lazy\" decoding=\"async\" width=\"1024\" height=\"682\" data-id=\"1203\" src=\"https:\/\/localtrekkersperu.com\/wp-content\/uploads\/2024\/09\/Lares-Trek-4days-2-1024x682.webp\" alt=\"\" class=\"wp-image-1203\" srcset=\"https:\/\/localtrekkersperu.com\/wp-content\/uploads\/2024\/09\/Lares-Trek-4days-2-1024x682.webp 1024w, https:\/\/localtrekkersperu.com\/wp-content\/uploads\/2024\/09\/Lares-Trek-4days-2-300x200.webp 300w, https:\/\/localtrekkersperu.com\/wp-content\/uploads\/2024\/09\/Lares-Trek-4days-2-768x512.webp 768w, https:\/\/localtrekkersperu.com\/wp-content\/uploads\/2024\/09\/Lares-Trek-4days-2-1536x1024.webp 1536w, https:\/\/localtrekkersperu.com\/wp-content\/uploads\/2024\/09\/Lares-Trek-4days-2-1500x1000.webp 1500w, https:\/\/localtrekkersperu.com\/wp-content\/uploads\/2024\/09\/Lares-Trek-4days-2.webp 2000w\" sizes=\"auto, (max-width: 1024px) 100vw, 1024px\" \/><figcaption class=\"wp-element-caption\">Caminata a Machu Picchu<\/figcaption><\/figure>\n\n\n\n<figure class=\"wp-block-image size-large\"><img loading=\"lazy\" decoding=\"async\" width=\"1024\" height=\"576\" data-id=\"1192\" src=\"https:\/\/localtrekkersperu.com\/wp-content\/uploads\/2024\/09\/Lares-Trek-3days-2-1024x576.webp\" alt=\"\" class=\"wp-image-1192\" srcset=\"https:\/\/localtrekkersperu.com\/wp-content\/uploads\/2024\/09\/Lares-Trek-3days-2-1024x576.webp 1024w, https:\/\/localtrekkersperu.com\/wp-content\/uploads\/2024\/09\/Lares-Trek-3days-2-300x169.webp 300w, https:\/\/localtrekkersperu.com\/wp-content\/uploads\/2024\/09\/Lares-Trek-3days-2-768x432.webp 768w, https:\/\/localtrekkersperu.com\/wp-content\/uploads\/2024\/09\/Lares-Trek-3days-2-1536x864.webp 1536w, https:\/\/localtrekkersperu.com\/wp-content\/uploads\/2024\/09\/Lares-Trek-3days-2.webp 1920w\" sizes=\"auto, (max-width: 1024px) 100vw, 1024px\" \/><figcaption class=\"wp-element-caption\">Ba\u00f1os termales <\/figcaption><\/figure>\n<\/figure>\n\n\n\n<h2 class=\"wp-block-heading\">\u00bfQu\u00e9 es el Lares Trek?<\/h2>\n\n\n\n<p class=\"wp-block-paragraph\">El Lares Trek es una caminata de alta monta\u00f1a que atraviesa el Valle de Lares, en la provincia de Calca, al norte del Valle Sagrado de Cusco. La ruta enlaza comunidades andinas dispersas a m\u00e1s de 3.800 m s. n. m., cruza uno o dos pasos de monta\u00f1a y desciende hacia el Valle Sagrado, desde donde se contin\u00faa en tren a Aguas Calientes para visitar Machu Picchu al d\u00eda siguiente.<\/p>\n\n\n\n<p class=\"wp-block-paragraph\">La diferencia de fondo con otras rutas del entorno es qu\u00e9 se ve. En el Camino Inca caminas sobre piedra inca y llegas a la Ciudadela por la Puerta del Sol. En Lares caminas sobre senderos de pastores y llegas a Machu Picchu en tren, pero por el camino atraviesas un territorio donde el quechua es la primera lengua, donde el tejido sigue siendo econom\u00eda y no souvenir, y donde los reba\u00f1os de alpacas marcan el ritmo del d\u00eda. Es una ruta de cultura viva, no de arqueolog\u00eda.<\/p>\n\n\n\n<p class=\"wp-block-paragraph\">Tambi\u00e9n conviene decir lo que no es. Lares no es un trek f\u00e1cil por ser \u00abcultural\u00bb: las noches son fr\u00edas, los pasos altos y buena parte del recorrido se hace por encima de los 4.000 m. Y no es una ruta \u00fanica: bajo el nombre \u00abLares Trek\u00bb conviven varios itinerarios distintos, con puntos de inicio y comunidades diferentes seg\u00fan la agencia. Por eso, antes de reservar, importa saber exactamente qu\u00e9 versi\u00f3n te est\u00e1n vendiendo.<\/p>\n\n\n\n<h2 class=\"wp-block-heading\">Datos clave del Lares Trek<\/h2>\n\n\n\n<figure class=\"wp-block-table\"><table class=\"has-fixed-layout\"><thead><tr><th>Dato<\/th><th>Detalle<\/th><\/tr><\/thead><tbody><tr><td>Altitud m\u00e1xima<\/td><td>4.450 m s. n. m. (paso de Ipsaycocha, seg\u00fan el itinerario) <\/td><\/tr><tr><td>Duraci\u00f3n<\/td><td>3 o 4 d\u00edas (2 o 3 noches)<\/td><\/tr><tr><td>Distancia<\/td><td>30\u201340 km aproximadamente, seg\u00fan itinerario<\/td><\/tr><tr><td>Dificultad<\/td><td>Moderada a exigente; depende sobre todo de la aclimataci\u00f3n<\/td><\/tr><tr><td>Punto de partida<\/td><td>Calca o el pueblo de Lares, seg\u00fan la versi\u00f3n de la ruta <\/td><\/tr><tr><td>Clima<\/td><td>Fr\u00edo y seco; m\u00ednimas nocturnas que pueden bajar a \u22125 \u00b0C<\/td><\/tr><tr><td>Alojamiento<\/td><td>Campamento en carpa (o alojamiento comunitario seg\u00fan itinerario)<\/td><\/tr><tr><td>Permisos<\/td><td>No requiere el permiso limitado y nominativo del Camino Inca; s\u00ed ticket de ingreso a Machu Picchu<\/td><\/tr><tr><td>Final de ruta<\/td><td>Machu Picchu, con ingreso cl\u00e1sico desde Aguas Calientes<\/td><\/tr><\/tbody><\/table><\/figure>\n\n\n\n<h2 class=\"wp-block-heading\">Itinerarios: 3 d\u00edas o 4 d\u00edas<\/h2>\n\n\n\n<p class=\"wp-block-paragraph\">La <strong>versi\u00f3n de 4 d\u00edas<\/strong> es la m\u00e1s completa y la que mejor representa el esp\u00edritu de la ruta: tres jornadas de caminata efectiva, dos pasos de monta\u00f1a en la mayor\u00eda de variantes, m\u00e1s tiempo en las comunidades y una noche final en Aguas Calientes antes de subir a Machu Picchu con calma. Es la que recomendamos si tu objetivo es la parte cultural y no solo llegar. Si quieres el desglose jornada por jornada, con desniveles, horarios y campamentos, lo tienes en la <a href=\"\/es\/blog\/trek-de-lares-4-dias-guia\/\">gu\u00eda del trek de Lares de 4 d\u00edas<\/a>.<\/p>\n\n\n\n<p class=\"wp-block-paragraph\">La <strong>versi\u00f3n de 3 d\u00edas<\/strong> comprime el recorrido: menos kil\u00f3metros de caminata, un paso alto en lugar de dos y menos tiempo de convivencia con las comunidades. Funciona bien si vas justo de d\u00edas en Cusco o si prefieres una primera experiencia de altura m\u00e1s contenida, pero sacrifica precisamente aquello que hace especial al valle.<\/p>\n\n\n\n<p class=\"wp-block-paragraph\">En Local Trekkers Peru operamos ambas: puedes ver el detalle de nuestro <a href=\"\/es\/camino-lares-a-machu-picchu-4-dias-y-3-noches\/\">Lares Trek de 4 d\u00edas y 3 noches<\/a> o el de la <a href=\"\/es\/lares-trek-camino-inca-a-machu-picchu-3-dias-2-noches\/\">ruta corta de Lares en 3 d\u00edas y 2 noches<\/a>, con las fechas de salida y las condiciones de cada uno. <\/p>\n\n\n\n<h2 class=\"wp-block-heading\">La ruta d\u00eda a d\u00eda (resumen)<\/h2>\n\n\n\n<p class=\"wp-block-paragraph\"><strong>D\u00eda 1.<\/strong> Salida temprano desde Cusco por el Valle Sagrado hacia el punto de inicio. Primer contacto con el valle, caminata de aclimataci\u00f3n y llegada al primer campamento, ya en zona de pastoreo por encima de los 3.800 m.<\/p>\n\n\n\n<p class=\"wp-block-paragraph\"><strong>D\u00eda 2.<\/strong> La jornada exigente. Ascenso al paso m\u00e1s alto de la ruta, con vistas de lagunas glaciares como Ipsaycocha y Aruraycocha, y descenso al siguiente valle. Es el d\u00eda que decide la experiencia f\u00edsica de todo el trek.<\/p>\n\n\n\n<p class=\"wp-block-paragraph\"><strong>D\u00eda 3.<\/strong> Descenso progresivo hacia el Valle Sagrado, cierre de la parte de caminata y traslado a Ollantaytambo para tomar el tren a Aguas Calientes.<\/p>\n\n\n\n<p class=\"wp-block-paragraph\"><strong>D\u00eda 4.<\/strong> Visita guiada a Machu Picchu por la ma\u00f1ana y regreso a Cusco en tren y transporte terrestre.<\/p>\n\n\n\n<p class=\"wp-block-paragraph\">Este es el esqueleto: las comunidades concretas, los campamentos y los horarios cambian seg\u00fan la variante. El desarrollo completo, con perfil de altitud y qu\u00e9 esperar en cada tramo, est\u00e1 en la <a href=\"\/es\/blog\/trek-de-lares-4-dias-guia\/\">gu\u00eda d\u00eda a d\u00eda del Lares de 4 d\u00edas<\/a>. <\/p>\n\n\n\n<h2 class=\"wp-block-heading\">Las comunidades del Valle de Lares<\/h2>\n\n\n\n<p class=\"wp-block-paragraph\">Aqu\u00ed est\u00e1 la raz\u00f3n de ser de esta ruta. El Valle de Lares concentra comunidades quechuahablantes que viven a m\u00e1s de 3.800 metros del pastoreo de alpacas y llamas, de la agricultura de altura papa (nativa, oca, olluco) y del tejido. No son comunidades montadas para el turismo: son asentamientos donde la econom\u00eda tradicional sigue funcionando y donde el paso de un grupo de caminantes es un episodio menor en el d\u00eda.<\/p>\n\n\n\n<p class=\"wp-block-paragraph\">El tejido es lo que m\u00e1s impresiona a la mayor\u00eda de viajeros. Las mujeres del valle hilan, ti\u00f1en con plantas, minerales y cochinilla, y tejen en telar de cintura piezas cuyos patrones identifican a cada comunidad. Un poncho puede llevar meses de trabajo. Ver el proceso completo del vell\u00f3n al color, del color a la pieza explica mejor la cultura andina que cualquier museo de Cusco.<\/p>\n\n\n\n<p class=\"wp-block-paragraph\">La lengua es el otro marcador. En muchas de estas casas el castellano es la segunda lengua y se aprende en la escuela; el quechua es lo que se habla en el fog\u00f3n. Aprender cuatro palabras antes de ir (<em>allillanchu<\/em>, <em>sulpayki<\/em>) cambia por completo la calidad del encuentro, aunque el gu\u00eda traduzca.<\/p>\n\n\n\n<p class=\"wp-block-paragraph\">Y hay una forma correcta de estar ah\u00ed. No fotografiar sin pedir permiso, no repartir dulces ni dinero a los ni\u00f1os \u2014alimenta la mendicidad y desincentiva la escuela\u2014, comprar tejido directamente y pagarlo sin regatear a la baja, y entrar en las casas solo si te invitan. C\u00f3mo funciona la reciprocidad andina, qu\u00e9 comunidades hay en el valle y c\u00f3mo prepararte para la visita lo desarrollamos en el art\u00edculo sobre <a href=\"\/es\/blog\/comunidades-lares-trek\/\">las comunidades del Valle de Lares<\/a>.<\/p>\n\n\n\n<h2 class=\"wp-block-heading\">Las aguas termales de Lares<\/h2>\n\n\n\n<p class=\"wp-block-paragraph\">El pueblo de Lares tiene pozas de agua termal de origen volc\u00e1nico que dan nombre a toda la zona. Seg\u00fan el itinerario, la parada se hace al inicio del trek como cierre del primer d\u00eda de traslado, o al final, como recompensa despu\u00e9s de tres jornadas de fr\u00edo.<\/p>\n\n\n\n<p class=\"wp-block-paragraph\">Son pozas r\u00fasticas, con temperaturas que var\u00edan de una a otra, m\u00e1s cerca del ba\u00f1o local que del spa. Esa es justamente la gracia: es donde la gente del valle se ba\u00f1a. Llevar toalla y sandalias es imprescindible, y conviene no meterse reci\u00e9n llegado a la altura ni con s\u00edntomas de soroche.<\/p>\n\n\n\n<p class=\"wp-block-paragraph\">Qu\u00e9 esperar de las instalaciones, horarios, precio de ingreso y en qu\u00e9 momento del trek conviene m\u00e1s pararse lo explicamos en la gu\u00eda de <a href=\"\/es\/blog\/aguas-termales-lares-comienzo-trekking\/\">las aguas termales de Lares como inicio del trekking<\/a>.<\/p>\n\n\n\n<h2 class=\"wp-block-heading\">Dificultad y preparaci\u00f3n f\u00edsica<\/h2>\n\n\n\n<p class=\"wp-block-paragraph\">El Lares Trek es moderado a exigente. No son extremas, entre 10 y 15 km seg\u00fan la jornada, pero se caminan por encima de los 3.800 m, con un paso principal que supera los 4.400 y desniveles positivos de varios cientos de metros en un solo tramo. Quien llega entrenado a caminar 5 o 6 horas seguidas con mochila ligera lo disfruta; quien llega sin haber caminado nunca en altura, sufre.<\/p>\n\n\n\n<p class=\"wp-block-paragraph\">El factor decisivo no es el estado f\u00edsico, es la aclimataci\u00f3n. Dos d\u00edas completos en Cusco antes de empezar es el m\u00ednimo razonable, y tres son mejores. Ese tiempo no se recupera despu\u00e9s: si empiezas el trek con dolor de cabeza y sin dormir, el paso alto del segundo d\u00eda se convierte en un problema. C\u00f3mo aclimatarte bien, qu\u00e9 s\u00edntomas vigilar y cu\u00e1ndo hay que bajar est\u00e1 en nuestra <a href=\"\/es\/blog\/como-superar-el-mal-de-altura-en-cusco-guia-para-viajeros-responsables\/\">gu\u00eda para superar el mal de altura en Cusco<\/a>.<\/p>\n\n\n\n<p class=\"wp-block-paragraph\">La preparaci\u00f3n previa ideal son unas semanas de caminatas largas con desnivel y algo de trabajo cardiovascular. No hace falta ser corredor: hace falta estar acostumbrado a andar muchas horas seguidas.<\/p>\n\n\n\n<figure class=\"wp-block-gallery has-nested-images columns-default is-cropped wp-block-gallery-2 is-layout-flex wp-block-gallery-is-layout-flex\">\n<figure class=\"wp-block-image size-large\"><img loading=\"lazy\" decoding=\"async\" width=\"1024\" height=\"682\" data-id=\"1019\" src=\"https:\/\/localtrekkersperu.com\/wp-content\/uploads\/2024\/09\/Lares-Inca-Trail-4days-2-1024x682.webp\" alt=\"\" class=\"wp-image-1019\" srcset=\"https:\/\/localtrekkersperu.com\/wp-content\/uploads\/2024\/09\/Lares-Inca-Trail-4days-2-1024x682.webp 1024w, https:\/\/localtrekkersperu.com\/wp-content\/uploads\/2024\/09\/Lares-Inca-Trail-4days-2-300x200.webp 300w, https:\/\/localtrekkersperu.com\/wp-content\/uploads\/2024\/09\/Lares-Inca-Trail-4days-2-768x512.webp 768w, https:\/\/localtrekkersperu.com\/wp-content\/uploads\/2024\/09\/Lares-Inca-Trail-4days-2-1536x1024.webp 1536w, https:\/\/localtrekkersperu.com\/wp-content\/uploads\/2024\/09\/Lares-Inca-Trail-4days-2-1500x1000.webp 1500w, https:\/\/localtrekkersperu.com\/wp-content\/uploads\/2024\/09\/Lares-Inca-Trail-4days-2.webp 2000w\" sizes=\"auto, (max-width: 1024px) 100vw, 1024px\" \/><figcaption class=\"wp-element-caption\">Lares Trek<\/figcaption><\/figure>\n\n\n\n<figure class=\"wp-block-image size-large\"><img loading=\"lazy\" decoding=\"async\" width=\"1024\" height=\"576\" data-id=\"1195\" src=\"https:\/\/localtrekkersperu.com\/wp-content\/uploads\/2024\/09\/Lares-Trek-3days-1-1024x576.webp\" alt=\"\" class=\"wp-image-1195\" srcset=\"https:\/\/localtrekkersperu.com\/wp-content\/uploads\/2024\/09\/Lares-Trek-3days-1-1024x576.webp 1024w, https:\/\/localtrekkersperu.com\/wp-content\/uploads\/2024\/09\/Lares-Trek-3days-1-300x169.webp 300w, https:\/\/localtrekkersperu.com\/wp-content\/uploads\/2024\/09\/Lares-Trek-3days-1-768x432.webp 768w, https:\/\/localtrekkersperu.com\/wp-content\/uploads\/2024\/09\/Lares-Trek-3days-1-1536x864.webp 1536w, https:\/\/localtrekkersperu.com\/wp-content\/uploads\/2024\/09\/Lares-Trek-3days-1.webp 1920w\" sizes=\"auto, (max-width: 1024px) 100vw, 1024px\" \/><figcaption class=\"wp-element-caption\">Machu Picchu<\/figcaption><\/figure>\n<\/figure>\n\n\n\n<h2 class=\"wp-block-heading\">Mejor \u00e9poca para hacer el Lares Trek<\/h2>\n\n\n\n<p class=\"wp-block-paragraph\">La temporada seca, de <strong>abril a octubre<\/strong>, es la mejor ventana: cielos despejados, terreno firme y noches muy fr\u00edas pero estables. Mayo, junio y julio dan los d\u00edas m\u00e1s limpios y tambi\u00e9n las m\u00ednimas m\u00e1s bajas. Abril y octubre son meses de transici\u00f3n con paisaje todav\u00eda verde y menos gente.<\/p>\n\n\n\n<p class=\"wp-block-paragraph\">La temporada de lluvias va de <strong>noviembre a marzo<\/strong>. No es imposible: el Lares no cierra, a diferencia del Camino Inca en<br>febrero. Pero el barro, la niebla en los pasos y las tardes de tormenta cambian la experiencia. Si viajas en esas fechas con buen equipo impermeable, ganas un valle verde y pr\u00e1cticamente vac\u00edo.<\/p>\n\n\n\n<p class=\"wp-block-paragraph\">Para las temporadas 2026 y 2027 la recomendaci\u00f3n se mantiene: reserva la ventana de mayo a septiembre con antelaci\u00f3n y deja los hombros del a\u00f1o (abril, octubre) si buscas m\u00e1s tranquilidad. Los patrones de lluvia y temperatura de la regi\u00f3n los detallamos en la <a href=\"\/es\/blog\/clima-en-cusco-guia-completa-por-estaciones-zonas-y-consejos-practicos\/\">gu\u00eda del clima en Cusco por estaciones<\/a>. <\/p>\n\n\n\n<h2 class=\"wp-block-heading\">Qu\u00e9 llevar<\/h2>\n\n\n\n<p class=\"wp-block-paragraph\">Lo esencial, en corto:<\/p>\n\n\n\n<ul class=\"wp-block-list\">\n<li><strong>Capas t\u00e9rmicas y cortavientos<\/strong>: la diferencia entre el sol del mediod\u00eda y la noche puede superar los 25 \u00b0C.<\/li>\n\n\n\n<li><strong>Saco de dormir para \u221210 \u00b0C<\/strong> (comprueba si va incluido o se alquila).<\/li>\n\n\n\n<li><strong>Calzado impermeable de ca\u00f1a media<\/strong>, ya domado antes del viaje.<\/li>\n\n\n\n<li><strong>Bastones de trekking<\/strong>, muy \u00fatiles en el descenso del paso alto.<\/li>\n\n\n\n<li><strong>Protecci\u00f3n solar fuerte<\/strong>: bloqueador, gorro, gafas y labial con filtro.<\/li>\n\n\n\n<li><strong>Guantes y gorro de lana<\/strong> para el paso y para dormir.<\/li>\n\n\n\n<li><strong>Botella reutilizable y pastillas potabilizadoras<\/strong>.<\/li>\n\n\n\n<li><strong>Snacks energ\u00e9ticos, frontal y botiqu\u00edn b\u00e1sico<\/strong> con lo tuyo personal.<\/li>\n<\/ul>\n\n\n\n<p class=\"wp-block-paragraph\">La lista completa \u2014con pesos, qu\u00e9 va en la mochila del d\u00eda y qu\u00e9 en la duffel, y qu\u00e9 se puede alquilar en Cusco\u2014 est\u00e1 en la gu\u00eda de <a href=\"\/es\/blog\/lista-equipaje-lares-trek-4-dias\/\">qu\u00e9 meter en la mochila para el Lares de 4 d\u00edas<\/a>. <\/p>\n\n\n\n<h2 class=\"wp-block-heading\">Lares vs Camino Inca<\/h2>\n\n\n\n<p class=\"wp-block-paragraph\">Es la comparaci\u00f3n que hace casi todo el mundo antes de reservar. La respuesta corta: son dos viajes distintos con el mismo destino.<\/p>\n\n\n\n<figure class=\"wp-block-table\"><table class=\"has-fixed-layout\"><thead><tr><th><\/th><th>Lares Trek<\/th><th>Camino Inca<\/th><\/tr><\/thead><tbody><tr><td><strong>Enfoque<\/strong><\/td><td>Cultura viva: comunidades, tejido, pastoreo<\/td><td>Arqueolog\u00eda: sitios incas en ruta<\/td><\/tr><tr><td><strong>Llegada a Machu Picchu<\/strong><\/td><td>En tren desde Ollantaytambo, ingreso por Aguas Calientes<\/td><td>A pie, por la Puerta del Sol<\/td><\/tr><tr><td><strong>Afluencia<\/strong><\/td><td>Baja; tramos enteros sin cruzarte con nadie<\/td><td>Alta; cupo diario completo en temporada<\/td><\/tr><tr><td><strong>Permisos<\/strong><\/td><td>Sin permiso limitado; reserva flexible<\/td><td>Permiso nominativo, se agota con meses de antelaci\u00f3n<\/td><\/tr><tr><td><strong>Altitud m\u00e1xima<\/strong><\/td><td>~4.450 m <\/td><td>~4.215 m (Warmiwa\u00f1usca)<\/td><\/tr><tr><td><strong>Dificultad<\/strong><\/td><td>Moderada-exigente; m\u00e1s fr\u00edo y m\u00e1s altura<\/td><td>Exigente; m\u00e1s escalones y desnivel acumulado<\/td><\/tr><tr><td><strong>Cierre anual<\/strong><\/td><td>No cierra<\/td><td>Cerrado en febrero<\/td><\/tr><tr><td><strong>Duraci\u00f3n habitual<\/strong><\/td><td>3 o 4 d\u00edas<\/td><td>4 d\u00edas (variante de 2 d\u00edas)<\/td><\/tr><\/tbody><\/table><\/figure>\n\n\n\n<p class=\"wp-block-paragraph\">Elige <strong>Camino Inca<\/strong> si lo que te mueve es pisar la calzada original y entrar a la Ciudadela caminando, y si puedes reservar con cuatro o seis meses de antelaci\u00f3n. Elige <strong>Lares<\/strong> si te interesa m\u00e1s la gente que las piedras, si decides tu viaje con poco margen, si viajas en febrero o si prefieres una ruta silenciosa.<\/p>\n\n\n\n<p class=\"wp-block-paragraph\">adem\u00e1s de estos dos: Salkantay, Inca Jungle y Choquequirao. Cada uno resuelve un perfil de viajero distinto. Puedes ver el panorama completo en nuestra comparativa de <a href=\"\/es\/blog\/rutas-alternativas-machu-picchu\/\">rutas alternativas a Machu Picchu<\/a>, y los detalles del recorrido cl\u00e1sico en la <a href=\"\/es\/blog\/camino-inca\/\">gu\u00eda del Camino Inca<\/a>.<\/p>\n\n\n\n<h2 class=\"wp-block-heading\">Lares vs Salkantay<\/h2>\n\n\n\n<p class=\"wp-block-paragraph\">El Salkantay es el otro gran competidor del Lares, y la diferencia es de paisaje. Salkantay es una ruta de monta\u00f1a de alta gama visual: el nevado de casi 6.300 m, el paso de 4.630 m, el descenso hacia la ceja de selva con vegetaci\u00f3n tropical. Es m\u00e1s largo, m\u00e1s duro y con mayor variedad de ecosistemas.<\/p>\n\n\n\n<p class=\"wp-block-paragraph\">Lares es m\u00e1s corto, m\u00e1s fr\u00edo por metro caminado y mucho m\u00e1s cultural. Donde Salkantay te da glaciar y selva, Lares te da comunidades y textiles. Si buscas el reto f\u00edsico y la postal de monta\u00f1a, Salkantay; si buscas encuentro humano y tranquilidad, Lares. La comparaci\u00f3n detallada (d\u00edas, desniveles, precios y para qui\u00e9n es cada<br>uno) est\u00e1 en <a href=\"\/es\/blog\/lares-trek-vs-salkantay-trek-comparacion\/\">Lares Trek vs Salkantay Trek<\/a>.<\/p>\n\n\n\n<h2 class=\"wp-block-heading\">Preguntas frecuentes<\/h2>\n\n\n\n<p class=\"wp-block-paragraph\"><strong>\u00bfNecesito permiso para hacer el Lares Trek?<\/strong> No. A diferencia del Camino Inca, la ruta de Lares no tiene cupo diario ni permiso nominativo. Solo necesitas el ticket de ingreso a Machu Picchu, que s\u00ed conviene reservar con antelaci\u00f3n en temporada alta.<\/p>\n\n\n\n<p class=\"wp-block-paragraph\"><strong>\u00bfCu\u00e1ntos d\u00edas de aclimataci\u00f3n necesito antes?<\/strong> Dos d\u00edas completos en Cusco como m\u00ednimo, tres si vienes desde el nivel del mar. Es la variable que m\u00e1s influye en c\u00f3mo te sientas en el paso alto.<\/p>\n\n\n\n<p class=\"wp-block-paragraph\"><strong>\u00bfPuedo hacer el Lares Trek sin experiencia previa en monta\u00f1a?<\/strong> S\u00ed, si caminas con regularidad y llegas aclimatado. No es una ruta t\u00e9cnica: no hay pasos expuestos ni material especial. Lo duro es la altitud, no el terreno.<\/p>\n\n\n\n<p class=\"wp-block-paragraph\"><strong>\u00bfHace mucho fr\u00edo por la noche?<\/strong> S\u00ed. En temporada seca las m\u00ednimas pueden llegar a \u22125 \u00b0C en los campamentos altos. Con saco adecuado y ropa t\u00e9rmica seca para dormir se pasa bien.<\/p>\n\n\n\n<p class=\"wp-block-paragraph\"><strong>\u00bfSe puede hacer con ni\u00f1os?<\/strong> La versi\u00f3n de 3 d\u00edas es viable con adolescentes o ni\u00f1os acostumbrados a caminar, siempre con aclimataci\u00f3n previa.<\/p>\n\n\n\n<p class=\"wp-block-paragraph\"><strong>\u00bfSe llega a Machu Picchu caminando?<\/strong> No. El trek termina en el Valle Sagrado y se contin\u00faa en tren hasta Aguas Calientes. La visita a la Ciudadela es al d\u00eda siguiente, con gu\u00eda y circuito asignado.<\/p>\n\n\n\n<p class=\"wp-block-paragraph\"><strong>\u00bfQu\u00e9 pasa si me afecta la altura durante la ruta?<\/strong> El equipo lleva ox\u00edgeno y botiqu\u00edn, y la evacuaci\u00f3n se hace descendiendo. Por eso importa contratar con una agencia formal con protocolo de emergencia.<\/p>\n\n\n\n<h2 class=\"wp-block-heading\">\u00bfVale la pena el Lares Trek?<\/h2>\n\n\n\n<p class=\"wp-block-paragraph\">Si lo que buscas es una ruta hacia Machu Picchu donde el camino importe tanto como el destino, s\u00ed. El Lares Trek es una de las pocas caminatas de Cusco donde el paisaje viene con gente dentro: pastores, tejedoras, ni\u00f1os que van a la escuela cruzando un paso de 4.000 metros. Eso no se replica.<\/p>\n\n\n\n<p class=\"wp-block-paragraph\">En Local Trekkers Peru somos una agencia local de Cusco y operamos esta ruta con equipo propio. Si quieres hacerla bien acompa\u00f1ado, mira las fechas y condiciones de nuestro <a href=\"\/es\/camino-lares-a-machu-picchu-4-dias-y-3-noches\/\">Lares Trek de 4 d\u00edas y 3 noches<\/a> y escr\u00edbenos: te decimos con honestidad si es la ruta que encaja contigo.<\/p>\n\n\n\n<p class=\"wp-block-paragraph\"><\/p>\n","protected":false},"author":4,"featured_media":1203,"template":"","meta":{"_acf_changed":false,"advgb_blocks_editor_width":"","advgb_blocks_columns_visual_guide":""},"tip":[],"class_list":["post-10473","blog","type-blog","status-publish","has-post-thumbnail","hentry"],"acf":[],"yoast_head":"<!-- This site is optimized with the Yoast SEO plugin v28.3 - https:\/\/yoast.com\/product\/yoast-seo-wordpress\/ -->\n<title>Lares Trek: gu\u00eda completa de la ruta cultural a Machu Picchu<\/title>\n<meta name=\"description\" content=\"Gu\u00eda completa del Lares Trek: itinerarios de 3 y 4 d\u00edas, dificultad, mejor \u00e9poca, qu\u00e9 llevar y comparaci\u00f3n con el Camino Inca a Machu Picchu\" \/>\n<meta name=\"robots\" content=\"index, follow, max-snippet:-1, max-image-preview:large, max-video-preview:-1\" \/>\n<link rel=\"canonical\" href=\"https:\/\/localtrekkersperu.com\/es\/blog\/lares-trek-ruta-cultural-a-machu-picchu\/\" \/>\n<meta property=\"og:locale\" content=\"es_ES\" \/>\n<meta property=\"og:type\" content=\"article\" \/>\n<meta property=\"og:title\" content=\"Lares Trek: gu\u00eda completa de la ruta cultural a Machu Picchu\" \/>\n<meta property=\"og:description\" content=\"Gu\u00eda completa del Lares Trek: itinerarios de 3 y 4 d\u00edas, dificultad, mejor \u00e9poca, qu\u00e9 llevar y comparaci\u00f3n con el Camino Inca a Machu Picchu\" \/>\n<meta property=\"og:url\" content=\"https:\/\/localtrekkersperu.com\/es\/blog\/lares-trek-ruta-cultural-a-machu-picchu\/\" \/>\n<meta property=\"og:site_name\" content=\"Local Trekkers Peru\" \/>\n<meta property=\"article:modified_time\" content=\"2026-08-03T22:27:28+00:00\" \/>\n<meta property=\"og:image\" content=\"https:\/\/localtrekkersperu.com\/wp-content\/uploads\/2024\/09\/Lares-Trek-4days-2.webp\" \/>\n\t<meta property=\"og:image:width\" content=\"2000\" \/>\n\t<meta property=\"og:image:height\" content=\"1333\" \/>\n\t<meta property=\"og:image:type\" content=\"image\/webp\" \/>\n<meta name=\"twitter:card\" content=\"summary_large_image\" \/>\n<meta name=\"twitter:label1\" content=\"Tiempo de lectura\" \/>\n\t<meta name=\"twitter:data1\" content=\"12 minutos\" \/>\n<script type=\"application\/ld+json\" class=\"yoast-schema-graph\">{\"@context\":\"https:\\\/\\\/schema.org\",\"@graph\":[{\"@type\":\"WebPage\",\"@id\":\"https:\\\/\\\/localtrekkersperu.com\\\/es\\\/blog\\\/lares-trek-ruta-cultural-a-machu-picchu\\\/\",\"url\":\"https:\\\/\\\/localtrekkersperu.com\\\/es\\\/blog\\\/lares-trek-ruta-cultural-a-machu-picchu\\\/\",\"name\":\"Lares Trek: gu\u00eda completa de la ruta cultural a Machu Picchu\",\"isPartOf\":{\"@id\":\"https:\\\/\\\/localtrekkersperu.com\\\/#website\"},\"primaryImageOfPage\":{\"@id\":\"https:\\\/\\\/localtrekkersperu.com\\\/es\\\/blog\\\/lares-trek-ruta-cultural-a-machu-picchu\\\/#primaryimage\"},\"image\":{\"@id\":\"https:\\\/\\\/localtrekkersperu.com\\\/es\\\/blog\\\/lares-trek-ruta-cultural-a-machu-picchu\\\/#primaryimage\"},\"thumbnailUrl\":\"https:\\\/\\\/localtrekkersperu.com\\\/wp-content\\\/uploads\\\/2024\\\/09\\\/Lares-Trek-4days-2.webp\",\"datePublished\":\"2025-12-10T16:05:03+00:00\",\"dateModified\":\"2026-08-03T22:27:28+00:00\",\"description\":\"Gu\u00eda completa del Lares Trek: itinerarios de 3 y 4 d\u00edas, dificultad, mejor \u00e9poca, qu\u00e9 llevar y comparaci\u00f3n con el Camino Inca a Machu Picchu\",\"breadcrumb\":{\"@id\":\"https:\\\/\\\/localtrekkersperu.com\\\/es\\\/blog\\\/lares-trek-ruta-cultural-a-machu-picchu\\\/#breadcrumb\"},\"inLanguage\":\"es\",\"potentialAction\":[{\"@type\":\"ReadAction\",\"target\":[\"https:\\\/\\\/localtrekkersperu.com\\\/es\\\/blog\\\/lares-trek-ruta-cultural-a-machu-picchu\\\/\"]}]},{\"@type\":\"ImageObject\",\"inLanguage\":\"es\",\"@id\":\"https:\\\/\\\/localtrekkersperu.com\\\/es\\\/blog\\\/lares-trek-ruta-cultural-a-machu-picchu\\\/#primaryimage\",\"url\":\"https:\\\/\\\/localtrekkersperu.com\\\/wp-content\\\/uploads\\\/2024\\\/09\\\/Lares-Trek-4days-2.webp\",\"contentUrl\":\"https:\\\/\\\/localtrekkersperu.com\\\/wp-content\\\/uploads\\\/2024\\\/09\\\/Lares-Trek-4days-2.webp\",\"width\":2000,\"height\":1333,\"caption\":\"Punto destacado en el \\\"Lares Trek\\\", una popular ruta alternativa de senderismo que conduce a Machu Picchu\"},{\"@type\":\"BreadcrumbList\",\"@id\":\"https:\\\/\\\/localtrekkersperu.com\\\/es\\\/blog\\\/lares-trek-ruta-cultural-a-machu-picchu\\\/#breadcrumb\",\"itemListElement\":[{\"@type\":\"ListItem\",\"position\":1,\"name\":\"Home\",\"item\":\"https:\\\/\\\/localtrekkersperu.com\\\/es\\\/\"},{\"@type\":\"ListItem\",\"position\":2,\"name\":\"Blogs\",\"item\":\"https:\\\/\\\/localtrekkersperu.com\\\/blog\\\/\"},{\"@type\":\"ListItem\",\"position\":3,\"name\":\"Lares Trek: La ruta cultural alternativa a Machu Picchu\"}]},{\"@type\":\"WebSite\",\"@id\":\"https:\\\/\\\/localtrekkersperu.com\\\/#website\",\"url\":\"https:\\\/\\\/localtrekkersperu.com\\\/\",\"name\":\"Local Trekkers Peru\",\"description\":\"\",\"publisher\":{\"@id\":\"https:\\\/\\\/localtrekkersperu.com\\\/#organization\"},\"potentialAction\":[{\"@type\":\"SearchAction\",\"target\":{\"@type\":\"EntryPoint\",\"urlTemplate\":\"https:\\\/\\\/localtrekkersperu.com\\\/?s={search_term_string}\"},\"query-input\":{\"@type\":\"PropertyValueSpecification\",\"valueRequired\":true,\"valueName\":\"search_term_string\"}}],\"inLanguage\":\"es\"},{\"@type\":\"Organization\",\"@id\":\"https:\\\/\\\/localtrekkersperu.com\\\/#organization\",\"name\":\"Local Trekkers Peru\",\"url\":\"https:\\\/\\\/localtrekkersperu.com\\\/\",\"logo\":{\"@type\":\"ImageObject\",\"inLanguage\":\"es\",\"@id\":\"https:\\\/\\\/localtrekkersperu.com\\\/#\\\/schema\\\/logo\\\/image\\\/\",\"url\":\"https:\\\/\\\/localtrekkersperu.com\\\/wp-content\\\/uploads\\\/2024\\\/08\\\/logo.png\",\"contentUrl\":\"https:\\\/\\\/localtrekkersperu.com\\\/wp-content\\\/uploads\\\/2024\\\/08\\\/logo.png\",\"width\":411,\"height\":122,\"caption\":\"Local Trekkers Peru\"},\"image\":{\"@id\":\"https:\\\/\\\/localtrekkersperu.com\\\/#\\\/schema\\\/logo\\\/image\\\/\"}}]}<\/script>\n<!-- \/ Yoast SEO plugin. -->","yoast_head_json":{"title":"Lares Trek: gu\u00eda completa de la ruta cultural a Machu Picchu","description":"Gu\u00eda completa del Lares Trek: itinerarios de 3 y 4 d\u00edas, dificultad, mejor \u00e9poca, qu\u00e9 llevar y comparaci\u00f3n con el Camino Inca a Machu Picchu","robots":{"index":"index","follow":"follow","max-snippet":"max-snippet:-1","max-image-preview":"max-image-preview:large","max-video-preview":"max-video-preview:-1"},"canonical":"https:\/\/localtrekkersperu.com\/es\/blog\/lares-trek-ruta-cultural-a-machu-picchu\/","og_locale":"es_ES","og_type":"article","og_title":"Lares Trek: gu\u00eda completa de la ruta cultural a Machu Picchu","og_description":"Gu\u00eda completa del Lares Trek: itinerarios de 3 y 4 d\u00edas, dificultad, mejor \u00e9poca, qu\u00e9 llevar y comparaci\u00f3n con el Camino Inca a Machu Picchu","og_url":"https:\/\/localtrekkersperu.com\/es\/blog\/lares-trek-ruta-cultural-a-machu-picchu\/","og_site_name":"Local Trekkers Peru","article_modified_time":"2026-08-03T22:27:28+00:00","og_image":[{"width":2000,"height":1333,"url":"https:\/\/localtrekkersperu.com\/wp-content\/uploads\/2024\/09\/Lares-Trek-4days-2.webp","type":"image\/webp"}],"twitter_card":"summary_large_image","twitter_misc":{"Tiempo de lectura":"12 minutos"},"schema":{"@context":"https:\/\/schema.org","@graph":[{"@type":"WebPage","@id":"https:\/\/localtrekkersperu.com\/es\/blog\/lares-trek-ruta-cultural-a-machu-picchu\/","url":"https:\/\/localtrekkersperu.com\/es\/blog\/lares-trek-ruta-cultural-a-machu-picchu\/","name":"Lares Trek: gu\u00eda completa de la ruta cultural a Machu Picchu","isPartOf":{"@id":"https:\/\/localtrekkersperu.com\/#website"},"primaryImageOfPage":{"@id":"https:\/\/localtrekkersperu.com\/es\/blog\/lares-trek-ruta-cultural-a-machu-picchu\/#primaryimage"},"image":{"@id":"https:\/\/localtrekkersperu.com\/es\/blog\/lares-trek-ruta-cultural-a-machu-picchu\/#primaryimage"},"thumbnailUrl":"https:\/\/localtrekkersperu.com\/wp-content\/uploads\/2024\/09\/Lares-Trek-4days-2.webp","datePublished":"2025-12-10T16:05:03+00:00","dateModified":"2026-08-03T22:27:28+00:00","description":"Gu\u00eda completa del Lares Trek: itinerarios de 3 y 4 d\u00edas, dificultad, mejor \u00e9poca, qu\u00e9 llevar y comparaci\u00f3n con el Camino Inca a Machu Picchu","breadcrumb":{"@id":"https:\/\/localtrekkersperu.com\/es\/blog\/lares-trek-ruta-cultural-a-machu-picchu\/#breadcrumb"},"inLanguage":"es","potentialAction":[{"@type":"ReadAction","target":["https:\/\/localtrekkersperu.com\/es\/blog\/lares-trek-ruta-cultural-a-machu-picchu\/"]}]},{"@type":"ImageObject","inLanguage":"es","@id":"https:\/\/localtrekkersperu.com\/es\/blog\/lares-trek-ruta-cultural-a-machu-picchu\/#primaryimage","url":"https:\/\/localtrekkersperu.com\/wp-content\/uploads\/2024\/09\/Lares-Trek-4days-2.webp","contentUrl":"https:\/\/localtrekkersperu.com\/wp-content\/uploads\/2024\/09\/Lares-Trek-4days-2.webp","width":2000,"height":1333,"caption":"Punto destacado en el \"Lares Trek\", una popular ruta alternativa de senderismo que conduce a Machu Picchu"},{"@type":"BreadcrumbList","@id":"https:\/\/localtrekkersperu.com\/es\/blog\/lares-trek-ruta-cultural-a-machu-picchu\/#breadcrumb","itemListElement":[{"@type":"ListItem","position":1,"name":"Home","item":"https:\/\/localtrekkersperu.com\/es\/"},{"@type":"ListItem","position":2,"name":"Blogs","item":"https:\/\/localtrekkersperu.com\/blog\/"},{"@type":"ListItem","position":3,"name":"Lares Trek: La ruta cultural alternativa a Machu Picchu"}]},{"@type":"WebSite","@id":"https:\/\/localtrekkersperu.com\/#website","url":"https:\/\/localtrekkersperu.com\/","name":"Local Trekkers Peru","description":"","publisher":{"@id":"https:\/\/localtrekkersperu.com\/#organization"},"potentialAction":[{"@type":"SearchAction","target":{"@type":"EntryPoint","urlTemplate":"https:\/\/localtrekkersperu.com\/?s={search_term_string}"},"query-input":{"@type":"PropertyValueSpecification","valueRequired":true,"valueName":"search_term_string"}}],"inLanguage":"es"},{"@type":"Organization","@id":"https:\/\/localtrekkersperu.com\/#organization","name":"Local Trekkers Peru","url":"https:\/\/localtrekkersperu.com\/","logo":{"@type":"ImageObject","inLanguage":"es","@id":"https:\/\/localtrekkersperu.com\/#\/schema\/logo\/image\/","url":"https:\/\/localtrekkersperu.com\/wp-content\/uploads\/2024\/08\/logo.png","contentUrl":"https:\/\/localtrekkersperu.com\/wp-content\/uploads\/2024\/08\/logo.png","width":411,"height":122,"caption":"Local Trekkers Peru"},"image":{"@id":"https:\/\/localtrekkersperu.com\/#\/schema\/logo\/image\/"}}]}},"featured_img":"https:\/\/localtrekkersperu.com\/wp-content\/uploads\/2024\/09\/Lares-Trek-4days-2.webp","coauthors":[],"author_meta":{"author_link":"https:\/\/localtrekkersperu.com\/es\/author\/editor_seo\/","display_name":"editor_seo"},"relative_dates":{"created":"Publicado 9 meses hace","modified":"Actualizado 1 mes hace"},"absolute_dates":{"created":"Publicado el diciembre 10, 2025","modified":"Actualizado el agosto 3, 2026"},"absolute_dates_time":{"created":"Publicado el diciembre 10, 2025 4:05 pm","modified":"Actualizado el agosto 3, 2026 10:27 pm"},"featured_img_caption":"Punto destacado en el \"Lares Trek\", una popular ruta alternativa de senderismo que conduce a Machu Picchu","tax_additional":{"tip":{"linked":[],"unlinked":[],"slug":"tip","name":"Tips"},"translation_priority":{"linked":["<a href=\"https:\/\/localtrekkersperu.com\/?taxonomy=translation_priority&#038;term=optional\" class=\"advgb-post-tax-term\">Optional<\/a>"],"unlinked":["<span class=\"advgb-post-tax-term\">Optional<\/span>"],"slug":"translation_priority","name":"Prioridades de traducci\u00f3n"}},"series_order":"","_links":{"self":[{"href":"https:\/\/localtrekkersperu.com\/es\/wp-json\/wp\/v2\/blog\/10473","targetHints":{"allow":["GET"]}}],"collection":[{"href":"https:\/\/localtrekkersperu.com\/es\/wp-json\/wp\/v2\/blog"}],"about":[{"href":"https:\/\/localtrekkersperu.com\/es\/wp-json\/wp\/v2\/types\/blog"}],"wp:featuredmedia":[{"embeddable":true,"href":"https:\/\/localtrekkersperu.com\/es\/wp-json\/wp\/v2\/media\/1203"}],"wp:attachment":[{"href":"https:\/\/localtrekkersperu.com\/es\/wp-json\/wp\/v2\/media?parent=10473"}],"wp:term":[{"taxonomy":"tip","embeddable":true,"href":"https:\/\/localtrekkersperu.com\/es\/wp-json\/wp\/v2\/tip?post=10473"}],"curies":[{"name":"wp","href":"https:\/\/api.w.org\/{rel}","templated":true}]}}